{"id":52634,"date":"2023-05-16T13:00:00","date_gmt":"2023-05-16T16:00:00","guid":{"rendered":"https:\/\/blogopara.com.br\/?p=52634"},"modified":"2023-05-15T21:47:43","modified_gmt":"2023-05-16T00:47:43","slug":"gestao-suzana-ramos-realiza-2a-edicao-do-santo-antonio-das-tradicoes-de-9-a-11-de-junho","status":"publish","type":"post","link":"https:\/\/blogopara.com.br\/index.php\/2023\/05\/16\/gestao-suzana-ramos-realiza-2a-edicao-do-santo-antonio-das-tradicoes-de-9-a-11-de-junho","title":{"rendered":"Gest\u00e3o Suzana Ramos realiza 2\u00aa edi\u00e7\u00e3o do Santo Ant\u00f4nio das Tradi\u00e7\u00f5es de 9 a 11 de junho"},"content":{"rendered":"<p style=\"text-align: justify;\">A Prefeitura de Juazeiro, atrav\u00e9s da Secretaria de Cultura, Turismo e Esportes (Seculte), j\u00e1 est\u00e1 a todo vapor na organiza\u00e7\u00e3o do Santo Ant\u00f4nio das Tradi\u00e7\u00f5es. O festejo junino, resgatado na gest\u00e3o da prefeita Suzana Ramos, valoriza um dos mais importantes per\u00edodos para o nordestino. Este ano, a festa ter\u00e1 como tema: \u201cNa terra de Jo\u00e3o se mant\u00e9m a tradi\u00e7\u00e3o\u201d.<\/p>\n<p style=\"text-align: justify;\">De acordo com a prefeita Suzana Ramos, o festejo, al\u00e9m de valorizar a tradi\u00e7\u00e3o das festas juninas, tamb\u00e9m movimenta a economia da cidade. \u201cAo assumirmos a Prefeitura de Juazeiro resgatamos a realiza\u00e7\u00e3o das festividades juninas no munic\u00edpio, uma das principais e mais tradicional festa da nossa regi\u00e3o. Para este ano estamos trabalhando para realizar mais um Santo Ant\u00f4nio das Tradi\u00e7\u00f5es lindo e com tudo que o nosso povo gosta. O Santo Ant\u00f4nio das Tradi\u00e7\u00f5es j\u00e1 \u00e9 querido pelo juazeirense e tamb\u00e9m pelo turista\u201d, destacou a gestora.<\/p>\n<p style=\"text-align: justify;\">A grade de programa\u00e7\u00e3o j\u00e1 est\u00e1 sendo fechada com artistas de renome nacional e regional. \u201cJ\u00e1 temos alguns artistas confirmados para o Santo Ant\u00f4nio das Tradi\u00e7\u00f5es 2023, mas s\u00f3 iremos divulgar quando estivermos com a programa\u00e7\u00e3o completa. Al\u00e9m da tradicional festa com atra\u00e7\u00f5es renomadas, traremos tamb\u00e9m novidades como a cria\u00e7\u00e3o de um espa\u00e7o para os artes\u00e3os. O Santo Ant\u00f4nio das Tradi\u00e7\u00f5es \u00e9 uma ideia da nossa prefeita Suzana Ramos que, com muita responsabilidade, faz quest\u00e3o de valorizar nossos grandes artistas locais e tudo que envolve o festejo\u201d, destacou o superintendente de Cultura e Turismo da Seculte, Junior Mota.<\/p>\n<p style=\"text-align: justify;\">O Santo Ant\u00f4nio das Tradi\u00e7\u00f5es ser\u00e1 realizado de 9 a 11 de junho, na Orla II de Juazeiro.<\/p>\n<h4 style=\"text-align: justify;\">Concurso de Quadrilhas<\/h4>\n<p style=\"text-align: justify;\">Outro grande atrativo das festividades juninas 2023 em Juazeiro ser\u00e1 a realiza\u00e7\u00e3o da 2\u00aa edi\u00e7\u00e3o do Concurso das Quadrilhas Juninas que ser\u00e1 realizado no dia 08 de junho. Ser\u00e3o escolhidas as tr\u00eas Melhores Quadrilhas Juninas Estilizadas, bem como: Destaque em anima\u00e7\u00e3o, a Melhor Rainha e o Melhor Marcador. A inscri\u00e7\u00e3o \u00e9 gratuita e dever\u00e1 ser feita na Seculte, que fica na Rua Juv\u00eancio Alves, n\u00ba 20, Centro, Juazeiro\/BA, das 8h \u00e0s 14h, ou on-line pelo link (https:\/\/docs.google.com\/forms\/d\/e\/1FAIpQLSfsEpXG8IakLNncw5TsDRU3pEUEAH9UTj3xdXh-Pd9rEEUwfA\/viewform\u00a0), de 15 de maio at\u00e9 o dia 2 de junho.<\/p>\n<p style=\"text-align: justify;\"><em>Fonte: Ascom\/Seculte\/PMJ<\/em><\/p>\n","protected":false},"excerpt":{"rendered":"<p>A Prefeitura de Juazeiro, atrav\u00e9s da Secretaria de Cultura, Turismo e Esportes (Seculte), j\u00e1 est\u00e1 a todo vapor na organiza\u00e7\u00e3o do Santo Ant\u00f4nio das Tradi\u00e7\u00f5es. O festejo junino, resgatado na gest\u00e3o da prefeita Suzana Ramos, valoriza um dos mais importantes per\u00edodos para o nordestino. Este ano, a festa ter\u00e1 como tema: \u201cNa terra de Jo\u00e3o [&hellip;]<\/p>\n","protected":false},"author":1,"featured_media":52630,"comment_status":"closed","ping_status":"open","sticky":false,"template":"","format":"standard","meta":{"_uag_custom_page_level_css":"","_monsterinsights_skip_tracking":false,"_monsterinsights_sitenote_active":false,"_monsterinsights_sitenote_note":"","_monsterinsights_sitenote_category":0,"jetpack_post_was_ever_published":false,"_jetpack_newsletter_access":"","_jetpack_dont_email_post_to_subs":false,"_jetpack_newsletter_tier_id":0,"_jetpack_memberships_contains_paywalled_content":false,"_jetpack_memberships_contains_paid_content":false,"footnotes":"","jetpack_publicize_message":"","jetpack_publicize_feature_enabled":true,"jetpack_social_post_already_shared":true,"jetpack_social_options":{"image_generator_settings":{"template":"highway","default_image_id":0,"font":"","enabled":false},"version":2}},"categories":[1784,203],"tags":[143,340,10903,10904],"class_list":["post-52634","post","type-post","status-publish","format-standard","has-post-thumbnail","hentry","category-cultura-2","category-juazeiro","tag-juazeiro-da-bahia","tag-prefeitura-de-juazeiro","tag-santo-antonio-das-tradicoes","tag-sao-joao-juazeiro"],"jetpack_publicize_connections":[],"jetpack_featured_media_url":"https:\/\/blogopara.com.br\/wp-content\/uploads\/2023\/05\/WhatsApp-Image-2023-05-15-at-18.25.37.jpeg","uagb_featured_image_src":{"full":["https:\/\/blogopara.com.br\/wp-content\/uploads\/2023\/05\/WhatsApp-Image-2023-05-15-at-18.25.37.jpeg",500,281,false],"thumbnail":["https:\/\/blogopara.com.br\/wp-content\/uploads\/2023\/05\/WhatsApp-Image-2023-05-15-at-18.25.37-150x150.jpeg",150,150,true],"medium":["https:\/\/blogopara.com.br\/wp-content\/uploads\/2023\/05\/WhatsApp-Image-2023-05-15-at-18.25.37-300x169.jpeg",300,169,true],"medium_large":["https:\/\/blogopara.com.br\/wp-content\/uploads\/2023\/05\/WhatsApp-Image-2023-05-15-at-18.25.37.jpeg",500,281,false],"large":["https:\/\/blogopara.com.br\/wp-content\/uploads\/2023\/05\/WhatsApp-Image-2023-05-15-at-18.25.37.jpeg",500,281,false],"1536x1536":["https:\/\/blogopara.com.br\/wp-content\/uploads\/2023\/05\/WhatsApp-Image-2023-05-15-at-18.25.37.jpeg",500,281,false],"2048x2048":["https:\/\/blogopara.com.br\/wp-content\/uploads\/2023\/05\/WhatsApp-Image-2023-05-15-at-18.25.37.jpeg",500,281,false],"mantranews-slider-large":["https:\/\/blogopara.com.br\/wp-content\/uploads\/2023\/05\/WhatsApp-Image-2023-05-15-at-18.25.37.jpeg",500,281,false],"mantranews-featured-medium":["https:\/\/blogopara.com.br\/wp-content\/uploads\/2023\/05\/WhatsApp-Image-2023-05-15-at-18.25.37-420x281.jpeg",420,281,true],"mantranews-featured-long":["https:\/\/blogopara.com.br\/wp-content\/uploads\/2023\/05\/WhatsApp-Image-2023-05-15-at-18.25.37-300x281.jpeg",300,281,true],"mantranews-block-medium":["https:\/\/blogopara.com.br\/wp-content\/uploads\/2023\/05\/WhatsApp-Image-2023-05-15-at-18.25.37-464x281.jpeg",464,281,true],"mantranews-carousel-image":["https:\/\/blogopara.com.br\/wp-content\/uploads\/2023\/05\/WhatsApp-Image-2023-05-15-at-18.25.37.jpeg",500,281,false],"mantranews-block-thumb":["https:\/\/blogopara.com.br\/wp-content\/uploads\/2023\/05\/WhatsApp-Image-2023-05-15-at-18.25.37-322x230.jpeg",322,230,true],"mantranews-single-large":["https:\/\/blogopara.com.br\/wp-content\/uploads\/2023\/05\/WhatsApp-Image-2023-05-15-at-18.25.37.jpeg",500,281,false]},"uagb_author_info":{"display_name":"Reda\u00e7\u00e3o geral","author_link":"https:\/\/blogopara.com.br\/index.php\/author\/blogopara"},"uagb_comment_info":0,"uagb_excerpt":"A Prefeitura de Juazeiro, atrav\u00e9s da Secretaria de Cultura, Turismo e Esportes (Seculte), j\u00e1 est\u00e1 a todo vapor na organiza\u00e7\u00e3o do Santo Ant\u00f4nio das Tradi\u00e7\u00f5es. O festejo junino, resgatado na gest\u00e3o da prefeita Suzana Ramos, valoriza um dos mais importantes per\u00edodos para o nordestino. Este ano, a festa ter\u00e1 como tema: \u201cNa terra de Jo\u00e3o&hellip;","jetpack_sharing_enabled":true,"jetpack_likes_enabled":true,"_links":{"self":[{"href":"https:\/\/blogopara.com.br\/index.php\/wp-json\/wp\/v2\/posts\/52634","targetHints":{"allow":["GET"]}}],"collection":[{"href":"https:\/\/blogopara.com.br\/index.php\/wp-json\/wp\/v2\/posts"}],"about":[{"href":"https:\/\/blogopara.com.br\/index.php\/wp-json\/wp\/v2\/types\/post"}],"author":[{"embeddable":true,"href":"https:\/\/blogopara.com.br\/index.php\/wp-json\/wp\/v2\/users\/1"}],"replies":[{"embeddable":true,"href":"https:\/\/blogopara.com.br\/index.php\/wp-json\/wp\/v2\/comments?post=52634"}],"version-history":[{"count":2,"href":"https:\/\/blogopara.com.br\/index.php\/wp-json\/wp\/v2\/posts\/52634\/revisions"}],"predecessor-version":[{"id":52639,"href":"https:\/\/blogopara.com.br\/index.php\/wp-json\/wp\/v2\/posts\/52634\/revisions\/52639"}],"wp:featuredmedia":[{"embeddable":true,"href":"https:\/\/blogopara.com.br\/index.php\/wp-json\/wp\/v2\/media\/52630"}],"wp:attachment":[{"href":"https:\/\/blogopara.com.br\/index.php\/wp-json\/wp\/v2\/media?parent=52634"}],"wp:term":[{"taxonomy":"category","embeddable":true,"href":"https:\/\/blogopara.com.br\/index.php\/wp-json\/wp\/v2\/categories?post=52634"},{"taxonomy":"post_tag","embeddable":true,"href":"https:\/\/blogopara.com.br\/index.php\/wp-json\/wp\/v2\/tags?post=52634"}],"curies":[{"name":"wp","href":"https:\/\/api.w.org\/{rel}","templated":true}]}}