{"id":5269,"date":"2019-12-02T14:25:36","date_gmt":"2019-12-02T17:25:36","guid":{"rendered":"http:\/\/blogopara.com.br\/?p=5269"},"modified":"2019-12-02T14:25:43","modified_gmt":"2019-12-02T17:25:43","slug":"moradores-do-sao-geraldo-denunciam-prefeitura-de-juazeiro-no-ministerio-publico","status":"publish","type":"post","link":"https:\/\/blogopara.com.br\/index.php\/2019\/12\/02\/moradores-do-sao-geraldo-denunciam-prefeitura-de-juazeiro-no-ministerio-publico","title":{"rendered":"MORADORES DO S\u00c3O GERALDO DENUNCIAM PREFEITURA DE JUAZEIRO NO MINIST\u00c9RIO P\u00daBLICO."},"content":{"rendered":"<p style=\"text-align: justify;\">Vi no blog que a Sedur do munic\u00edpio de Juazeiro fez um pequeno esclarecimento sobre a rua do Avel\u00f3s e rua Samuel Ayres do bairro S\u00e3o Geraldo, e por isso, como moradora da rua Samuel Ayres me atrevi a vos escrever.<\/p>\n<p style=\"text-align: justify;\">H\u00e1 alguns meses a prefeitura de Juazeiro fez uma tentativa de cal\u00e7ar a rua \u2018E\u2019 e rua do Avel\u00f3s no respectivo bairro, por\u00e9m, n\u00f3s os moradores da rua Samuel Ayres n\u00e3o aceitamos a obra que a prefeitura queria fazer, o intuito da prefeitura era cal\u00e7ar as ruas que davam acesso ao condom\u00ednio Morada das \u00c1rvores (rua \u2018E\u2019 e rua do Avel\u00f3s) e n\u00e3o cal\u00e7aria a rua Samuel Ayres que \u00e9 uma rua colada \u00e0 rua do Avel\u00f3s, rua esta que h\u00e1 alguns meses tamb\u00e9m se chamava rua do Avel\u00f3s e que teve o nome trocado para rua Samuel Ayres. N\u00f3s moradores da rua Samuel Ayres n\u00e3o aceitamos que a prefeitura cal\u00e7asse s\u00f3 um peda\u00e7o da rua, pois era injusto a prefeitura cal\u00e7ar as ruas que d\u00e3o acesso ao condom\u00ednio e desprezar o restante da rua.<\/p>\n<p style=\"text-align: justify;\">Ademais, quando essas ruas fossem cal\u00e7adas (E e Avel\u00f3s) o escoamento de \u00e1gua seria jogado para nossa rua (Samuel Ayres) e n\u00f3s ser\u00edamos prejudicados e foi o que de fato ocorreu com as chuvas recentes (anexo 3 e 4).<\/p>\n<p style=\"text-align: justify;\">O secret\u00e1rio de obras de Juazeiro fez uma reuni\u00e3o com os moradores da rua Samuel Ayres e se comprometeu que cal\u00e7aria as tr\u00eas ruas come\u00e7ando pela rua E, depois rua do Avel\u00f3s e por final, a rua Samuel Ayres e que as obras n\u00e3o parariam, mas, n\u00e3o foi o que de fato aconteceu.<\/p>\n<p style=\"text-align: justify;\">A prefeitura cal\u00e7ou a rua E e rua do Avel\u00f3s (para beneficiar o condom\u00ednio visto que este vai come\u00e7ar uma nova venda de terrenos e casas), e alegou que s\u00f3 cal\u00e7aria a rua Samuel Ayres quando houvesse uma nova licita\u00e7\u00e3o.<\/p>\n<p style=\"text-align: justify;\">O secret\u00e1rio de obras enganou o povo e n\u00e3o cumpriu com sua palavra, logo mais a placa colocada pela prefeitura informando os gastos da obra n\u00e3o s\u00e3o compat\u00edveis com a verdade (anexo 1) a placa diz que foram gastos 611.220,46 (Seiscentos mil duzentos e vinte reais e quarenta e seis centavos) foram gastos mais de meio milh\u00e3o para cal\u00e7ar duas ruas?<\/p>\n<p style=\"text-align: justify;\">Quer dizer que agora n\u00e3o tem mais dinheiro para cal\u00e7ar a rua Samuel Ayres? Precisam de mais verba? Nem se a prefeitura cal\u00e7asse as ruas com porcelanato o valor n\u00e3o chegaria a tanto.<\/p>\n<p style=\"text-align: justify;\">A placa tamb\u00e9m diz que os valores foram gastos em drenagens feitas a rua do Avel\u00f3s e rua E e isso n\u00e3o \u00e9 verdade, n\u00e3o foram feita drenagens nessas respectivas ruas, pois essas duas ruas j\u00e1 possuem drenagens feitas pela gest\u00e3o anterior, houve uma pequena drenagem de cerca de 50m no final da rua Samuel Ayres para beneficiar o condom\u00ednio, pois o condom\u00ednio precisaria dessa drenagem para as novas casas que ser\u00e3o feitas e loteadas, um drenagem mal feita, pois o piso cedeu com as chuvas e alguns moradores n\u00e3o puderam sair com os carros da garagem e que inclusive o carro da vereadora Neguinha atolou (anexo 5, 6, 7 e 8). Essa drenagem deveria ser paga pelo condom\u00ednio e n\u00e3o com verba p\u00fablica, pois \u00e9 para benef\u00edcio deste.<\/p>\n<p style=\"text-align: justify;\">Procuramos o secret\u00e1rio de obras do munic\u00edpio pelo telefone e em seu escrit\u00f3rio, mas ele n\u00e3o nos atende, n\u00e3o d\u00e1 satisfa\u00e7\u00e3o ao povo como deveria. Cansamos de procur\u00e1-lo e entramos com uma den\u00fancia no Minist\u00e9rio P\u00fablico por desvio de verba.<\/p>\n<p style=\"text-align: justify;\">Pedimos que o minist\u00e9rio p\u00fablico intervenha em nosso favor e investigue o valor dessa obra que \u00e9 f\u00e1cil de perceber o super-faturamento. Tamb\u00e9m fizemos or\u00e7amentos com uma empresa para sabermos quanto gastaria para cal\u00e7ar uma rua de 100m por 7 (700m quadrado) o valor ficou em 36.000 mil (anexo 2) mais uns pequenos gastos com o trator e aterro, vale lembrar que a rua do Avel\u00f3s tem cerca de 70m x 7me a rua \u00e9 em torno de 150m x 7m e a prefeitura diz que gastou mais de meio milh\u00e3o nessa obra, \u00e9 uma vergonha para o munic\u00edpio, prefeito e vereadores que tem a fun\u00e7\u00e3o de questionar esses valores e n\u00e3o questionam.<\/p>\n<p style=\"text-align: justify;\">Pois bem, resolvemos questionar e vamos brigar at\u00e9 o fim por um direito que \u00e9 nosso, se o dinheiro j\u00e1 liberado (R$ 611.220, 46) dessa obra n\u00e3o \u00e9 o suficiente para cal\u00e7ar nossa rua ent\u00e3o que devolvam aos cofres p\u00fablicos o dinheiro que nos pertence.<\/p>\n<p style=\"text-align: justify;\">Por fim, termino esse texto dizendo &#8220;se \u00e9 litigar que a prefeitura quer, \u00e9 litig\u00e2ncia que ela vai ter&#8221;.<\/p>\n<p style=\"text-align: justify;\"><strong>Pamella Danielle<\/strong><\/p>\n<pre>Fonte: Blog GJ<\/pre>\n","protected":false},"excerpt":{"rendered":"<p>Essa \u00e9 a realidade de Juazeiro: obras caras, malfeitas e para atender alguns, e n\u00e3o a coletividade.<\/p>\n","protected":false},"author":1,"featured_media":5270,"comment_status":"open","ping_status":"open","sticky":false,"template":"","format":"standard","meta":{"_uag_custom_page_level_css":"","_monsterinsights_skip_tracking":false,"_monsterinsights_sitenote_active":false,"_monsterinsights_sitenote_note":"","_monsterinsights_sitenote_category":0,"jetpack_post_was_ever_published":false,"_jetpack_newsletter_access":"","_jetpack_dont_email_post_to_subs":false,"_jetpack_newsletter_tier_id":0,"_jetpack_memberships_contains_paywalled_content":false,"_jetpack_memberships_contains_paid_content":false,"footnotes":"","jetpack_publicize_message":"","jetpack_publicize_feature_enabled":true,"jetpack_social_post_already_shared":true,"jetpack_social_options":{"image_generator_settings":{"template":"highway","default_image_id":0,"font":"","enabled":false},"version":2}},"categories":[203],"tags":[688,1321,340],"class_list":["post-5269","post","type-post","status-publish","format-standard","has-post-thumbnail","hentry","category-juazeiro","tag-mp","tag-obra-inacaba","tag-prefeitura-de-juazeiro"],"jetpack_publicize_connections":[],"jetpack_featured_media_url":"https:\/\/blogopara.com.br\/wp-content\/uploads\/2019\/12\/MPS\u00e3oGeraldo.jpg","uagb_featured_image_src":{"full":["https:\/\/blogopara.com.br\/wp-content\/uploads\/2019\/12\/MPS\u00e3oGeraldo.jpg",700,600,false],"thumbnail":["https:\/\/blogopara.com.br\/wp-content\/uploads\/2019\/12\/MPS\u00e3oGeraldo-150x150.jpg",150,150,true],"medium":["https:\/\/blogopara.com.br\/wp-content\/uploads\/2019\/12\/MPS\u00e3oGeraldo-300x257.jpg",300,257,true],"medium_large":["https:\/\/blogopara.com.br\/wp-content\/uploads\/2019\/12\/MPS\u00e3oGeraldo.jpg",640,549,false],"large":["https:\/\/blogopara.com.br\/wp-content\/uploads\/2019\/12\/MPS\u00e3oGeraldo.jpg",640,549,false],"1536x1536":["https:\/\/blogopara.com.br\/wp-content\/uploads\/2019\/12\/MPS\u00e3oGeraldo.jpg",700,600,false],"2048x2048":["https:\/\/blogopara.com.br\/wp-content\/uploads\/2019\/12\/MPS\u00e3oGeraldo.jpg",700,600,false],"mantranews-slider-large":["https:\/\/blogopara.com.br\/wp-content\/uploads\/2019\/12\/MPS\u00e3oGeraldo.jpg",700,600,false],"mantranews-featured-medium":["https:\/\/blogopara.com.br\/wp-content\/uploads\/2019\/12\/MPS\u00e3oGeraldo.jpg",358,307,false],"mantranews-featured-long":["https:\/\/blogopara.com.br\/wp-content\/uploads\/2019\/12\/MPS\u00e3oGeraldo.jpg",300,257,false],"mantranews-block-medium":["https:\/\/blogopara.com.br\/wp-content\/uploads\/2019\/12\/MPS\u00e3oGeraldo.jpg",338,290,false],"mantranews-carousel-image":["https:\/\/blogopara.com.br\/wp-content\/uploads\/2019\/12\/MPS\u00e3oGeraldo.jpg",583,500,false],"mantranews-block-thumb":["https:\/\/blogopara.com.br\/wp-content\/uploads\/2019\/12\/MPS\u00e3oGeraldo.jpg",268,230,false],"mantranews-single-large":["https:\/\/blogopara.com.br\/wp-content\/uploads\/2019\/12\/MPS\u00e3oGeraldo.jpg",700,600,false]},"uagb_author_info":{"display_name":"Reda\u00e7\u00e3o geral","author_link":"https:\/\/blogopara.com.br\/index.php\/author\/blogopara"},"uagb_comment_info":1,"uagb_excerpt":"Essa \u00e9 a realidade de Juazeiro: obras caras, malfeitas e para atender alguns, e n\u00e3o a coletividade.","jetpack_sharing_enabled":true,"jetpack_likes_enabled":true,"_links":{"self":[{"href":"https:\/\/blogopara.com.br\/index.php\/wp-json\/wp\/v2\/posts\/5269","targetHints":{"allow":["GET"]}}],"collection":[{"href":"https:\/\/blogopara.com.br\/index.php\/wp-json\/wp\/v2\/posts"}],"about":[{"href":"https:\/\/blogopara.com.br\/index.php\/wp-json\/wp\/v2\/types\/post"}],"author":[{"embeddable":true,"href":"https:\/\/blogopara.com.br\/index.php\/wp-json\/wp\/v2\/users\/1"}],"replies":[{"embeddable":true,"href":"https:\/\/blogopara.com.br\/index.php\/wp-json\/wp\/v2\/comments?post=5269"}],"version-history":[{"count":1,"href":"https:\/\/blogopara.com.br\/index.php\/wp-json\/wp\/v2\/posts\/5269\/revisions"}],"predecessor-version":[{"id":5271,"href":"https:\/\/blogopara.com.br\/index.php\/wp-json\/wp\/v2\/posts\/5269\/revisions\/5271"}],"wp:featuredmedia":[{"embeddable":true,"href":"https:\/\/blogopara.com.br\/index.php\/wp-json\/wp\/v2\/media\/5270"}],"wp:attachment":[{"href":"https:\/\/blogopara.com.br\/index.php\/wp-json\/wp\/v2\/media?parent=5269"}],"wp:term":[{"taxonomy":"category","embeddable":true,"href":"https:\/\/blogopara.com.br\/index.php\/wp-json\/wp\/v2\/categories?post=5269"},{"taxonomy":"post_tag","embeddable":true,"href":"https:\/\/blogopara.com.br\/index.php\/wp-json\/wp\/v2\/tags?post=5269"}],"curies":[{"name":"wp","href":"https:\/\/api.w.org\/{rel}","templated":true}]}}