{"id":52798,"date":"2023-05-21T12:00:00","date_gmt":"2023-05-21T15:00:00","guid":{"rendered":"https:\/\/blogopara.com.br\/?p=52798"},"modified":"2023-05-21T11:16:53","modified_gmt":"2023-05-21T14:16:53","slug":"bairro-itaberaba-comemora-mais-um-ano-de-existencia-e-gestao-suzana-ramos-destaca-investimentos-realizados-na-comunidade","status":"publish","type":"post","link":"https:\/\/blogopara.com.br\/index.php\/2023\/05\/21\/bairro-itaberaba-comemora-mais-um-ano-de-existencia-e-gestao-suzana-ramos-destaca-investimentos-realizados-na-comunidade","title":{"rendered":"Bairro Itaberaba comemora mais um ano de exist\u00eancia e gest\u00e3o Suzana Ramos destaca investimentos realizados na comunidade"},"content":{"rendered":"<p style=\"text-align: justify;\">Durante a Gest\u00e3o Suzana Ramos o bairro Itaberaba recebeu importantes interven\u00e7\u00f5es nas \u00e1reas da sa\u00fade, educa\u00e7\u00e3o, infraestrutura, social, e nos servi\u00e7os p\u00fablicos, e neste 21 de maio, data em que o Itaberaba completa 41 anos de eleva\u00e7\u00e3o a bairro, a gest\u00e3o Suzana Ramos destaca os grandes investimentos voltados para os moradores do bairro.<\/p>\n<p style=\"text-align: justify;\">\u201cParabenizo esse bairro t\u00e3o importante para o desenvolvimento de Juazeiro, aqui n\u00f3s temos a maioria dos moradores empregados no mercado do produtor, ajudando diariamente o nosso mercado a ser refer\u00eancia nacional, como o segundo maior do pa\u00eds em comercializa\u00e7\u00e3o. Nesta data que marca os 41 anos de eleva\u00e7\u00e3o a bairro, desejo que o progresso continue chegando ao Itaberaba. J\u00e1 trouxemos v\u00e1rios benef\u00edcios para voc\u00eas como requalifica\u00e7\u00e3o de escolas e Emeis, do Cr\u00e1s, pavimenta\u00e7\u00e3o em v\u00e1rias ruas, a constru\u00e7\u00e3o da primeira pra\u00e7a do bairro, que era um sonho antigo da comunidade, entre outras melhorias, e vamos seguir trabalhando para trazer muito mais interven\u00e7\u00f5es, pois esse \u00e9 o nosso foco: trabalhar para fazer mais por Juazeiro\u201d, destacou a prefeita Suzana Ramos.<\/p>\n<p style=\"text-align: justify;\"><img loading=\"lazy\" decoding=\"async\" class=\"aligncenter wp-image-84113 size-full\" src=\"https:\/\/www.juazeiro.ba.gov.br\/wp-content\/uploads\/2023\/05\/52015023965_c02daa4059_k.jpg\" sizes=\"auto, (max-width: 800px) 100vw, 800px\" srcset=\"https:\/\/www.juazeiro.ba.gov.br\/wp-content\/uploads\/2023\/05\/52015023965_c02daa4059_k.jpg 800w, https:\/\/www.juazeiro.ba.gov.br\/wp-content\/uploads\/2023\/05\/52015023965_c02daa4059_k-300x204.jpg 300w, https:\/\/www.juazeiro.ba.gov.br\/wp-content\/uploads\/2023\/05\/52015023965_c02daa4059_k-768x522.jpg 768w\" alt=\"\" width=\"800\" height=\"544\" \/><img loading=\"lazy\" decoding=\"async\" class=\"aligncenter wp-image-84114 size-full\" src=\"https:\/\/www.juazeiro.ba.gov.br\/wp-content\/uploads\/2023\/05\/52852132354_46df200903_k.jpg\" sizes=\"auto, (max-width: 800px) 100vw, 800px\" srcset=\"https:\/\/www.juazeiro.ba.gov.br\/wp-content\/uploads\/2023\/05\/52852132354_46df200903_k.jpg 800w, https:\/\/www.juazeiro.ba.gov.br\/wp-content\/uploads\/2023\/05\/52852132354_46df200903_k-300x169.jpg 300w, https:\/\/www.juazeiro.ba.gov.br\/wp-content\/uploads\/2023\/05\/52852132354_46df200903_k-768x432.jpg 768w\" alt=\"\" width=\"800\" height=\"450\" \/><\/p>\n<h4 style=\"text-align: justify;\"><strong><br \/>\nInvestimentos<\/strong><\/h4>\n<p style=\"text-align: justify;\">Na educa\u00e7\u00e3o, as escolas Professora Dinorah Albernaz Melo da Silva, Professor Jos\u00e9 Pereira da Silva, Prefeito Apr\u00edgio Duarte e as Emeis Ana Maria Morgado Chaves e Luana Silva Nascimento foram totalmente requalificadas e ganharam mobili\u00e1rio novo, climatiza\u00e7\u00e3o, parques infantis entre outras melhorias, garantindo um aprendizado de qualidade para os alunos. No social, o bairro recebeu a nova sede do Centro de Refer\u00eancia da Assist\u00eancia Social (CRAS), com espa\u00e7o amplo e adaptado \u00e0s necessidades da comunidade<\/p>\n<p style=\"text-align: justify;\">O bairro que era carente de infraestrutura avan\u00e7ou na gest\u00e3o Suzana Ramos, e recebeu sua primeira pra\u00e7a, proporcionando lazer e bem-estar para a popula\u00e7\u00e3o e pela hist\u00f3ria de luta em conseguir o t\u00e3o sonhado espa\u00e7o, a pra\u00e7a recebeu o nome de Pra\u00e7a da Amizade. Em 32 anos de gest\u00f5es anteriores foram somente 12 ruas pavimentadas no bairro, no governo Suzana Ramos, em um ano e oito meses, cinco vias foram asfaltadas (ruas Princesa Isabel, Dom Jos\u00e9 Rodrigues, 1\u00ba de Maio, Duque de Caxias e Nova Igua\u00e7u, al\u00e9m do recapeamento asf\u00e1ltico da Avenida S\u00e3o Francisco) e tem elabora\u00e7\u00e3o de estudos para beneficiar mais seis.<\/p>\n<p style=\"text-align: justify;\"><img loading=\"lazy\" decoding=\"async\" class=\"aligncenter wp-image-84115 size-full\" src=\"https:\/\/www.juazeiro.ba.gov.br\/wp-content\/uploads\/2023\/05\/6Afalto-Itaberaba-1.jpg\" sizes=\"auto, (max-width: 800px) 100vw, 800px\" srcset=\"https:\/\/www.juazeiro.ba.gov.br\/wp-content\/uploads\/2023\/05\/6Afalto-Itaberaba-1.jpg 800w, https:\/\/www.juazeiro.ba.gov.br\/wp-content\/uploads\/2023\/05\/6Afalto-Itaberaba-1-300x200.jpg 300w, https:\/\/www.juazeiro.ba.gov.br\/wp-content\/uploads\/2023\/05\/6Afalto-Itaberaba-1-768x512.jpg 768w\" alt=\"\" width=\"800\" height=\"533\" \/><img loading=\"lazy\" decoding=\"async\" class=\"aligncenter wp-image-84116 size-full\" src=\"https:\/\/www.juazeiro.ba.gov.br\/wp-content\/uploads\/2023\/05\/52824780615_1fc89a1eb7_c-1.jpg\" sizes=\"auto, (max-width: 799px) 100vw, 799px\" srcset=\"https:\/\/www.juazeiro.ba.gov.br\/wp-content\/uploads\/2023\/05\/52824780615_1fc89a1eb7_c-1.jpg 799w, https:\/\/www.juazeiro.ba.gov.br\/wp-content\/uploads\/2023\/05\/52824780615_1fc89a1eb7_c-1-300x200.jpg 300w, https:\/\/www.juazeiro.ba.gov.br\/wp-content\/uploads\/2023\/05\/52824780615_1fc89a1eb7_c-1-768x512.jpg 768w\" alt=\"\" width=\"799\" height=\"533\" \/><\/p>\n<h4 style=\"text-align: justify;\"><strong><br \/>\nServi\u00e7os P\u00fablicos<\/strong><\/h4>\n<p style=\"text-align: justify;\">A gest\u00e3o Suzana Ramos tamb\u00e9m levou diversos programas para o bairro, como: Sa\u00fade em Movimento, APS Itinerante e Unidade M\u00f3vel de Atendimento Odontol\u00f3gico da Secretaria de Sa\u00fade (Sesau); Atendimento Itinerante da Companhia de Seguran\u00e7a, Tr\u00e2nsito e Transporte (CSTT); Amplia\u00e7\u00e3o da Ilumina\u00e7\u00e3o P\u00fablica, atrav\u00e9s da Secretaria de Servi\u00e7os P\u00fablicos (Sesp); Opera\u00e7\u00e3o \u2018Paz nas Comunidades, da Guarda Civil Municipal (GCM), al\u00e9m dos servi\u00e7os de limpeza, manuten\u00e7\u00e3o de vias p\u00fablicas e implanta\u00e7\u00e3o de faixas de pedestres e lombadas, entre outras melhorias.<\/p>\n<p><em>Fonte: Ascom\/PMJ<\/em><\/p>\n","protected":false},"excerpt":{"rendered":"<p>Durante a Gest\u00e3o Suzana Ramos o bairro Itaberaba recebeu importantes interven\u00e7\u00f5es nas \u00e1reas da sa\u00fade, educa\u00e7\u00e3o, infraestrutura, social, e nos servi\u00e7os p\u00fablicos, e neste 21 de maio, data em que o Itaberaba completa 41 anos de eleva\u00e7\u00e3o a bairro, a gest\u00e3o Suzana Ramos destaca os grandes investimentos voltados para os moradores do bairro. \u201cParabenizo esse [&hellip;]<\/p>\n","protected":false},"author":1,"featured_media":52799,"comment_status":"closed","ping_status":"open","sticky":false,"template":"","format":"standard","meta":{"_uag_custom_page_level_css":"","_monsterinsights_skip_tracking":false,"_monsterinsights_sitenote_active":false,"_monsterinsights_sitenote_note":"","_monsterinsights_sitenote_category":0,"jetpack_post_was_ever_published":false,"_jetpack_newsletter_access":"","_jetpack_dont_email_post_to_subs":false,"_jetpack_newsletter_tier_id":0,"_jetpack_memberships_contains_paywalled_content":false,"_jetpack_memberships_contains_paid_content":false,"footnotes":"","jetpack_publicize_message":"","jetpack_publicize_feature_enabled":true,"jetpack_social_post_already_shared":true,"jetpack_social_options":{"image_generator_settings":{"template":"highway","default_image_id":0,"font":"","enabled":false},"version":2}},"categories":[10110,203],"tags":[1645,143,340],"class_list":["post-52798","post","type-post","status-publish","format-standard","has-post-thumbnail","hentry","category-desenvolvimento","category-juazeiro","tag-itaberaba","tag-juazeiro-da-bahia","tag-prefeitura-de-juazeiro"],"jetpack_publicize_connections":[],"jetpack_featured_media_url":"https:\/\/blogopara.com.br\/wp-content\/uploads\/2023\/05\/52014518281_6bd2974058_6k-1.jpg","uagb_featured_image_src":{"full":["https:\/\/blogopara.com.br\/wp-content\/uploads\/2023\/05\/52014518281_6bd2974058_6k-1.jpg",500,333,false],"thumbnail":["https:\/\/blogopara.com.br\/wp-content\/uploads\/2023\/05\/52014518281_6bd2974058_6k-1-150x150.jpg",150,150,true],"medium":["https:\/\/blogopara.com.br\/wp-content\/uploads\/2023\/05\/52014518281_6bd2974058_6k-1-300x200.jpg",300,200,true],"medium_large":["https:\/\/blogopara.com.br\/wp-content\/uploads\/2023\/05\/52014518281_6bd2974058_6k-1.jpg",500,333,false],"large":["https:\/\/blogopara.com.br\/wp-content\/uploads\/2023\/05\/52014518281_6bd2974058_6k-1.jpg",500,333,false],"1536x1536":["https:\/\/blogopara.com.br\/wp-content\/uploads\/2023\/05\/52014518281_6bd2974058_6k-1.jpg",500,333,false],"2048x2048":["https:\/\/blogopara.com.br\/wp-content\/uploads\/2023\/05\/52014518281_6bd2974058_6k-1.jpg",500,333,false],"mantranews-slider-large":["https:\/\/blogopara.com.br\/wp-content\/uploads\/2023\/05\/52014518281_6bd2974058_6k-1.jpg",500,333,false],"mantranews-featured-medium":["https:\/\/blogopara.com.br\/wp-content\/uploads\/2023\/05\/52014518281_6bd2974058_6k-1-420x307.jpg",420,307,true],"mantranews-featured-long":["https:\/\/blogopara.com.br\/wp-content\/uploads\/2023\/05\/52014518281_6bd2974058_6k-1-300x333.jpg",300,333,true],"mantranews-block-medium":["https:\/\/blogopara.com.br\/wp-content\/uploads\/2023\/05\/52014518281_6bd2974058_6k-1-464x290.jpg",464,290,true],"mantranews-carousel-image":["https:\/\/blogopara.com.br\/wp-content\/uploads\/2023\/05\/52014518281_6bd2974058_6k-1.jpg",500,333,false],"mantranews-block-thumb":["https:\/\/blogopara.com.br\/wp-content\/uploads\/2023\/05\/52014518281_6bd2974058_6k-1-322x230.jpg",322,230,true],"mantranews-single-large":["https:\/\/blogopara.com.br\/wp-content\/uploads\/2023\/05\/52014518281_6bd2974058_6k-1.jpg",500,333,false]},"uagb_author_info":{"display_name":"Reda\u00e7\u00e3o geral","author_link":"https:\/\/blogopara.com.br\/index.php\/author\/blogopara"},"uagb_comment_info":0,"uagb_excerpt":"Durante a Gest\u00e3o Suzana Ramos o bairro Itaberaba recebeu importantes interven\u00e7\u00f5es nas \u00e1reas da sa\u00fade, educa\u00e7\u00e3o, infraestrutura, social, e nos servi\u00e7os p\u00fablicos, e neste 21 de maio, data em que o Itaberaba completa 41 anos de eleva\u00e7\u00e3o a bairro, a gest\u00e3o Suzana Ramos destaca os grandes investimentos voltados para os moradores do bairro. \u201cParabenizo esse&hellip;","jetpack_sharing_enabled":true,"jetpack_likes_enabled":true,"_links":{"self":[{"href":"https:\/\/blogopara.com.br\/index.php\/wp-json\/wp\/v2\/posts\/52798","targetHints":{"allow":["GET"]}}],"collection":[{"href":"https:\/\/blogopara.com.br\/index.php\/wp-json\/wp\/v2\/posts"}],"about":[{"href":"https:\/\/blogopara.com.br\/index.php\/wp-json\/wp\/v2\/types\/post"}],"author":[{"embeddable":true,"href":"https:\/\/blogopara.com.br\/index.php\/wp-json\/wp\/v2\/users\/1"}],"replies":[{"embeddable":true,"href":"https:\/\/blogopara.com.br\/index.php\/wp-json\/wp\/v2\/comments?post=52798"}],"version-history":[{"count":1,"href":"https:\/\/blogopara.com.br\/index.php\/wp-json\/wp\/v2\/posts\/52798\/revisions"}],"predecessor-version":[{"id":52800,"href":"https:\/\/blogopara.com.br\/index.php\/wp-json\/wp\/v2\/posts\/52798\/revisions\/52800"}],"wp:featuredmedia":[{"embeddable":true,"href":"https:\/\/blogopara.com.br\/index.php\/wp-json\/wp\/v2\/media\/52799"}],"wp:attachment":[{"href":"https:\/\/blogopara.com.br\/index.php\/wp-json\/wp\/v2\/media?parent=52798"}],"wp:term":[{"taxonomy":"category","embeddable":true,"href":"https:\/\/blogopara.com.br\/index.php\/wp-json\/wp\/v2\/categories?post=52798"},{"taxonomy":"post_tag","embeddable":true,"href":"https:\/\/blogopara.com.br\/index.php\/wp-json\/wp\/v2\/tags?post=52798"}],"curies":[{"name":"wp","href":"https:\/\/api.w.org\/{rel}","templated":true}]}}