{"id":5283,"date":"2019-12-03T08:19:37","date_gmt":"2019-12-03T11:19:37","guid":{"rendered":"http:\/\/blogopara.com.br\/?p=5283"},"modified":"2019-12-03T08:21:34","modified_gmt":"2019-12-03T11:21:34","slug":"bolsonaro-envia-projeto-para-acabar-com-cota-para-trabalhador-com-deficiencia-em-empresas","status":"publish","type":"post","link":"https:\/\/blogopara.com.br\/index.php\/2019\/12\/03\/bolsonaro-envia-projeto-para-acabar-com-cota-para-trabalhador-com-deficiencia-em-empresas","title":{"rendered":"Bolsonaro envia projeto para acabar com cota para trabalhador com defici\u00eancia em empresas"},"content":{"rendered":"<section class=\"post\">\n<div class=\"container\">\n<div class=\"row\">\n<div class=\"col-lg-8 col-md-8 col-sm-12 col-xs-12\">\n<div class=\"text\">\n<p style=\"text-align: justify;\">Jair Bolsonaro enviou ao Congresso um projeto que acaba com as cotas para trabalhadores com defici\u00eancia nas empresas. Nesta ter\u00e7a-feira (3), Dia Internacional das Pessoas com Defici\u00eancia, a oposi\u00e7\u00e3o marcou uma reuni\u00e3o para tentar barrar o projeto de lei (PL) e derrubar a urg\u00eancia que ele est\u00e1 tramitando.<\/p>\n<p style=\"text-align: justify;\">O PL 6.195\/2019, proposto pelo governo, permite que empresas recolham dois sal\u00e1rios m\u00ednimos a uma conta da Uni\u00e3o em troca de contratar funcion\u00e1rios com defici\u00eancia. O fundo ser\u00e1 gerenciado pelo governo e, em tese, aplicado no programa de reabilita\u00e7\u00e3o f\u00edsica e profissional. A cria\u00e7\u00e3o dessa pol\u00edtica de recupera\u00e7\u00e3o para o trabalho j\u00e1 era prevista na Medida Provis\u00f3ria 905, que criou o programa verde amarelo de est\u00edmulo ao emprego.<\/p>\n<p style=\"text-align: justify;\">O projeto ainda permite a inclus\u00e3o de aprendizes entre funcion\u00e1rios com defici\u00eancia e a contagem em dobro quando da contrata\u00e7\u00e3o de um trabalhador com defici\u00eancia grave, sem dizer, no entanto, quem definir\u00e1 o que \u00e9 defici\u00eancia grave.<\/p>\n<p style=\"text-align: justify;\">Em nota de rep\u00fadio, a Associa\u00e7\u00e3o Nacional dos Membros do Minist\u00e9rio P\u00fablico de Defesa dos Direitos das Pessoas com Defici\u00eancia e Idosos (Ampid) diz que o envio do projeto de lei viola a Conven\u00e7\u00e3o Internacional sobre os Direitos das Pessoas com Defici\u00eancia, da qual o Brasil \u00e9 signat\u00e1rio, e obrigaria o governo a consultar as pessoas com defici\u00eancia.<\/p>\n<div class=\"code-block code-block-9\" style=\"text-align: justify;\">\n<div>\n<div id=\"br_video_player_cc4fdb0c5bfce03027fe5badf9d2dd9e0c87abf3\" class=\"trvd_video_player\">\n<div class=\"media-player\">\n<div class=\"trv-video\"><\/div>\n<\/div>\n<\/div>\n<\/div>\n<\/div>\n<\/div>\n<\/div>\n<\/div>\n<\/div>\n<\/section>\n<pre>Fonte: F\u00f3rum<\/pre>\n","protected":false},"excerpt":{"rendered":"<p>Nesta ter\u00e7a-feira (3), Dia Internacional das Pessoas com Defici\u00eancia, a oposi\u00e7\u00e3o marcou uma reuni\u00e3o para tentar barrar o projeto de lei (PL) e derrubar a urg\u00eancia de sua tramita\u00e7\u00e3o<\/p>\n","protected":false},"author":1,"featured_media":5285,"comment_status":"open","ping_status":"open","sticky":false,"template":"","format":"standard","meta":{"_uag_custom_page_level_css":"","_monsterinsights_skip_tracking":false,"_monsterinsights_sitenote_active":false,"_monsterinsights_sitenote_note":"","_monsterinsights_sitenote_category":0,"jetpack_post_was_ever_published":false,"_jetpack_newsletter_access":"","_jetpack_dont_email_post_to_subs":false,"_jetpack_newsletter_tier_id":0,"_jetpack_memberships_contains_paywalled_content":false,"_jetpack_memberships_contains_paid_content":false,"footnotes":"","jetpack_publicize_message":"","jetpack_publicize_feature_enabled":true,"jetpack_social_post_already_shared":true,"jetpack_social_options":{"image_generator_settings":{"template":"highway","default_image_id":0,"font":"","enabled":false},"version":2}},"categories":[200],"tags":[1326,1324,1325],"class_list":["post-5283","post","type-post","status-publish","format-standard","has-post-thumbnail","hentry","category-brasil","tag-cota","tag-jair-bolsonaro","tag-pessoa-com-deficiencia"],"jetpack_publicize_connections":[],"jetpack_featured_media_url":"https:\/\/blogopara.com.br\/wp-content\/uploads\/2019\/12\/bolsonaro-deficiencia.jpg","uagb_featured_image_src":{"full":["https:\/\/blogopara.com.br\/wp-content\/uploads\/2019\/12\/bolsonaro-deficiencia.jpg",900,500,false],"thumbnail":["https:\/\/blogopara.com.br\/wp-content\/uploads\/2019\/12\/bolsonaro-deficiencia-150x150.jpg",150,150,true],"medium":["https:\/\/blogopara.com.br\/wp-content\/uploads\/2019\/12\/bolsonaro-deficiencia-300x167.jpg",300,167,true],"medium_large":["https:\/\/blogopara.com.br\/wp-content\/uploads\/2019\/12\/bolsonaro-deficiencia-768x427.jpg",640,356,true],"large":["https:\/\/blogopara.com.br\/wp-content\/uploads\/2019\/12\/bolsonaro-deficiencia.jpg",640,356,false],"1536x1536":["https:\/\/blogopara.com.br\/wp-content\/uploads\/2019\/12\/bolsonaro-deficiencia.jpg",900,500,false],"2048x2048":["https:\/\/blogopara.com.br\/wp-content\/uploads\/2019\/12\/bolsonaro-deficiencia.jpg",900,500,false],"mantranews-slider-large":["https:\/\/blogopara.com.br\/wp-content\/uploads\/2019\/12\/bolsonaro-deficiencia.jpg",900,500,false],"mantranews-featured-medium":["https:\/\/blogopara.com.br\/wp-content\/uploads\/2019\/12\/bolsonaro-deficiencia.jpg",420,233,false],"mantranews-featured-long":["https:\/\/blogopara.com.br\/wp-content\/uploads\/2019\/12\/bolsonaro-deficiencia.jpg",300,167,false],"mantranews-block-medium":["https:\/\/blogopara.com.br\/wp-content\/uploads\/2019\/12\/bolsonaro-deficiencia.jpg",464,258,false],"mantranews-carousel-image":["https:\/\/blogopara.com.br\/wp-content\/uploads\/2019\/12\/bolsonaro-deficiencia.jpg",600,333,false],"mantranews-block-thumb":["https:\/\/blogopara.com.br\/wp-content\/uploads\/2019\/12\/bolsonaro-deficiencia.jpg",322,179,false],"mantranews-single-large":["https:\/\/blogopara.com.br\/wp-content\/uploads\/2019\/12\/bolsonaro-deficiencia.jpg",900,500,false]},"uagb_author_info":{"display_name":"Reda\u00e7\u00e3o geral","author_link":"https:\/\/blogopara.com.br\/index.php\/author\/blogopara"},"uagb_comment_info":0,"uagb_excerpt":"Nesta ter\u00e7a-feira (3), Dia Internacional das Pessoas com Defici\u00eancia, a oposi\u00e7\u00e3o marcou uma reuni\u00e3o para tentar barrar o projeto de lei (PL) e derrubar a urg\u00eancia de sua tramita\u00e7\u00e3o","jetpack_sharing_enabled":true,"jetpack_likes_enabled":true,"_links":{"self":[{"href":"https:\/\/blogopara.com.br\/index.php\/wp-json\/wp\/v2\/posts\/5283","targetHints":{"allow":["GET"]}}],"collection":[{"href":"https:\/\/blogopara.com.br\/index.php\/wp-json\/wp\/v2\/posts"}],"about":[{"href":"https:\/\/blogopara.com.br\/index.php\/wp-json\/wp\/v2\/types\/post"}],"author":[{"embeddable":true,"href":"https:\/\/blogopara.com.br\/index.php\/wp-json\/wp\/v2\/users\/1"}],"replies":[{"embeddable":true,"href":"https:\/\/blogopara.com.br\/index.php\/wp-json\/wp\/v2\/comments?post=5283"}],"version-history":[{"count":1,"href":"https:\/\/blogopara.com.br\/index.php\/wp-json\/wp\/v2\/posts\/5283\/revisions"}],"predecessor-version":[{"id":5284,"href":"https:\/\/blogopara.com.br\/index.php\/wp-json\/wp\/v2\/posts\/5283\/revisions\/5284"}],"wp:featuredmedia":[{"embeddable":true,"href":"https:\/\/blogopara.com.br\/index.php\/wp-json\/wp\/v2\/media\/5285"}],"wp:attachment":[{"href":"https:\/\/blogopara.com.br\/index.php\/wp-json\/wp\/v2\/media?parent=5283"}],"wp:term":[{"taxonomy":"category","embeddable":true,"href":"https:\/\/blogopara.com.br\/index.php\/wp-json\/wp\/v2\/categories?post=5283"},{"taxonomy":"post_tag","embeddable":true,"href":"https:\/\/blogopara.com.br\/index.php\/wp-json\/wp\/v2\/tags?post=5283"}],"curies":[{"name":"wp","href":"https:\/\/api.w.org\/{rel}","templated":true}]}}