{"id":52881,"date":"2023-05-23T10:48:00","date_gmt":"2023-05-23T13:48:00","guid":{"rendered":"https:\/\/blogopara.com.br\/?p=52881"},"modified":"2023-05-22T17:59:49","modified_gmt":"2023-05-22T20:59:49","slug":"barco-vira-e-mulher-gravida-morre-afogada-filho-adolescente-esta-desaparecido","status":"publish","type":"post","link":"https:\/\/blogopara.com.br\/index.php\/2023\/05\/23\/barco-vira-e-mulher-gravida-morre-afogada-filho-adolescente-esta-desaparecido","title":{"rendered":"Barco vira e mulher gr\u00e1vida morre afogada; filho adolescente est\u00e1 desaparecido"},"content":{"rendered":"<p style=\"text-align: justify;\">Uma gestante morreu afogada na tarde deste domingo (21\/5), na cidade de S\u00e3o Gon\u00e7alo dos Campos, regi\u00e3o de Feira de Santana. A v\u00edtima de 40 anos, que estava gr\u00e1vida de tr\u00eas meses, se afogou ap\u00f3s o barco em que estava virar no Rio Jacu\u00edpe. A mulher identificada como Cristiane Santana, estava no barco com o seu filho de 13 anos, al\u00e9m de outros dois homens.<\/p>\n<p style=\"text-align: justify;\">o adolescente ainda n\u00e3o foi encontrado, mas os os outros dois homens conseguiram sobreviver ao acidente. O corpo de Bombeiros foi at\u00e9 o local fazendo a busca pelo adolescente ainda neste domingo, por\u00e9m o trabalho foi suspenso e retornar\u00e1 amanh\u00e3.<\/p>\n<p style=\"text-align: justify;\">Fonte: Acorda Cidade<\/p>\n","protected":false},"excerpt":{"rendered":"<p>Uma gestante morreu afogada na tarde deste domingo (21\/5), na cidade de S\u00e3o Gon\u00e7alo dos Campos, regi\u00e3o de Feira de Santana. A v\u00edtima de 40 anos, que estava gr\u00e1vida de tr\u00eas meses, se afogou ap\u00f3s o barco em que estava virar no Rio Jacu\u00edpe. A mulher identificada como Cristiane Santana, estava no barco com o [&hellip;]<\/p>\n","protected":false},"author":1,"featured_media":52882,"comment_status":"closed","ping_status":"open","sticky":false,"template":"","format":"standard","meta":{"_uag_custom_page_level_css":"","_monsterinsights_skip_tracking":false,"_monsterinsights_sitenote_active":false,"_monsterinsights_sitenote_note":"","_monsterinsights_sitenote_category":0,"jetpack_post_was_ever_published":false,"_jetpack_newsletter_access":"","_jetpack_dont_email_post_to_subs":false,"_jetpack_newsletter_tier_id":0,"_jetpack_memberships_contains_paywalled_content":false,"_jetpack_memberships_contains_paid_content":false,"footnotes":"","jetpack_publicize_message":"","jetpack_publicize_feature_enabled":true,"jetpack_social_post_already_shared":true,"jetpack_social_options":{"image_generator_settings":{"template":"highway","default_image_id":0,"font":"","enabled":false},"version":2}},"categories":[199],"tags":[],"class_list":["post-52881","post","type-post","status-publish","format-standard","has-post-thumbnail","hentry","category-bahia"],"jetpack_publicize_connections":[],"jetpack_featured_media_url":"https:\/\/blogopara.com.br\/wp-content\/uploads\/2023\/05\/barco-vira-e-mulher-gravida-morre-em-sao-goncalo-dos-campos-filho-adolescente-esta-desaparecido.jpg","uagb_featured_image_src":{"full":["https:\/\/blogopara.com.br\/wp-content\/uploads\/2023\/05\/barco-vira-e-mulher-gravida-morre-em-sao-goncalo-dos-campos-filho-adolescente-esta-desaparecido.jpg",500,253,false],"thumbnail":["https:\/\/blogopara.com.br\/wp-content\/uploads\/2023\/05\/barco-vira-e-mulher-gravida-morre-em-sao-goncalo-dos-campos-filho-adolescente-esta-desaparecido-150x150.jpg",150,150,true],"medium":["https:\/\/blogopara.com.br\/wp-content\/uploads\/2023\/05\/barco-vira-e-mulher-gravida-morre-em-sao-goncalo-dos-campos-filho-adolescente-esta-desaparecido-300x152.jpg",300,152,true],"medium_large":["https:\/\/blogopara.com.br\/wp-content\/uploads\/2023\/05\/barco-vira-e-mulher-gravida-morre-em-sao-goncalo-dos-campos-filho-adolescente-esta-desaparecido.jpg",500,253,false],"large":["https:\/\/blogopara.com.br\/wp-content\/uploads\/2023\/05\/barco-vira-e-mulher-gravida-morre-em-sao-goncalo-dos-campos-filho-adolescente-esta-desaparecido.jpg",500,253,false],"1536x1536":["https:\/\/blogopara.com.br\/wp-content\/uploads\/2023\/05\/barco-vira-e-mulher-gravida-morre-em-sao-goncalo-dos-campos-filho-adolescente-esta-desaparecido.jpg",500,253,false],"2048x2048":["https:\/\/blogopara.com.br\/wp-content\/uploads\/2023\/05\/barco-vira-e-mulher-gravida-morre-em-sao-goncalo-dos-campos-filho-adolescente-esta-desaparecido.jpg",500,253,false],"mantranews-slider-large":["https:\/\/blogopara.com.br\/wp-content\/uploads\/2023\/05\/barco-vira-e-mulher-gravida-morre-em-sao-goncalo-dos-campos-filho-adolescente-esta-desaparecido.jpg",500,253,false],"mantranews-featured-medium":["https:\/\/blogopara.com.br\/wp-content\/uploads\/2023\/05\/barco-vira-e-mulher-gravida-morre-em-sao-goncalo-dos-campos-filho-adolescente-esta-desaparecido-420x253.jpg",420,253,true],"mantranews-featured-long":["https:\/\/blogopara.com.br\/wp-content\/uploads\/2023\/05\/barco-vira-e-mulher-gravida-morre-em-sao-goncalo-dos-campos-filho-adolescente-esta-desaparecido-300x253.jpg",300,253,true],"mantranews-block-medium":["https:\/\/blogopara.com.br\/wp-content\/uploads\/2023\/05\/barco-vira-e-mulher-gravida-morre-em-sao-goncalo-dos-campos-filho-adolescente-esta-desaparecido-464x253.jpg",464,253,true],"mantranews-carousel-image":["https:\/\/blogopara.com.br\/wp-content\/uploads\/2023\/05\/barco-vira-e-mulher-gravida-morre-em-sao-goncalo-dos-campos-filho-adolescente-esta-desaparecido.jpg",500,253,false],"mantranews-block-thumb":["https:\/\/blogopara.com.br\/wp-content\/uploads\/2023\/05\/barco-vira-e-mulher-gravida-morre-em-sao-goncalo-dos-campos-filho-adolescente-esta-desaparecido-322x230.jpg",322,230,true],"mantranews-single-large":["https:\/\/blogopara.com.br\/wp-content\/uploads\/2023\/05\/barco-vira-e-mulher-gravida-morre-em-sao-goncalo-dos-campos-filho-adolescente-esta-desaparecido.jpg",500,253,false]},"uagb_author_info":{"display_name":"Reda\u00e7\u00e3o geral","author_link":"https:\/\/blogopara.com.br\/index.php\/author\/blogopara"},"uagb_comment_info":0,"uagb_excerpt":"Uma gestante morreu afogada na tarde deste domingo (21\/5), na cidade de S\u00e3o Gon\u00e7alo dos Campos, regi\u00e3o de Feira de Santana. A v\u00edtima de 40 anos, que estava gr\u00e1vida de tr\u00eas meses, se afogou ap\u00f3s o barco em que estava virar no Rio Jacu\u00edpe. A mulher identificada como Cristiane Santana, estava no barco com o&hellip;","jetpack_sharing_enabled":true,"jetpack_likes_enabled":true,"_links":{"self":[{"href":"https:\/\/blogopara.com.br\/index.php\/wp-json\/wp\/v2\/posts\/52881","targetHints":{"allow":["GET"]}}],"collection":[{"href":"https:\/\/blogopara.com.br\/index.php\/wp-json\/wp\/v2\/posts"}],"about":[{"href":"https:\/\/blogopara.com.br\/index.php\/wp-json\/wp\/v2\/types\/post"}],"author":[{"embeddable":true,"href":"https:\/\/blogopara.com.br\/index.php\/wp-json\/wp\/v2\/users\/1"}],"replies":[{"embeddable":true,"href":"https:\/\/blogopara.com.br\/index.php\/wp-json\/wp\/v2\/comments?post=52881"}],"version-history":[{"count":1,"href":"https:\/\/blogopara.com.br\/index.php\/wp-json\/wp\/v2\/posts\/52881\/revisions"}],"predecessor-version":[{"id":52883,"href":"https:\/\/blogopara.com.br\/index.php\/wp-json\/wp\/v2\/posts\/52881\/revisions\/52883"}],"wp:featuredmedia":[{"embeddable":true,"href":"https:\/\/blogopara.com.br\/index.php\/wp-json\/wp\/v2\/media\/52882"}],"wp:attachment":[{"href":"https:\/\/blogopara.com.br\/index.php\/wp-json\/wp\/v2\/media?parent=52881"}],"wp:term":[{"taxonomy":"category","embeddable":true,"href":"https:\/\/blogopara.com.br\/index.php\/wp-json\/wp\/v2\/categories?post=52881"},{"taxonomy":"post_tag","embeddable":true,"href":"https:\/\/blogopara.com.br\/index.php\/wp-json\/wp\/v2\/tags?post=52881"}],"curies":[{"name":"wp","href":"https:\/\/api.w.org\/{rel}","templated":true}]}}