{"id":52909,"date":"2023-05-23T11:03:42","date_gmt":"2023-05-23T14:03:42","guid":{"rendered":"https:\/\/blogopara.com.br\/?p=52909"},"modified":"2023-05-23T11:03:44","modified_gmt":"2023-05-23T14:03:44","slug":"juazeiro-dois-homicidios-foram-registrados-nessa-segunda-feira-22","status":"publish","type":"post","link":"https:\/\/blogopara.com.br\/index.php\/2023\/05\/23\/juazeiro-dois-homicidios-foram-registrados-nessa-segunda-feira-22","title":{"rendered":"Juazeiro: Dois homic\u00eddios foram registrados nessa segunda-feira (22)"},"content":{"rendered":"<p style=\"text-align: justify;\">De acordo com informa\u00e7\u00f5es, no final da tarde um homem foi alvejado por disparos de arma de fogo entre os bairros Palmares e Quid\u00e9, na rua das P\u00e9rolas.<\/p>\n<p style=\"text-align: justify;\">De acordo com pessoas que estavam no local o homem foi surpreendido pelos disparos de arma de fogo n\u00e3o resistiu aos ferimentos e foi a \u00f3bito no local. At\u00e9 o momento n\u00e3o obtivemos informa\u00e7\u00f5es sobre a identidade da v\u00edtima.<\/p>\n<p style=\"font-weight: 400; text-align: justify;\">J\u00e1 o segundo homic\u00eddio ocorreu por volta das 19h nos entornos do campo 1\u00ba de Maio, no bairro Santo Ant\u00f4nio. Pessoas que estavam no local do fato informaram a reda\u00e7\u00e3o do Blog que cerca de 7 disparos foram feitos contra a v\u00edtima identificada apenas por \u201cRafael Curumim\u201d, que era morador da rua Ramiro Ribeiro no centro da cidade. Ainda segundo relatos, Rafael logo ap\u00f3s ser baleado diversas vezes saiu correndo assustado e entrou na primeira resid\u00eancia que viu pela frente e acabou indo a \u00f3bito na sala deixando os moradores em choque.<\/p>\n<p style=\"text-align: justify;\">Ainda n\u00e3o se sabe a identifica\u00e7\u00e3o dos atiradores e se ambos os crimes foram cometidos pelo mesmo autor e nem a causa dos mesmos. O IML foi acionado e removeu os corpos para o setor de necropsias da unidade. A pol\u00edcia civil abriu investiga\u00e7\u00f5es.<\/p>\n<p>Fonte de informa\u00e7\u00f5es: Blog Vale em Foco<\/p>\n<p style=\"text-align: justify;\">\n","protected":false},"excerpt":{"rendered":"<p>De acordo com informa\u00e7\u00f5es, no final da tarde um homem foi alvejado por disparos de arma de fogo entre os bairros Palmares e Quid\u00e9, na rua das P\u00e9rolas. De acordo com pessoas que estavam no local o homem foi surpreendido pelos disparos de arma de fogo n\u00e3o resistiu aos ferimentos e foi a \u00f3bito no [&hellip;]<\/p>\n","protected":false},"author":1,"featured_media":52910,"comment_status":"closed","ping_status":"open","sticky":false,"template":"","format":"standard","meta":{"_uag_custom_page_level_css":"","_monsterinsights_skip_tracking":false,"_monsterinsights_sitenote_active":false,"_monsterinsights_sitenote_note":"","_monsterinsights_sitenote_category":0,"jetpack_post_was_ever_published":false,"_jetpack_newsletter_access":"","_jetpack_dont_email_post_to_subs":false,"_jetpack_newsletter_tier_id":0,"_jetpack_memberships_contains_paywalled_content":false,"_jetpack_memberships_contains_paid_content":false,"footnotes":"","jetpack_publicize_message":"","jetpack_publicize_feature_enabled":true,"jetpack_social_post_already_shared":true,"jetpack_social_options":{"image_generator_settings":{"template":"highway","default_image_id":0,"font":"","enabled":false},"version":2}},"categories":[203],"tags":[950,8075,10136,4889],"class_list":["post-52909","post","type-post","status-publish","format-standard","has-post-thumbnail","hentry","category-juazeiro","tag-cprn-norte","tag-jeronimo-rodrigues","tag-pt-da-bahia","tag-ssp-ba"],"jetpack_publicize_connections":[],"jetpack_featured_media_url":"https:\/\/blogopara.com.br\/wp-content\/uploads\/2023\/05\/IMG-20230522-WA0334-1.jpg","uagb_featured_image_src":{"full":["https:\/\/blogopara.com.br\/wp-content\/uploads\/2023\/05\/IMG-20230522-WA0334-1.jpg",400,498,false],"thumbnail":["https:\/\/blogopara.com.br\/wp-content\/uploads\/2023\/05\/IMG-20230522-WA0334-1-150x150.jpg",150,150,true],"medium":["https:\/\/blogopara.com.br\/wp-content\/uploads\/2023\/05\/IMG-20230522-WA0334-1-241x300.jpg",241,300,true],"medium_large":["https:\/\/blogopara.com.br\/wp-content\/uploads\/2023\/05\/IMG-20230522-WA0334-1.jpg",400,498,false],"large":["https:\/\/blogopara.com.br\/wp-content\/uploads\/2023\/05\/IMG-20230522-WA0334-1.jpg",400,498,false],"1536x1536":["https:\/\/blogopara.com.br\/wp-content\/uploads\/2023\/05\/IMG-20230522-WA0334-1.jpg",400,498,false],"2048x2048":["https:\/\/blogopara.com.br\/wp-content\/uploads\/2023\/05\/IMG-20230522-WA0334-1.jpg",400,498,false],"mantranews-slider-large":["https:\/\/blogopara.com.br\/wp-content\/uploads\/2023\/05\/IMG-20230522-WA0334-1.jpg",400,498,false],"mantranews-featured-medium":["https:\/\/blogopara.com.br\/wp-content\/uploads\/2023\/05\/IMG-20230522-WA0334-1-400x307.jpg",400,307,true],"mantranews-featured-long":["https:\/\/blogopara.com.br\/wp-content\/uploads\/2023\/05\/IMG-20230522-WA0334-1-300x443.jpg",300,443,true],"mantranews-block-medium":["https:\/\/blogopara.com.br\/wp-content\/uploads\/2023\/05\/IMG-20230522-WA0334-1-400x290.jpg",400,290,true],"mantranews-carousel-image":["https:\/\/blogopara.com.br\/wp-content\/uploads\/2023\/05\/IMG-20230522-WA0334-1.jpg",400,498,false],"mantranews-block-thumb":["https:\/\/blogopara.com.br\/wp-content\/uploads\/2023\/05\/IMG-20230522-WA0334-1-322x230.jpg",322,230,true],"mantranews-single-large":["https:\/\/blogopara.com.br\/wp-content\/uploads\/2023\/05\/IMG-20230522-WA0334-1.jpg",400,498,false]},"uagb_author_info":{"display_name":"Reda\u00e7\u00e3o geral","author_link":"https:\/\/blogopara.com.br\/index.php\/author\/blogopara"},"uagb_comment_info":0,"uagb_excerpt":"De acordo com informa\u00e7\u00f5es, no final da tarde um homem foi alvejado por disparos de arma de fogo entre os bairros Palmares e Quid\u00e9, na rua das P\u00e9rolas. De acordo com pessoas que estavam no local o homem foi surpreendido pelos disparos de arma de fogo n\u00e3o resistiu aos ferimentos e foi a \u00f3bito no&hellip;","jetpack_sharing_enabled":true,"jetpack_likes_enabled":true,"_links":{"self":[{"href":"https:\/\/blogopara.com.br\/index.php\/wp-json\/wp\/v2\/posts\/52909","targetHints":{"allow":["GET"]}}],"collection":[{"href":"https:\/\/blogopara.com.br\/index.php\/wp-json\/wp\/v2\/posts"}],"about":[{"href":"https:\/\/blogopara.com.br\/index.php\/wp-json\/wp\/v2\/types\/post"}],"author":[{"embeddable":true,"href":"https:\/\/blogopara.com.br\/index.php\/wp-json\/wp\/v2\/users\/1"}],"replies":[{"embeddable":true,"href":"https:\/\/blogopara.com.br\/index.php\/wp-json\/wp\/v2\/comments?post=52909"}],"version-history":[{"count":1,"href":"https:\/\/blogopara.com.br\/index.php\/wp-json\/wp\/v2\/posts\/52909\/revisions"}],"predecessor-version":[{"id":52911,"href":"https:\/\/blogopara.com.br\/index.php\/wp-json\/wp\/v2\/posts\/52909\/revisions\/52911"}],"wp:featuredmedia":[{"embeddable":true,"href":"https:\/\/blogopara.com.br\/index.php\/wp-json\/wp\/v2\/media\/52910"}],"wp:attachment":[{"href":"https:\/\/blogopara.com.br\/index.php\/wp-json\/wp\/v2\/media?parent=52909"}],"wp:term":[{"taxonomy":"category","embeddable":true,"href":"https:\/\/blogopara.com.br\/index.php\/wp-json\/wp\/v2\/categories?post=52909"},{"taxonomy":"post_tag","embeddable":true,"href":"https:\/\/blogopara.com.br\/index.php\/wp-json\/wp\/v2\/tags?post=52909"}],"curies":[{"name":"wp","href":"https:\/\/api.w.org\/{rel}","templated":true}]}}