{"id":52957,"date":"2023-05-25T11:25:00","date_gmt":"2023-05-25T14:25:00","guid":{"rendered":"https:\/\/blogopara.com.br\/?p=52957"},"modified":"2023-05-25T09:29:29","modified_gmt":"2023-05-25T12:29:29","slug":"prefeitura-de-juazeiro-realiza-assistencia-a-familias-em-situacao-de-vulnerabilidade-social-atraves-do-programa-crianca-feliz","status":"publish","type":"post","link":"https:\/\/blogopara.com.br\/index.php\/2023\/05\/25\/prefeitura-de-juazeiro-realiza-assistencia-a-familias-em-situacao-de-vulnerabilidade-social-atraves-do-programa-crianca-feliz","title":{"rendered":"Prefeitura de Juazeiro realiza assist\u00eancia a fam\u00edlias em situa\u00e7\u00e3o de vulnerabilidade social atrav\u00e9s do programa Crian\u00e7a Feliz"},"content":{"rendered":"<p class=\"x_MsoNormal\" style=\"text-align: justify;\">Desde que o filho de dona Andreza dos Santos Pereira tinha um ano de idade, passou a ser acompanhado pela equipe do programa Crian\u00e7a Feliz. No programa, o beb\u00ea recebe acompanhamento integral do seu desenvolvimento. Agora na nova gesta\u00e7\u00e3o, a dona Andreza tamb\u00e9m passou a ser acompanhada pelo \u2018Crian\u00e7a Feliz\u2019, um programa do Governo Federal, vinculado \u00e0 Prefeitura de Juazeiro, atrav\u00e9s da Secretaria de Desenvolvimento Social, Mulher e Diversidade (Sedes).<\/p>\n<p class=\"x_MsoNormal\" style=\"text-align: justify;\">Dona Andreza fica contente cada vez que a equipe do programa chega em sua casa. \u201cEu acho \u00f3timo o acompanhamento que as meninas fazem comigo. Em tudo que preciso, elas me d\u00e3o o apoio necess\u00e1rio. Elas v\u00eam aqui, acompanham meu filho nas atividades dele\u201d, disse a mulher atendida pelo programa.<\/p>\n<p class=\"x_MsoNormal\" style=\"text-align: justify;\">O programa \u2018Crian\u00e7a Feliz\u2019 realiza visitas domiciliares em todos os territ\u00f3rios onde existem os Centros de Refer\u00eancia de Assist\u00eancia Social (CRAS) no munic\u00edpio. Atrav\u00e9s dele, as fam\u00edlias assistidas recebem a\u00e7\u00f5es intersetoriais com as pol\u00edticas de assist\u00eancia social, educa\u00e7\u00e3o, sa\u00fade, cultura e direitos humanos.<\/p>\n<p class=\"x_MsoNormal\" style=\"text-align: justify;\">O \u2018Crian\u00e7a Feliz\u2019 tem como p\u00fablico alvo crian\u00e7as de 0 a 36 meses e suas fam\u00edlias inclu\u00eddas no Cadastro \u00danico e outros programa do governo federal, crian\u00e7as de 0 a 72 meses e suas fam\u00edlias que recebem o Benef\u00edcio de Presta\u00e7\u00e3o Continuada (BPC), e crian\u00e7as de at\u00e9 6 anos que est\u00e3o afastadas do conv\u00edvio familiar em raz\u00e3o da medida protetiva, al\u00e9m de gestantes. \u201cAs fam\u00edlias cadastradas no Cad\u00fanico s\u00e3o visitadas pela equipe do programa Crian\u00e7a Feliz e recebem acompanhamento e orienta\u00e7\u00f5es importantes para fortalecer o v\u00ednculo familiar e comunit\u00e1rio, al\u00e9m de estimular o desenvolvimento dessas crian\u00e7as. A primeira inf\u00e2ncia \u00e9 bem atendida em Juazeiro atrav\u00e9s do Crian\u00e7a Feliz, onde fazemos todo o fortalecimento de v\u00ednculo familiar para os benefici\u00e1rios atendidos\u201d, destacou a supervisora do Programa Crian\u00e7a Feliz, Joice Murila.<\/p>\n","protected":false},"excerpt":{"rendered":"<p>Desde que o filho de dona Andreza dos Santos Pereira tinha um ano de idade, passou a ser acompanhado pela equipe do programa Crian\u00e7a Feliz. No programa, o beb\u00ea recebe acompanhamento integral do seu desenvolvimento. Agora na nova gesta\u00e7\u00e3o, a dona Andreza tamb\u00e9m passou a ser acompanhada pelo \u2018Crian\u00e7a Feliz\u2019, um programa do Governo Federal, [&hellip;]<\/p>\n","protected":false},"author":1,"featured_media":52959,"comment_status":"closed","ping_status":"open","sticky":false,"template":"","format":"standard","meta":{"_uag_custom_page_level_css":"","_monsterinsights_skip_tracking":false,"_monsterinsights_sitenote_active":false,"_monsterinsights_sitenote_note":"","_monsterinsights_sitenote_category":0,"jetpack_post_was_ever_published":false,"_jetpack_newsletter_access":"","_jetpack_dont_email_post_to_subs":false,"_jetpack_newsletter_tier_id":0,"_jetpack_memberships_contains_paywalled_content":false,"_jetpack_memberships_contains_paid_content":false,"footnotes":"","jetpack_publicize_message":"","jetpack_publicize_feature_enabled":true,"jetpack_social_post_already_shared":true,"jetpack_social_options":{"image_generator_settings":{"template":"highway","default_image_id":0,"font":"","enabled":false},"version":2}},"categories":[203,197],"tags":[],"class_list":["post-52957","post","type-post","status-publish","format-standard","has-post-thumbnail","hentry","category-juazeiro","category-politica"],"jetpack_publicize_connections":[],"jetpack_featured_media_url":"https:\/\/blogopara.com.br\/wp-content\/uploads\/2023\/05\/crianca-feliz.jpeg","uagb_featured_image_src":{"full":["https:\/\/blogopara.com.br\/wp-content\/uploads\/2023\/05\/crianca-feliz.jpeg",500,312,false],"thumbnail":["https:\/\/blogopara.com.br\/wp-content\/uploads\/2023\/05\/crianca-feliz-150x150.jpeg",150,150,true],"medium":["https:\/\/blogopara.com.br\/wp-content\/uploads\/2023\/05\/crianca-feliz-300x187.jpeg",300,187,true],"medium_large":["https:\/\/blogopara.com.br\/wp-content\/uploads\/2023\/05\/crianca-feliz.jpeg",500,312,false],"large":["https:\/\/blogopara.com.br\/wp-content\/uploads\/2023\/05\/crianca-feliz.jpeg",500,312,false],"1536x1536":["https:\/\/blogopara.com.br\/wp-content\/uploads\/2023\/05\/crianca-feliz.jpeg",500,312,false],"2048x2048":["https:\/\/blogopara.com.br\/wp-content\/uploads\/2023\/05\/crianca-feliz.jpeg",500,312,false],"mantranews-slider-large":["https:\/\/blogopara.com.br\/wp-content\/uploads\/2023\/05\/crianca-feliz.jpeg",500,312,false],"mantranews-featured-medium":["https:\/\/blogopara.com.br\/wp-content\/uploads\/2023\/05\/crianca-feliz-420x307.jpeg",420,307,true],"mantranews-featured-long":["https:\/\/blogopara.com.br\/wp-content\/uploads\/2023\/05\/crianca-feliz-300x312.jpeg",300,312,true],"mantranews-block-medium":["https:\/\/blogopara.com.br\/wp-content\/uploads\/2023\/05\/crianca-feliz-464x290.jpeg",464,290,true],"mantranews-carousel-image":["https:\/\/blogopara.com.br\/wp-content\/uploads\/2023\/05\/crianca-feliz.jpeg",500,312,false],"mantranews-block-thumb":["https:\/\/blogopara.com.br\/wp-content\/uploads\/2023\/05\/crianca-feliz-322x230.jpeg",322,230,true],"mantranews-single-large":["https:\/\/blogopara.com.br\/wp-content\/uploads\/2023\/05\/crianca-feliz.jpeg",500,312,false]},"uagb_author_info":{"display_name":"Reda\u00e7\u00e3o geral","author_link":"https:\/\/blogopara.com.br\/index.php\/author\/blogopara"},"uagb_comment_info":0,"uagb_excerpt":"Desde que o filho de dona Andreza dos Santos Pereira tinha um ano de idade, passou a ser acompanhado pela equipe do programa Crian\u00e7a Feliz. No programa, o beb\u00ea recebe acompanhamento integral do seu desenvolvimento. Agora na nova gesta\u00e7\u00e3o, a dona Andreza tamb\u00e9m passou a ser acompanhada pelo \u2018Crian\u00e7a Feliz\u2019, um programa do Governo Federal,&hellip;","jetpack_sharing_enabled":true,"jetpack_likes_enabled":true,"_links":{"self":[{"href":"https:\/\/blogopara.com.br\/index.php\/wp-json\/wp\/v2\/posts\/52957","targetHints":{"allow":["GET"]}}],"collection":[{"href":"https:\/\/blogopara.com.br\/index.php\/wp-json\/wp\/v2\/posts"}],"about":[{"href":"https:\/\/blogopara.com.br\/index.php\/wp-json\/wp\/v2\/types\/post"}],"author":[{"embeddable":true,"href":"https:\/\/blogopara.com.br\/index.php\/wp-json\/wp\/v2\/users\/1"}],"replies":[{"embeddable":true,"href":"https:\/\/blogopara.com.br\/index.php\/wp-json\/wp\/v2\/comments?post=52957"}],"version-history":[{"count":1,"href":"https:\/\/blogopara.com.br\/index.php\/wp-json\/wp\/v2\/posts\/52957\/revisions"}],"predecessor-version":[{"id":52960,"href":"https:\/\/blogopara.com.br\/index.php\/wp-json\/wp\/v2\/posts\/52957\/revisions\/52960"}],"wp:featuredmedia":[{"embeddable":true,"href":"https:\/\/blogopara.com.br\/index.php\/wp-json\/wp\/v2\/media\/52959"}],"wp:attachment":[{"href":"https:\/\/blogopara.com.br\/index.php\/wp-json\/wp\/v2\/media?parent=52957"}],"wp:term":[{"taxonomy":"category","embeddable":true,"href":"https:\/\/blogopara.com.br\/index.php\/wp-json\/wp\/v2\/categories?post=52957"},{"taxonomy":"post_tag","embeddable":true,"href":"https:\/\/blogopara.com.br\/index.php\/wp-json\/wp\/v2\/tags?post=52957"}],"curies":[{"name":"wp","href":"https:\/\/api.w.org\/{rel}","templated":true}]}}