{"id":53155,"date":"2023-05-31T08:27:05","date_gmt":"2023-05-31T11:27:05","guid":{"rendered":"https:\/\/blogopara.com.br\/?p=53155"},"modified":"2023-05-31T08:27:36","modified_gmt":"2023-05-31T11:27:36","slug":"jornalistas-sao-agredidos-por-segurancas-de-maduro-e-agentes-a-servico-do-gsi-itamaraty-e-gsi-lamentam","status":"publish","type":"post","link":"https:\/\/blogopara.com.br\/index.php\/2023\/05\/31\/jornalistas-sao-agredidos-por-segurancas-de-maduro-e-agentes-a-servico-do-gsi-itamaraty-e-gsi-lamentam","title":{"rendered":"Jornalistas s\u00e3o agredidos por seguran\u00e7as de Maduro e agentes a servi\u00e7o do GSI; Itamaraty e GSI lamentam"},"content":{"rendered":"<div id=\"chunk-5musq\">\n<div class=\"mc-column content-text active-extra-styles active-capital-letter\" data-block-type=\"unstyled\" data-block-weight=\"33\" data-block-id=\"2\">\n<p class=\"content-text__container theme-color-primary-first-letter\" style=\"text-align: justify;\" data-track-category=\"Link no Texto\" data-track-links=\"\">Jornalistas foram agredidos na noite desta ter\u00e7a-feira (30) no Pal\u00e1cio do Itamaraty por seguran\u00e7as do presidente venezuelano, Nicol\u00e1s Maduro, e por agentes a servi\u00e7o do Gabinete de Seguran\u00e7a Institucional (GSI) da Presid\u00eancia brasileira.<\/p>\n<\/div>\n<\/div>\n<div class=\"wall protected-content\">\n<div id=\"chunk-dca1i\" style=\"text-align: justify;\">\n<div class=\"mc-column content-text active-extra-styles \" data-block-type=\"unstyled\" data-block-weight=\"24\" data-block-id=\"3\">\n<p class=\"content-text__container \" data-track-category=\"Link no Texto\" data-track-links=\"\">A agress\u00e3o ocorreu ap\u00f3s o t\u00e9rmino da reuni\u00e3o de presidentes da Am\u00e9rica do Sul, na sede do Minist\u00e9rio das Rela\u00e7\u00f5es Exteriores, em Bras\u00edlia.<\/p>\n<\/div>\n<\/div>\n<div id=\"chunk-ae84l\" style=\"text-align: justify;\">\n<div class=\"mc-column content-text active-extra-styles \" data-block-type=\"unstyled\" data-block-weight=\"35\" data-block-id=\"4\">\n<p class=\"content-text__container \" data-track-category=\"Link no Texto\" data-track-links=\"\">A confus\u00e3o come\u00e7ou durante uma entrevista de Nicol\u00e1s Maduro.Os seguran\u00e7as tentavam impedir a aproxima\u00e7\u00e3o de profissionais da imprensa. No empurra-empurra, um seguran\u00e7a a servi\u00e7o do GSI deu um soco no peito da rep\u00f3rter Delis Ortiz.<\/p>\n<\/div>\n<\/div>\n<div id=\"chunk-ecl8t\" style=\"text-align: justify;\">\n<div class=\"mc-column content-text active-extra-styles \" data-block-type=\"unstyled\" data-block-weight=\"17\" data-block-id=\"5\">\n<p class=\"content-text__container \" data-track-category=\"Link no Texto\" data-track-links=\"\">Outros jornalistas tamb\u00e9m foram agredidos. No tumulto, n\u00e3o foi poss\u00edvel registrar imagens do momento da agress\u00e3o.<\/p>\n<\/div>\n<\/div>\n<div id=\"chunk-3qdc\" style=\"text-align: justify;\">\n<div class=\"bs-video-block mc-column  content-media content-video\" data-block-type=\"backstage-video\" data-block-id=\"6\">\n<div class=\"content-media__container\">\n<div class=\"content-video__bigger-player-description-fixer\">\n<article class=\"content-video\">\n<section class=\"content-video__video-container\">\n<div class=\"content-video__video\"><\/div>\n<\/section>\n<\/article>\n<\/div>\n<\/div>\n<\/div>\n<\/div>\n<div id=\"chunk-f3o4o\" style=\"text-align: justify;\">\n<div class=\"content-ads content-ads--reveal\" data-block-type=\"ads\" data-block-id=\"7\">\n<div id=\"banner_materia2\" class=\"tag-manager-publicidade-container mc-has-reveal mc-has-ad-lazyload tag-manager-publicidade-banner_materia2 tag-manager-publicidade-container--carregado tag-manager-publicidade-container--visivel\" data-id=\"banner_materia2\" data-google-query-id=\"CPfB-Zq2n_8CFTUzuQYdyM0LUA\">\n<div id=\"google_ads_iframe_\/95377733\/tvg_G1\/Politica_2__container__\"><\/div>\n<\/div>\n<\/div>\n<\/div>\n<div id=\"chunk-mudq\" style=\"text-align: justify;\">\n<div class=\"mc-column content-text active-extra-styles \" data-block-type=\"unstyled\" data-block-weight=\"45\" data-block-id=\"8\">\n<p class=\"content-text__container \" data-track-category=\"Link no Texto\" data-track-links=\"\">A TV Globo afirmou que repudia o ato de viol\u00eancia contra os jornalistas, se solidariza com a rep\u00f3rter Delis Ortiz e aguarda as provid\u00eancias a serem tomadas pelo Pal\u00e1cio do Planalto para a puni\u00e7\u00e3o dos respons\u00e1veis e para evitar que epis\u00f3dios como este se repitam.<\/p>\n<\/div>\n<\/div>\n<div id=\"chunk-84j78\" style=\"text-align: justify;\">\n<div class=\"mc-column content-text active-extra-styles \" data-block-type=\"unstyled\" data-block-weight=\"7\" data-block-id=\"9\">\n<p class=\"content-text__container \" data-track-category=\"Link no Texto\" data-track-links=\"\">O Itamaraty tamb\u00e9m lamentou o fato.<\/p>\n<\/div>\n<\/div>\n<div id=\"chunk-7ecqu\" style=\"text-align: justify;\">\n<div class=\"mc-column content-text active-extra-styles \" data-block-type=\"unstyled\" data-block-weight=\"37\" data-block-id=\"10\">\n<p class=\"content-text__container \" data-track-category=\"Link no Texto\" data-track-links=\"\">&#8220;O Minist\u00e9rio das Rela\u00e7\u00f5es Exteriores lamenta o incidente no qual houve agress\u00e3o a profissionais de imprensa, ao final da Reuni\u00e3o de Presidentes da Am\u00e9rica do Sul. Provid\u00eancias ser\u00e3o tomadas para apurar responsabilidades&#8221;, disse a pasta em nota.<\/p>\n<\/div>\n<\/div>\n<div id=\"chunk-3mi0h\" style=\"text-align: justify;\">\n<div class=\"mc-column content-text active-extra-styles \" data-block-type=\"unstyled\" data-block-weight=\"10\" data-block-id=\"11\">\n<p class=\"content-text__container \" data-track-category=\"Link no Texto\" data-track-links=\"\">Mais tarde, foi a vez do GSI lastimar o ocorrido:<\/p>\n<\/div>\n<\/div>\n<div id=\"chunk-229n7\">\n<div class=\"mc-column content-text active-extra-styles \" data-block-type=\"unstyled\" data-block-weight=\"65\" data-block-id=\"12\">\n<p class=\"content-text__container \" style=\"text-align: justify;\" data-track-category=\"Link no Texto\" data-track-links=\"\">&#8220;Sobre o epis\u00f3dio no Pal\u00e1cio do Itamaraty envolvendo jornalistas, o GSI lamenta o incidente e informa que os agentes de seguran\u00e7a intervieram no intuito de garantir a sa\u00edda segura das autoridades presentes. O GSI tomar\u00e1 as provid\u00eancias para esclarecer os fatos e verificar excessos na conduta dos agentes encarregados da seguran\u00e7a no evento&#8221;, disse o GSI em nota.<\/p>\n<\/div>\n<\/div>\n<\/div>\n","protected":false},"excerpt":{"rendered":"<p>Jornalistas foram agredidos na noite desta ter\u00e7a-feira (30) no Pal\u00e1cio do Itamaraty por seguran\u00e7as do presidente venezuelano, Nicol\u00e1s Maduro, e por agentes a servi\u00e7o do Gabinete de Seguran\u00e7a Institucional (GSI) da Presid\u00eancia brasileira. A agress\u00e3o ocorreu ap\u00f3s o t\u00e9rmino da reuni\u00e3o de presidentes da Am\u00e9rica do Sul, na sede do Minist\u00e9rio das Rela\u00e7\u00f5es Exteriores, em [&hellip;]<\/p>\n","protected":false},"author":1,"featured_media":53156,"comment_status":"closed","ping_status":"open","sticky":false,"template":"","format":"standard","meta":{"_uag_custom_page_level_css":"","_monsterinsights_skip_tracking":false,"_monsterinsights_sitenote_active":false,"_monsterinsights_sitenote_note":"","_monsterinsights_sitenote_category":0,"jetpack_post_was_ever_published":false,"_jetpack_newsletter_access":"","_jetpack_dont_email_post_to_subs":false,"_jetpack_newsletter_tier_id":0,"_jetpack_memberships_contains_paywalled_content":false,"_jetpack_memberships_contains_paid_content":false,"footnotes":"","jetpack_publicize_message":"","jetpack_publicize_feature_enabled":true,"jetpack_social_post_already_shared":true,"jetpack_social_options":{"image_generator_settings":{"template":"highway","default_image_id":0,"font":"","enabled":false},"version":2}},"categories":[200,202],"tags":[],"class_list":["post-53155","post","type-post","status-publish","format-standard","has-post-thumbnail","hentry","category-brasil","category-policia"],"jetpack_publicize_connections":[],"jetpack_featured_media_url":"https:\/\/blogopara.com.br\/wp-content\/uploads\/2023\/05\/th-1.jpg","uagb_featured_image_src":{"full":["https:\/\/blogopara.com.br\/wp-content\/uploads\/2023\/05\/th-1.jpg",400,225,false],"thumbnail":["https:\/\/blogopara.com.br\/wp-content\/uploads\/2023\/05\/th-1-150x150.jpg",150,150,true],"medium":["https:\/\/blogopara.com.br\/wp-content\/uploads\/2023\/05\/th-1-300x169.jpg",300,169,true],"medium_large":["https:\/\/blogopara.com.br\/wp-content\/uploads\/2023\/05\/th-1.jpg",400,225,false],"large":["https:\/\/blogopara.com.br\/wp-content\/uploads\/2023\/05\/th-1.jpg",400,225,false],"1536x1536":["https:\/\/blogopara.com.br\/wp-content\/uploads\/2023\/05\/th-1.jpg",400,225,false],"2048x2048":["https:\/\/blogopara.com.br\/wp-content\/uploads\/2023\/05\/th-1.jpg",400,225,false],"mantranews-slider-large":["https:\/\/blogopara.com.br\/wp-content\/uploads\/2023\/05\/th-1.jpg",400,225,false],"mantranews-featured-medium":["https:\/\/blogopara.com.br\/wp-content\/uploads\/2023\/05\/th-1.jpg",400,225,false],"mantranews-featured-long":["https:\/\/blogopara.com.br\/wp-content\/uploads\/2023\/05\/th-1-300x225.jpg",300,225,true],"mantranews-block-medium":["https:\/\/blogopara.com.br\/wp-content\/uploads\/2023\/05\/th-1.jpg",400,225,false],"mantranews-carousel-image":["https:\/\/blogopara.com.br\/wp-content\/uploads\/2023\/05\/th-1.jpg",400,225,false],"mantranews-block-thumb":["https:\/\/blogopara.com.br\/wp-content\/uploads\/2023\/05\/th-1-322x225.jpg",322,225,true],"mantranews-single-large":["https:\/\/blogopara.com.br\/wp-content\/uploads\/2023\/05\/th-1.jpg",400,225,false]},"uagb_author_info":{"display_name":"Reda\u00e7\u00e3o geral","author_link":"https:\/\/blogopara.com.br\/index.php\/author\/blogopara"},"uagb_comment_info":0,"uagb_excerpt":"Jornalistas foram agredidos na noite desta ter\u00e7a-feira (30) no Pal\u00e1cio do Itamaraty por seguran\u00e7as do presidente venezuelano, Nicol\u00e1s Maduro, e por agentes a servi\u00e7o do Gabinete de Seguran\u00e7a Institucional (GSI) da Presid\u00eancia brasileira. A agress\u00e3o ocorreu ap\u00f3s o t\u00e9rmino da reuni\u00e3o de presidentes da Am\u00e9rica do Sul, na sede do Minist\u00e9rio das Rela\u00e7\u00f5es Exteriores, em&hellip;","jetpack_sharing_enabled":true,"jetpack_likes_enabled":true,"_links":{"self":[{"href":"https:\/\/blogopara.com.br\/index.php\/wp-json\/wp\/v2\/posts\/53155","targetHints":{"allow":["GET"]}}],"collection":[{"href":"https:\/\/blogopara.com.br\/index.php\/wp-json\/wp\/v2\/posts"}],"about":[{"href":"https:\/\/blogopara.com.br\/index.php\/wp-json\/wp\/v2\/types\/post"}],"author":[{"embeddable":true,"href":"https:\/\/blogopara.com.br\/index.php\/wp-json\/wp\/v2\/users\/1"}],"replies":[{"embeddable":true,"href":"https:\/\/blogopara.com.br\/index.php\/wp-json\/wp\/v2\/comments?post=53155"}],"version-history":[{"count":2,"href":"https:\/\/blogopara.com.br\/index.php\/wp-json\/wp\/v2\/posts\/53155\/revisions"}],"predecessor-version":[{"id":53159,"href":"https:\/\/blogopara.com.br\/index.php\/wp-json\/wp\/v2\/posts\/53155\/revisions\/53159"}],"wp:featuredmedia":[{"embeddable":true,"href":"https:\/\/blogopara.com.br\/index.php\/wp-json\/wp\/v2\/media\/53156"}],"wp:attachment":[{"href":"https:\/\/blogopara.com.br\/index.php\/wp-json\/wp\/v2\/media?parent=53155"}],"wp:term":[{"taxonomy":"category","embeddable":true,"href":"https:\/\/blogopara.com.br\/index.php\/wp-json\/wp\/v2\/categories?post=53155"},{"taxonomy":"post_tag","embeddable":true,"href":"https:\/\/blogopara.com.br\/index.php\/wp-json\/wp\/v2\/tags?post=53155"}],"curies":[{"name":"wp","href":"https:\/\/api.w.org\/{rel}","templated":true}]}}