{"id":53192,"date":"2023-06-01T11:54:00","date_gmt":"2023-06-01T14:54:00","guid":{"rendered":"https:\/\/blogopara.com.br\/?p=53192"},"modified":"2023-05-31T16:01:20","modified_gmt":"2023-05-31T19:01:20","slug":"juiz-condena-defensores-de-kit-covid-a-pagar-r-55-milhoes-em-indenizacao","status":"publish","type":"post","link":"https:\/\/blogopara.com.br\/index.php\/2023\/06\/01\/juiz-condena-defensores-de-kit-covid-a-pagar-r-55-milhoes-em-indenizacao","title":{"rendered":"Juiz condena defensores de kit covid a pagar R$ 55 milh\u00f5es em indeniza\u00e7\u00e3o"},"content":{"rendered":"<p style=\"text-align: justify;\">O juiz Gabriel Menna Barreto von Gehlen, da 5\u00aa Vara Federal C\u00edvel do Rio Grande do Sul (JFRS), condenou uma associa\u00e7\u00e3o de m\u00e9dicos e\u00a0<span class=\"is_emphasis\">duas empresas do ramo da sa\u00fade a pagarem um total de R$ 55 milh\u00f5es em indeniza\u00e7\u00e3o por terem publicado em jornais um texto em defesa do kit covid<\/span>, conjunto de medicamentos que supostamente serviriam como tratamento precoce para covid-19.<\/p>\n<p style=\"text-align: justify;\">Os condenados foram o Grupo Jos\u00e9 Alves (GJA Participa\u00e7\u00f5es), a\u00a0<strong>Vitamedic Farmac\u00eautica,<\/strong>\u00a0fabricante de medicamentos do kit covid, e a Associa\u00e7\u00e3o Dignidade M\u00e9dica de Pernambuco, que assina um texto chamado\u00a0<em><strong>Manifesto pela Vida<\/strong><\/em>, publicado em jornais de grande circula\u00e7\u00e3o em fevereiro de 2021, durante a pandemia de covid-19.<\/p>\n<p style=\"text-align: justify;\">No texto, a associa\u00e7\u00e3o defende a prescri\u00e7\u00e3o de um coquetel de rem\u00e9dios \u2014 entre eles a\u00a0<strong><a href=\"https:\/\/exame.com\/ciencia\/remdesivir-regeneron-coquetel-de-anticorpos-como-estao-os-remedios-contra-a-covid-19\/\" target=\"_blank\" rel=\"noopener\">ivermectina<\/a>,<\/strong> cloroquina, hidroxicloroquina \u2014 como meio de prevenir a contamina\u00e7\u00e3o por covid-19, numa esp\u00e9cie de tratamento precoce, que evitaria o desenvolvimento da doen\u00e7a.<\/p>\n<div class=\"exm_h2_start\" style=\"text-align: justify;\"><\/div>\n<h2 style=\"text-align: justify;\">Kit covid<\/h2>\n<p style=\"text-align: justify;\">Durante a\u00a0<strong>Comiss\u00e3o Parlamentar de Inqu\u00e9rito (CPI) da Pandemia<\/strong>, contudo, o diretor da Vitamedic assumiu em depoimento que foi a empresa, e n\u00e3o a associa\u00e7\u00e3o, que custeou a publica\u00e7\u00e3o do manifesto em jornais de grande circula\u00e7\u00e3o, no valor de R$ 717 mil.<\/p>\n<p style=\"text-align: justify;\">O relat\u00f3rio final da CPI tamb\u00e9m constatou que o faturamento da farmac\u00eautica, fabricante de ivermectina, passou de aproximadamente R$ 16 milh\u00f5es em 2019 para mais de R$ 474 milh\u00f5es em 2020 e R$ 265 milh\u00f5es de janeiro a maio de 2021.<\/p>\n<h2 style=\"text-align: justify;\">Teor da decis\u00e3o<\/h2>\n<p style=\"text-align: justify;\">Para al\u00e9m da inefic\u00e1cia de tais medicamentos no tratamento contra covid-19, depois comprovada por estudos cient\u00edficos, e da amea\u00e7a \u00e0 sa\u00fade p\u00fablica de quem defendeu o kit covid, o juiz concluiu que houve no caso propaganda velada e irregular de medicamentos, em viola\u00e7\u00e3o \u00e0s regras da\u00a0<strong>Ag\u00eancia Nacional de Vigil\u00e2ncia Sanit\u00e1ria (Anvisa)<\/strong>.<\/p>\n<p style=\"text-align: justify;\">Citando o relat\u00f3rio final da CPI da Pandemia, o magistrado escreveu que \u201ca publicidade promovida pela associa\u00e7\u00e3o r\u00e9 \u2014 em conluio com fabricante de ivermectina \u2014 incidiu em grave ilicitude sanit\u00e1ria\u201d. Em outro trecho, o juiz afirmou que, \u201cconfigurada a interposi\u00e7\u00e3o de pessoas il\u00edcita, fica evidenciado que o &#8216;Manifesto pela vida&#8217; foi mecanismo il\u00edcito de propaganda de laborat\u00f3rio fabricante de medicamento, servindo a r\u00e9 do triste papel de laranja para fins escusos e violadores de valor fundamental, a prote\u00e7\u00e3o da sa\u00fade p\u00fablica\u201d.<\/p>\n<h2 style=\"text-align: justify;\">Valor da indeniza\u00e7\u00e3o<\/h2>\n<div class=\"exm_h2_end\" style=\"text-align: justify;\"><\/div>\n<p style=\"text-align: justify;\">Ele justificou o valor da indeniza\u00e7\u00e3o por danos morais coletivos afirmando que \u201co bem tutelado \u00e9 o mais fundamental da Constitui\u00e7\u00e3o, porque [<em>\u00e9<\/em>] pressuposto para o gozo de todos os demais: a vida e a sa\u00fade\u201d. O magistrado acrescentou que \u201ca s\u00f3 e pura publicidade il\u00edcita de medicamentos, pelos riscos do seu uso irracional, j\u00e1 representa abalo na sa\u00fade p\u00fablica e sua essencialidade imp\u00f5e a devida repara\u00e7\u00e3o\u201d.<\/p>\n<p style=\"text-align: justify;\">Na \u00e9poca dos fatos, a Anvisa insistiu que o Manifesto pela Vida n\u00e3o feria as regras da ag\u00eancia que disciplinam a propaganda de medicamentos. Por esse motivo, o Minist\u00e9rio P\u00fablico Federal no Rio Grande do Sul (MPF-RS) pedia tamb\u00e9m que a ag\u00eancia fosse condenada a publicar um alerta \u00e0 popula\u00e7\u00e3o sobre os riscos do kit covid. O juiz, contudo, negou o pedido, considerando que a situa\u00e7\u00e3o sanit\u00e1ria mudou e que tal retrata\u00e7\u00e3o resultaria apenas em nova propaganda dos medicamentos.<\/p>\n<p style=\"text-align: justify;\">Ao final, ele multou a Vitamedic e o Grupo Jos\u00e9 Alves, dono da farmac\u00eautica, em R$ 45 milh\u00f5es, e a Associa\u00e7\u00e3o Dignidade M\u00e9dica de Pernambuco em R$ 10 milh\u00f5es. Cabe recurso \u00e0 segunda inst\u00e2ncia da Justi\u00e7a Federal.<\/p>\n<h2 style=\"text-align: justify;\">Outro lado<\/h2>\n<p style=\"text-align: justify;\">Em sua defesa, a Vitamedic alegou que o patroc\u00ednio para a publica\u00e7\u00e3o do manifesto n\u00e3o se tratou de propaganda irregular de medicamento, uma vez que a pr\u00f3pria Anvisa havia conclu\u00eddo isso. Somente a ag\u00eancia teria compet\u00eancia para analisar a regularidade ou n\u00e3o do texto, defendeu a empresa.<\/p>\n<p style=\"text-align: justify;\">A associa\u00e7\u00e3o, por sua vez, sustentou no processo que \u201cdefende o \u2018tratamento precoce&#8221; por ser absoluta convic\u00e7\u00e3o, dos profissionais que a comp\u00f5e, que referido tratamento minimiza a replica\u00e7\u00e3o viral e melhora a imunomodula\u00e7\u00e3o, trazendo benef\u00edcios concretos \u00e0 sa\u00fade e recupera\u00e7\u00e3o dos pacientes. &#8220;N\u00e3o h\u00e1 nenhum interesse comercial, econ\u00f4mico ou pol\u00edtico, nem tem em seus quadros nenhum expert financiado pela ind\u00fastria farmac\u00eautica\u201d.<\/p>\n","protected":false},"excerpt":{"rendered":"<p>O juiz Gabriel Menna Barreto von Gehlen, da 5\u00aa Vara Federal C\u00edvel do Rio Grande do Sul (JFRS), condenou uma associa\u00e7\u00e3o de m\u00e9dicos e\u00a0duas empresas do ramo da sa\u00fade a pagarem um total de R$ 55 milh\u00f5es em indeniza\u00e7\u00e3o por terem publicado em jornais um texto em defesa do kit covid, conjunto de medicamentos que [&hellip;]<\/p>\n","protected":false},"author":1,"featured_media":53193,"comment_status":"closed","ping_status":"open","sticky":false,"template":"","format":"standard","meta":{"_uag_custom_page_level_css":"","_monsterinsights_skip_tracking":false,"_monsterinsights_sitenote_active":false,"_monsterinsights_sitenote_note":"","_monsterinsights_sitenote_category":0,"jetpack_post_was_ever_published":false,"_jetpack_newsletter_access":"","_jetpack_dont_email_post_to_subs":false,"_jetpack_newsletter_tier_id":0,"_jetpack_memberships_contains_paywalled_content":false,"_jetpack_memberships_contains_paid_content":false,"footnotes":"","jetpack_publicize_message":"","jetpack_publicize_feature_enabled":true,"jetpack_social_post_already_shared":true,"jetpack_social_options":{"image_generator_settings":{"template":"highway","default_image_id":0,"font":"","enabled":false},"version":2}},"categories":[200,210],"tags":[],"class_list":["post-53192","post","type-post","status-publish","format-standard","has-post-thumbnail","hentry","category-brasil","category-justica"],"jetpack_publicize_connections":[],"jetpack_featured_media_url":"https:\/\/blogopara.com.br\/wp-content\/uploads\/2023\/05\/th-3.jpg","uagb_featured_image_src":{"full":["https:\/\/blogopara.com.br\/wp-content\/uploads\/2023\/05\/th-3.jpg",400,235,false],"thumbnail":["https:\/\/blogopara.com.br\/wp-content\/uploads\/2023\/05\/th-3-150x150.jpg",150,150,true],"medium":["https:\/\/blogopara.com.br\/wp-content\/uploads\/2023\/05\/th-3-300x176.jpg",300,176,true],"medium_large":["https:\/\/blogopara.com.br\/wp-content\/uploads\/2023\/05\/th-3.jpg",400,235,false],"large":["https:\/\/blogopara.com.br\/wp-content\/uploads\/2023\/05\/th-3.jpg",400,235,false],"1536x1536":["https:\/\/blogopara.com.br\/wp-content\/uploads\/2023\/05\/th-3.jpg",400,235,false],"2048x2048":["https:\/\/blogopara.com.br\/wp-content\/uploads\/2023\/05\/th-3.jpg",400,235,false],"mantranews-slider-large":["https:\/\/blogopara.com.br\/wp-content\/uploads\/2023\/05\/th-3.jpg",400,235,false],"mantranews-featured-medium":["https:\/\/blogopara.com.br\/wp-content\/uploads\/2023\/05\/th-3.jpg",400,235,false],"mantranews-featured-long":["https:\/\/blogopara.com.br\/wp-content\/uploads\/2023\/05\/th-3-300x235.jpg",300,235,true],"mantranews-block-medium":["https:\/\/blogopara.com.br\/wp-content\/uploads\/2023\/05\/th-3.jpg",400,235,false],"mantranews-carousel-image":["https:\/\/blogopara.com.br\/wp-content\/uploads\/2023\/05\/th-3.jpg",400,235,false],"mantranews-block-thumb":["https:\/\/blogopara.com.br\/wp-content\/uploads\/2023\/05\/th-3-322x230.jpg",322,230,true],"mantranews-single-large":["https:\/\/blogopara.com.br\/wp-content\/uploads\/2023\/05\/th-3.jpg",400,235,false]},"uagb_author_info":{"display_name":"Reda\u00e7\u00e3o geral","author_link":"https:\/\/blogopara.com.br\/index.php\/author\/blogopara"},"uagb_comment_info":0,"uagb_excerpt":"O juiz Gabriel Menna Barreto von Gehlen, da 5\u00aa Vara Federal C\u00edvel do Rio Grande do Sul (JFRS), condenou uma associa\u00e7\u00e3o de m\u00e9dicos e\u00a0duas empresas do ramo da sa\u00fade a pagarem um total de R$ 55 milh\u00f5es em indeniza\u00e7\u00e3o por terem publicado em jornais um texto em defesa do kit covid, conjunto de medicamentos que&hellip;","jetpack_sharing_enabled":true,"jetpack_likes_enabled":true,"_links":{"self":[{"href":"https:\/\/blogopara.com.br\/index.php\/wp-json\/wp\/v2\/posts\/53192","targetHints":{"allow":["GET"]}}],"collection":[{"href":"https:\/\/blogopara.com.br\/index.php\/wp-json\/wp\/v2\/posts"}],"about":[{"href":"https:\/\/blogopara.com.br\/index.php\/wp-json\/wp\/v2\/types\/post"}],"author":[{"embeddable":true,"href":"https:\/\/blogopara.com.br\/index.php\/wp-json\/wp\/v2\/users\/1"}],"replies":[{"embeddable":true,"href":"https:\/\/blogopara.com.br\/index.php\/wp-json\/wp\/v2\/comments?post=53192"}],"version-history":[{"count":1,"href":"https:\/\/blogopara.com.br\/index.php\/wp-json\/wp\/v2\/posts\/53192\/revisions"}],"predecessor-version":[{"id":53194,"href":"https:\/\/blogopara.com.br\/index.php\/wp-json\/wp\/v2\/posts\/53192\/revisions\/53194"}],"wp:featuredmedia":[{"embeddable":true,"href":"https:\/\/blogopara.com.br\/index.php\/wp-json\/wp\/v2\/media\/53193"}],"wp:attachment":[{"href":"https:\/\/blogopara.com.br\/index.php\/wp-json\/wp\/v2\/media?parent=53192"}],"wp:term":[{"taxonomy":"category","embeddable":true,"href":"https:\/\/blogopara.com.br\/index.php\/wp-json\/wp\/v2\/categories?post=53192"},{"taxonomy":"post_tag","embeddable":true,"href":"https:\/\/blogopara.com.br\/index.php\/wp-json\/wp\/v2\/tags?post=53192"}],"curies":[{"name":"wp","href":"https:\/\/api.w.org\/{rel}","templated":true}]}}