{"id":53238,"date":"2023-06-02T12:03:00","date_gmt":"2023-06-02T15:03:00","guid":{"rendered":"https:\/\/blogopara.com.br\/?p=53238"},"modified":"2023-06-01T16:06:25","modified_gmt":"2023-06-01T19:06:25","slug":"laboratorio-itinerante-prefeitura-de-juazeiro-leva-coleta-de-exames-a-populacao-do-interior","status":"publish","type":"post","link":"https:\/\/blogopara.com.br\/index.php\/2023\/06\/02\/laboratorio-itinerante-prefeitura-de-juazeiro-leva-coleta-de-exames-a-populacao-do-interior","title":{"rendered":"Laborat\u00f3rio Itinerante: Prefeitura de Juazeiro leva coleta de exames \u00e0 popula\u00e7\u00e3o do interior"},"content":{"rendered":"<p class=\"x_gmail-western\" style=\"text-align: justify;\">Mais uma a\u00e7\u00e3o voltada para a oferta de servi\u00e7os de sa\u00fade \u00e0 popula\u00e7\u00e3o mobilizou as equipes da Prefeitura de Juazeiro atrav\u00e9s da Secretaria Municipal de Sa\u00fade (Sesau). Iniciou nesta quinta-feira, 01 de junho, o Laborat\u00f3rio Itinerante, a\u00e7\u00e3o que visa dar acesso \u00e0 coleta de exames laboratoriais, ao cidad\u00e3o da zona rural, que tem dificuldades com transporte e locomo\u00e7\u00e3o para esse servi\u00e7o.<br aria-hidden=\"true\" \/><br aria-hidden=\"true\" \/>As primeiras comunidades contempladas foram Jatob\u00e1 e Conchas nesta quinta-feira (01), e na sexta-feira (02), ser\u00e1 a vez da popula\u00e7\u00e3o de Mani\u00e7oba receber o servi\u00e7o. De acordo com a Sesau, ser\u00e3o beneficiadas cerca de 1.600 pessoas por m\u00eas.<br aria-hidden=\"true\" \/><br aria-hidden=\"true\" \/>A moradora do Jatob\u00e1 Fl\u00e1via Damaceno da Luz n\u00e3o perdeu tempo e foi fazer a sua coleta que havia sido prescrita na Unidade de Sa\u00fade. \u201cEu achei muito bom porque as vezes temos dificuldade de ir \u00e0 cidade. Espero que venha mais vezes porque tem muita fam\u00edlia carente precisando fazer exame com urg\u00eancia, e muitas vezes n\u00e3o tem condi\u00e7\u00e3o de ir \u00e0 cidade\u201d, justificou Fl\u00e1via.<br aria-hidden=\"true\" \/><br aria-hidden=\"true\" \/>J\u00e1 Ant\u00f4nia Caetano, moradora de Conchas, disse estar muito contente porque ela n\u00e3o vai precisar se deslocar para um laborat\u00f3rio na sede do munic\u00edpio. \u201cAssim a gente economiza tempo e j\u00e1 recebe o resultado aqui mesmo no posto\u201d, disse a moradora.<br aria-hidden=\"true\" \/><br aria-hidden=\"true\" \/><b>Descentraliza\u00e7\u00e3o dos servi\u00e7os<\/b><\/p>\n<p class=\"x_gmail-western\" style=\"text-align: justify;\"><br aria-hidden=\"true\" \/>\u201cEssa estrat\u00e9gia foi desenvolvida para dar acesso ao cidad\u00e3o da zona rural que fica distante desses servi\u00e7os. O laborat\u00f3rio est\u00e1 indo at\u00e9 a popula\u00e7\u00e3o. Essa \u00e9 mais uma a\u00e7\u00e3o da gest\u00e3o Suzana Ramos pautada em facilitar o acesso do cidad\u00e3o aos servi\u00e7os p\u00fablicos\u201d, enfatizou o Secret\u00e1rio de Sa\u00fade Allan Jones, destacando que \u201cessa \u00e9 uma das metas do governo, descentralizar os servi\u00e7os e dar mais celeridade e conforto para a popula\u00e7\u00e3o\u201d, destacou Allan Jones.<br aria-hidden=\"true\" \/><br aria-hidden=\"true\" \/><b>Outra a\u00e7\u00f5es<\/b><\/p>\n<p class=\"x_gmail-western\" style=\"text-align: justify;\"><br aria-hidden=\"true\" \/>A gest\u00e3o Suzana Ramos vem investindo na realiza\u00e7\u00e3o de a\u00e7\u00f5es para otimizar cada vez mais a oferta dos servi\u00e7os em sa\u00fade para os juazeirenses, como: a Unidade M\u00f3vel de Odontol\u00f3gica (UMO), que semanalmente est\u00e1 nas comunidades, o APS Itinerante, programa que est\u00e1 em sua 4\u00aa edi\u00e7\u00e3o e leva consultas especializadas e a realiza\u00e7\u00e3o de exames para as Unidades B\u00e1sicas de Sa\u00fade (UBSs), atendendo as demandas reprimidas de cada comunidade e ainda o Sa\u00fade em Movimento, programa que tem o objetivo de levar os servi\u00e7os oferecidos pela Sesau para a popula\u00e7\u00e3o de bairros mais distantes e de comunidades da zona rural<br aria-hidden=\"true\" \/><br aria-hidden=\"true\" \/><b>Programa\u00e7\u00e3o<\/b><br aria-hidden=\"true\" \/><br aria-hidden=\"true\" \/>Na pr\u00f3xima semana ser\u00e1 a vez das comunidades de Mandacar\u00fa I e II, Projetos NH3 e NH4, Juremal e Po\u00e7\u00f5es receberem o Laborat\u00f3rio Itinerante.<\/p>\n","protected":false},"excerpt":{"rendered":"<p>Mais uma a\u00e7\u00e3o voltada para a oferta de servi\u00e7os de sa\u00fade \u00e0 popula\u00e7\u00e3o mobilizou as equipes da Prefeitura de Juazeiro atrav\u00e9s da Secretaria Municipal de Sa\u00fade (Sesau). Iniciou nesta quinta-feira, 01 de junho, o Laborat\u00f3rio Itinerante, a\u00e7\u00e3o que visa dar acesso \u00e0 coleta de exames laboratoriais, ao cidad\u00e3o da zona rural, que tem dificuldades com [&hellip;]<\/p>\n","protected":false},"author":1,"featured_media":53239,"comment_status":"closed","ping_status":"open","sticky":false,"template":"","format":"standard","meta":{"_uag_custom_page_level_css":"","_monsterinsights_skip_tracking":false,"_monsterinsights_sitenote_active":false,"_monsterinsights_sitenote_note":"","_monsterinsights_sitenote_category":0,"jetpack_post_was_ever_published":false,"_jetpack_newsletter_access":"","_jetpack_dont_email_post_to_subs":false,"_jetpack_newsletter_tier_id":0,"_jetpack_memberships_contains_paywalled_content":false,"_jetpack_memberships_contains_paid_content":false,"footnotes":"","jetpack_publicize_message":"","jetpack_publicize_feature_enabled":true,"jetpack_social_post_already_shared":true,"jetpack_social_options":{"image_generator_settings":{"template":"highway","default_image_id":0,"font":"","enabled":false},"version":2}},"categories":[1504,205],"tags":[],"class_list":["post-53238","post","type-post","status-publish","format-standard","has-post-thumbnail","hentry","category-comunidade","category-saude"],"jetpack_publicize_connections":[],"jetpack_featured_media_url":"https:\/\/blogopara.com.br\/wp-content\/uploads\/2023\/06\/Laboratorio-Itinerante.jpeg","uagb_featured_image_src":{"full":["https:\/\/blogopara.com.br\/wp-content\/uploads\/2023\/06\/Laboratorio-Itinerante.jpeg",500,889,false],"thumbnail":["https:\/\/blogopara.com.br\/wp-content\/uploads\/2023\/06\/Laboratorio-Itinerante-150x150.jpeg",150,150,true],"medium":["https:\/\/blogopara.com.br\/wp-content\/uploads\/2023\/06\/Laboratorio-Itinerante-169x300.jpeg",169,300,true],"medium_large":["https:\/\/blogopara.com.br\/wp-content\/uploads\/2023\/06\/Laboratorio-Itinerante.jpeg",500,889,false],"large":["https:\/\/blogopara.com.br\/wp-content\/uploads\/2023\/06\/Laboratorio-Itinerante.jpeg",500,889,false],"1536x1536":["https:\/\/blogopara.com.br\/wp-content\/uploads\/2023\/06\/Laboratorio-Itinerante.jpeg",500,889,false],"2048x2048":["https:\/\/blogopara.com.br\/wp-content\/uploads\/2023\/06\/Laboratorio-Itinerante.jpeg",500,889,false],"mantranews-slider-large":["https:\/\/blogopara.com.br\/wp-content\/uploads\/2023\/06\/Laboratorio-Itinerante-500x741.jpeg",500,741,true],"mantranews-featured-medium":["https:\/\/blogopara.com.br\/wp-content\/uploads\/2023\/06\/Laboratorio-Itinerante-420x307.jpeg",420,307,true],"mantranews-featured-long":["https:\/\/blogopara.com.br\/wp-content\/uploads\/2023\/06\/Laboratorio-Itinerante-300x443.jpeg",300,443,true],"mantranews-block-medium":["https:\/\/blogopara.com.br\/wp-content\/uploads\/2023\/06\/Laboratorio-Itinerante-464x290.jpeg",464,290,true],"mantranews-carousel-image":["https:\/\/blogopara.com.br\/wp-content\/uploads\/2023\/06\/Laboratorio-Itinerante-500x500.jpeg",500,500,true],"mantranews-block-thumb":["https:\/\/blogopara.com.br\/wp-content\/uploads\/2023\/06\/Laboratorio-Itinerante-322x230.jpeg",322,230,true],"mantranews-single-large":["https:\/\/blogopara.com.br\/wp-content\/uploads\/2023\/06\/Laboratorio-Itinerante-500x642.jpeg",500,642,true]},"uagb_author_info":{"display_name":"Reda\u00e7\u00e3o geral","author_link":"https:\/\/blogopara.com.br\/index.php\/author\/blogopara"},"uagb_comment_info":0,"uagb_excerpt":"Mais uma a\u00e7\u00e3o voltada para a oferta de servi\u00e7os de sa\u00fade \u00e0 popula\u00e7\u00e3o mobilizou as equipes da Prefeitura de Juazeiro atrav\u00e9s da Secretaria Municipal de Sa\u00fade (Sesau). Iniciou nesta quinta-feira, 01 de junho, o Laborat\u00f3rio Itinerante, a\u00e7\u00e3o que visa dar acesso \u00e0 coleta de exames laboratoriais, ao cidad\u00e3o da zona rural, que tem dificuldades com&hellip;","jetpack_sharing_enabled":true,"jetpack_likes_enabled":true,"_links":{"self":[{"href":"https:\/\/blogopara.com.br\/index.php\/wp-json\/wp\/v2\/posts\/53238","targetHints":{"allow":["GET"]}}],"collection":[{"href":"https:\/\/blogopara.com.br\/index.php\/wp-json\/wp\/v2\/posts"}],"about":[{"href":"https:\/\/blogopara.com.br\/index.php\/wp-json\/wp\/v2\/types\/post"}],"author":[{"embeddable":true,"href":"https:\/\/blogopara.com.br\/index.php\/wp-json\/wp\/v2\/users\/1"}],"replies":[{"embeddable":true,"href":"https:\/\/blogopara.com.br\/index.php\/wp-json\/wp\/v2\/comments?post=53238"}],"version-history":[{"count":1,"href":"https:\/\/blogopara.com.br\/index.php\/wp-json\/wp\/v2\/posts\/53238\/revisions"}],"predecessor-version":[{"id":53240,"href":"https:\/\/blogopara.com.br\/index.php\/wp-json\/wp\/v2\/posts\/53238\/revisions\/53240"}],"wp:featuredmedia":[{"embeddable":true,"href":"https:\/\/blogopara.com.br\/index.php\/wp-json\/wp\/v2\/media\/53239"}],"wp:attachment":[{"href":"https:\/\/blogopara.com.br\/index.php\/wp-json\/wp\/v2\/media?parent=53238"}],"wp:term":[{"taxonomy":"category","embeddable":true,"href":"https:\/\/blogopara.com.br\/index.php\/wp-json\/wp\/v2\/categories?post=53238"},{"taxonomy":"post_tag","embeddable":true,"href":"https:\/\/blogopara.com.br\/index.php\/wp-json\/wp\/v2\/tags?post=53238"}],"curies":[{"name":"wp","href":"https:\/\/api.w.org\/{rel}","templated":true}]}}