{"id":53244,"date":"2023-06-02T17:10:00","date_gmt":"2023-06-02T20:10:00","guid":{"rendered":"https:\/\/blogopara.com.br\/?p=53244"},"modified":"2023-06-01T16:11:15","modified_gmt":"2023-06-01T19:11:15","slug":"ultima-chamada-prefeitura-de-juazeiro-convoca-beneficiarios-do-bolsa-familia-para-ultima-pesagem-obrigatoria-do-programa","status":"publish","type":"post","link":"https:\/\/blogopara.com.br\/index.php\/2023\/06\/02\/ultima-chamada-prefeitura-de-juazeiro-convoca-beneficiarios-do-bolsa-familia-para-ultima-pesagem-obrigatoria-do-programa","title":{"rendered":"\u00daltima chamada: Prefeitura de Juazeiro convoca benefici\u00e1rios do Bolsa Fam\u00edlia para \u00faltima pesagem obrigat\u00f3ria do programa"},"content":{"rendered":"<p style=\"text-align: justify;\">A Prefeitura de Juazeiro, atrav\u00e9s da Secretaria de Sa\u00fade (Sesau), convoca os benefici\u00e1rios do Bolsa Fam\u00edlia para a \u00faltima pesagem do programa, que acontecer\u00e1 nos pr\u00f3ximos dias 02 e 03 de junho. O procedimento \u00e9 obrigat\u00f3rio para meninas e meninos de at\u00e9 sete anos e mulheres de qualquer idade inclu\u00eddas no programa.<br aria-hidden=\"true\" \/><br aria-hidden=\"true\" \/>Durante os primeiros meses deste ano, a Sesau organizou um cronograma para as pesagens, do primeiro ciclo de 2023, em escolas, associa\u00e7\u00f5es e nas Unidades B\u00e1sicas de Sa\u00fade (UBSs) e alcan\u00e7ou um percentual de 62% do p\u00fablico alvo. \u00a0 Agora, os benefici\u00e1rios t\u00eam apenas mais uma chance para ficar em dia com o programa.<br aria-hidden=\"true\" \/><br aria-hidden=\"true\" \/>\u201cS\u00e3o dois ciclos de pesagem obrigat\u00f3rios, o primeiro foi de mar\u00e7o a maio e o segundo ser\u00e1 de setembro a novembro, ou seja, o benefici\u00e1rio precisa passar pela pesagem duas vezes por ano. O n\u00e3o cumprimento pode acarretar em bloqueio do benef\u00edcio social. \u00c9 importante que o benefici\u00e1rio esteja com todos os dados atualizados, vacina\u00e7\u00e3o em dia e as gestantes precisam estar com o pr\u00e9-natal sendo feito regularmente. Ressaltando que quem j\u00e1 fez a pesagem no primeiro ciclo deste ano n\u00e3o precisa passar pelo procedimento novamente\u201d, destacou a gerente de Assist\u00eancia Nutricional da Sesau, Beatriz Lopes.<br aria-hidden=\"true\" \/><br aria-hidden=\"true\" \/>A \u00faltima pesagem do Bolsa Fam\u00edlia acontecer\u00e1 na Academia da Sa\u00fade, localizada na Orla II da Juazeiro, nesta sexta-feira (02), das 17h30 \u00e0s 21h, e no s\u00e1bado (03), das 8h30 \u00e0s 14h.<br aria-hidden=\"true\" \/><br aria-hidden=\"true\" \/><b>Documentos<\/b><br aria-hidden=\"true\" \/>Para realizar a pesagem, \u00e9 necess\u00e1rio levar RG ou certid\u00e3o de nascimento, CPF, Cart\u00e3o SUS, n\u00famero do NIS, comprovante de resid\u00eancia, carteira de vacina\u00e7\u00e3o e cart\u00e3o da gestante.<\/p>\n","protected":false},"excerpt":{"rendered":"<p>A Prefeitura de Juazeiro, atrav\u00e9s da Secretaria de Sa\u00fade (Sesau), convoca os benefici\u00e1rios do Bolsa Fam\u00edlia para a \u00faltima pesagem do programa, que acontecer\u00e1 nos pr\u00f3ximos dias 02 e 03 de junho. O procedimento \u00e9 obrigat\u00f3rio para meninas e meninos de at\u00e9 sete anos e mulheres de qualquer idade inclu\u00eddas no programa.Durante os primeiros meses [&hellip;]<\/p>\n","protected":false},"author":1,"featured_media":53245,"comment_status":"closed","ping_status":"open","sticky":false,"template":"","format":"standard","meta":{"_uag_custom_page_level_css":"","_monsterinsights_skip_tracking":false,"_monsterinsights_sitenote_active":false,"_monsterinsights_sitenote_note":"","_monsterinsights_sitenote_category":0,"jetpack_post_was_ever_published":false,"_jetpack_newsletter_access":"","_jetpack_dont_email_post_to_subs":false,"_jetpack_newsletter_tier_id":0,"_jetpack_memberships_contains_paywalled_content":false,"_jetpack_memberships_contains_paid_content":false,"footnotes":"","jetpack_publicize_message":"","jetpack_publicize_feature_enabled":true,"jetpack_social_post_already_shared":true,"jetpack_social_options":{"image_generator_settings":{"template":"highway","default_image_id":0,"font":"","enabled":false},"version":2}},"categories":[203],"tags":[],"class_list":["post-53244","post","type-post","status-publish","format-standard","has-post-thumbnail","hentry","category-juazeiro"],"jetpack_publicize_connections":[],"jetpack_featured_media_url":"https:\/\/blogopara.com.br\/wp-content\/uploads\/2023\/06\/thumbnail_52867980358_9b82a264d3_c.jpg","uagb_featured_image_src":{"full":["https:\/\/blogopara.com.br\/wp-content\/uploads\/2023\/06\/thumbnail_52867980358_9b82a264d3_c.jpg",799,533,false],"thumbnail":["https:\/\/blogopara.com.br\/wp-content\/uploads\/2023\/06\/thumbnail_52867980358_9b82a264d3_c-150x150.jpg",150,150,true],"medium":["https:\/\/blogopara.com.br\/wp-content\/uploads\/2023\/06\/thumbnail_52867980358_9b82a264d3_c-300x200.jpg",300,200,true],"medium_large":["https:\/\/blogopara.com.br\/wp-content\/uploads\/2023\/06\/thumbnail_52867980358_9b82a264d3_c-768x512.jpg",640,427,true],"large":["https:\/\/blogopara.com.br\/wp-content\/uploads\/2023\/06\/thumbnail_52867980358_9b82a264d3_c.jpg",640,427,false],"1536x1536":["https:\/\/blogopara.com.br\/wp-content\/uploads\/2023\/06\/thumbnail_52867980358_9b82a264d3_c.jpg",799,533,false],"2048x2048":["https:\/\/blogopara.com.br\/wp-content\/uploads\/2023\/06\/thumbnail_52867980358_9b82a264d3_c.jpg",799,533,false],"mantranews-slider-large":["https:\/\/blogopara.com.br\/wp-content\/uploads\/2023\/06\/thumbnail_52867980358_9b82a264d3_c.jpg",799,533,false],"mantranews-featured-medium":["https:\/\/blogopara.com.br\/wp-content\/uploads\/2023\/06\/thumbnail_52867980358_9b82a264d3_c-420x307.jpg",420,307,true],"mantranews-featured-long":["https:\/\/blogopara.com.br\/wp-content\/uploads\/2023\/06\/thumbnail_52867980358_9b82a264d3_c-300x443.jpg",300,443,true],"mantranews-block-medium":["https:\/\/blogopara.com.br\/wp-content\/uploads\/2023\/06\/thumbnail_52867980358_9b82a264d3_c-464x290.jpg",464,290,true],"mantranews-carousel-image":["https:\/\/blogopara.com.br\/wp-content\/uploads\/2023\/06\/thumbnail_52867980358_9b82a264d3_c-600x500.jpg",600,500,true],"mantranews-block-thumb":["https:\/\/blogopara.com.br\/wp-content\/uploads\/2023\/06\/thumbnail_52867980358_9b82a264d3_c-322x230.jpg",322,230,true],"mantranews-single-large":["https:\/\/blogopara.com.br\/wp-content\/uploads\/2023\/06\/thumbnail_52867980358_9b82a264d3_c.jpg",799,533,false]},"uagb_author_info":{"display_name":"Reda\u00e7\u00e3o geral","author_link":"https:\/\/blogopara.com.br\/index.php\/author\/blogopara"},"uagb_comment_info":0,"uagb_excerpt":"A Prefeitura de Juazeiro, atrav\u00e9s da Secretaria de Sa\u00fade (Sesau), convoca os benefici\u00e1rios do Bolsa Fam\u00edlia para a \u00faltima pesagem do programa, que acontecer\u00e1 nos pr\u00f3ximos dias 02 e 03 de junho. O procedimento \u00e9 obrigat\u00f3rio para meninas e meninos de at\u00e9 sete anos e mulheres de qualquer idade inclu\u00eddas no programa.Durante os primeiros meses&hellip;","jetpack_sharing_enabled":true,"jetpack_likes_enabled":true,"_links":{"self":[{"href":"https:\/\/blogopara.com.br\/index.php\/wp-json\/wp\/v2\/posts\/53244","targetHints":{"allow":["GET"]}}],"collection":[{"href":"https:\/\/blogopara.com.br\/index.php\/wp-json\/wp\/v2\/posts"}],"about":[{"href":"https:\/\/blogopara.com.br\/index.php\/wp-json\/wp\/v2\/types\/post"}],"author":[{"embeddable":true,"href":"https:\/\/blogopara.com.br\/index.php\/wp-json\/wp\/v2\/users\/1"}],"replies":[{"embeddable":true,"href":"https:\/\/blogopara.com.br\/index.php\/wp-json\/wp\/v2\/comments?post=53244"}],"version-history":[{"count":1,"href":"https:\/\/blogopara.com.br\/index.php\/wp-json\/wp\/v2\/posts\/53244\/revisions"}],"predecessor-version":[{"id":53246,"href":"https:\/\/blogopara.com.br\/index.php\/wp-json\/wp\/v2\/posts\/53244\/revisions\/53246"}],"wp:featuredmedia":[{"embeddable":true,"href":"https:\/\/blogopara.com.br\/index.php\/wp-json\/wp\/v2\/media\/53245"}],"wp:attachment":[{"href":"https:\/\/blogopara.com.br\/index.php\/wp-json\/wp\/v2\/media?parent=53244"}],"wp:term":[{"taxonomy":"category","embeddable":true,"href":"https:\/\/blogopara.com.br\/index.php\/wp-json\/wp\/v2\/categories?post=53244"},{"taxonomy":"post_tag","embeddable":true,"href":"https:\/\/blogopara.com.br\/index.php\/wp-json\/wp\/v2\/tags?post=53244"}],"curies":[{"name":"wp","href":"https:\/\/api.w.org\/{rel}","templated":true}]}}