{"id":53262,"date":"2023-06-02T18:39:00","date_gmt":"2023-06-02T21:39:00","guid":{"rendered":"https:\/\/blogopara.com.br\/?p=53262"},"modified":"2023-06-01T16:43:43","modified_gmt":"2023-06-01T19:43:43","slug":"lula-confirma-indicacao-de-zanin-ao-stf-sera-um-excepcional-ministro","status":"publish","type":"post","link":"https:\/\/blogopara.com.br\/index.php\/2023\/06\/02\/lula-confirma-indicacao-de-zanin-ao-stf-sera-um-excepcional-ministro","title":{"rendered":"Lula confirma indica\u00e7\u00e3o de Zanin ao STF: \u201cSer\u00e1 um excepcional ministro\u201d"},"content":{"rendered":"<p style=\"text-align: justify;\">O presidente Luiz In\u00e1cio Lula da Silva confirmou nesta quinta-feira (1\u00ba) a indica\u00e7\u00e3o do advogado Cristiano Zanin para a vaga no Supremo Tribunal Federal (STF), ap\u00f3s a aposentadoria de Ricardo Lewandowski.<\/p>\n<p style=\"text-align: justify;\">A indica\u00e7\u00e3o de Lula ainda precisar\u00e1 da aprova\u00e7\u00e3o do Senado Federal.<\/p>\n<p style=\"text-align: justify;\">Lula falou sobre Zanin durante coletiva de imprensa ao lado do presidente da Finl\u00e2ndia, Sauli Niinist\u00f6. \u201cVoc\u00ea j\u00e1 esperava que eu fosse indicar o Zanin, todo mundo esperava, n\u00e3o s\u00f3 pelo papel que ele teve na minha defesa, mas simplesmente porque o Zanin se transformar\u00e1 num grande ministro da Suprema Corte\u201d, declarou.<\/p>\n<p style=\"text-align: justify;\">\u201cEu conhe\u00e7o as qualidades como advogado, como chefe da fam\u00edlia, e conhe\u00e7o a forma\u00e7\u00e3o do Zanin\u201d, disse Lula. \u201cEle ser\u00e1 um excepcional ministro da Suprema Corte se aprovado pelo Senado, e acredito que ser\u00e1, e acho que o Brasil vai se orgulhar de ter o Zanin como ministro da Suprema Corte\u201d, completou.<\/p>\n<p style=\"text-align: justify;\">Segundo informa\u00e7\u00f5es da \u00e2ncora da CNN Daniela Lima, Zanin teve um jantar na noite de quarta (31) com o decano do STF, Gilmar Mendes, e o presidente do Tribunal Superior Eleitoral (TSE), Alexandre de Moraes, num gesto que selou a escolha de Lula para a vaga de ministro. Nesse mesmo dia, ele tamb\u00e9m se encontrou com Pacheco e com Davi Alcolumbre (Uni\u00e3o Brasil-AP).<\/p>\n<p style=\"text-align: justify;\">O presidente havia informado sobre a escolha aos ministros do Supremo Tribunal Federal na semana passada, segundo informa\u00e7\u00f5es da \u00e2ncora da CNN Raquel Landim.<\/p>\n<p style=\"text-align: justify;\"><strong>Aprova\u00e7\u00e3o no Senado Federal<\/strong><\/p>\n<p style=\"text-align: justify;\">Para assumir o cargo de ministro do STF, no entanto, o indicado ainda precisa ser aprovado pela maioria absoluta do Senado Federal, que pode barrar a nomea\u00e7\u00e3o. Este processo \u00e9 inspirado na Suprema Corte dos Estados Unidos.<\/p>\n<p style=\"text-align: justify;\">Antes da vota\u00e7\u00e3o no plen\u00e1rio, a CCJ do Senado realiza uma sabatina com o escolhido para analisar se ele \u00e9 apto para ocupar o cargo. Tanto os titulares da Comiss\u00e3o, como os outros senadores podem questionar o indicado sobre diversos assuntos em diferentes \u00e1reas, sem limita\u00e7\u00e3o tem\u00e1tica, podendo tratar de assuntos pol\u00edticos at\u00e9 questionamentos pessoais.<\/p>\n<p style=\"text-align: justify;\">Normalmente, o presidente do Senado costuma pautar esta avalia\u00e7\u00e3o logo ap\u00f3s a divulga\u00e7\u00e3o do nome escolhido pelo presidente, tornando o processo r\u00e1pido.<\/p>\n<p style=\"text-align: justify;\">A sabatina costuma durar entre 8 e 12 horas de um dia.<\/p>\n<p style=\"text-align: justify;\">Ap\u00f3s a sabatina na CCJ, a comiss\u00e3o emite um parecer ao plen\u00e1rio do Senado. Todos os senadores, ent\u00e3o, votam para decidir se a indica\u00e7\u00e3o do presidente da Rep\u00fablica pode prosseguir.<\/p>\n<p style=\"text-align: justify;\">O candidato a ministro precisa ser aprovado pela maioria absoluta da Casa \u2014 ou seja, conquistar o voto de pelo menos 41 dos 81 senadores.<\/p>\n","protected":false},"excerpt":{"rendered":"<p>O presidente Luiz In\u00e1cio Lula da Silva confirmou nesta quinta-feira (1\u00ba) a indica\u00e7\u00e3o do advogado Cristiano Zanin para a vaga no Supremo Tribunal Federal (STF), ap\u00f3s a aposentadoria de Ricardo Lewandowski. A indica\u00e7\u00e3o de Lula ainda precisar\u00e1 da aprova\u00e7\u00e3o do Senado Federal. Lula falou sobre Zanin durante coletiva de imprensa ao lado do presidente da [&hellip;]<\/p>\n","protected":false},"author":1,"featured_media":53263,"comment_status":"closed","ping_status":"open","sticky":false,"template":"","format":"standard","meta":{"_uag_custom_page_level_css":"","_monsterinsights_skip_tracking":false,"_monsterinsights_sitenote_active":false,"_monsterinsights_sitenote_note":"","_monsterinsights_sitenote_category":0,"jetpack_post_was_ever_published":false,"_jetpack_newsletter_access":"","_jetpack_dont_email_post_to_subs":false,"_jetpack_newsletter_tier_id":0,"_jetpack_memberships_contains_paywalled_content":false,"_jetpack_memberships_contains_paid_content":false,"footnotes":"","jetpack_publicize_message":"","jetpack_publicize_feature_enabled":true,"jetpack_social_post_already_shared":true,"jetpack_social_options":{"image_generator_settings":{"template":"highway","default_image_id":0,"font":"","enabled":false},"version":2}},"categories":[200,197],"tags":[],"class_list":["post-53262","post","type-post","status-publish","format-standard","has-post-thumbnail","hentry","category-brasil","category-politica"],"jetpack_publicize_connections":[],"jetpack_featured_media_url":"https:\/\/blogopara.com.br\/wp-content\/uploads\/2023\/06\/lula-zanin-agencia-brasil.jpg","uagb_featured_image_src":{"full":["https:\/\/blogopara.com.br\/wp-content\/uploads\/2023\/06\/lula-zanin-agencia-brasil.jpg",500,280,false],"thumbnail":["https:\/\/blogopara.com.br\/wp-content\/uploads\/2023\/06\/lula-zanin-agencia-brasil-150x150.jpg",150,150,true],"medium":["https:\/\/blogopara.com.br\/wp-content\/uploads\/2023\/06\/lula-zanin-agencia-brasil-300x168.jpg",300,168,true],"medium_large":["https:\/\/blogopara.com.br\/wp-content\/uploads\/2023\/06\/lula-zanin-agencia-brasil.jpg",500,280,false],"large":["https:\/\/blogopara.com.br\/wp-content\/uploads\/2023\/06\/lula-zanin-agencia-brasil.jpg",500,280,false],"1536x1536":["https:\/\/blogopara.com.br\/wp-content\/uploads\/2023\/06\/lula-zanin-agencia-brasil.jpg",500,280,false],"2048x2048":["https:\/\/blogopara.com.br\/wp-content\/uploads\/2023\/06\/lula-zanin-agencia-brasil.jpg",500,280,false],"mantranews-slider-large":["https:\/\/blogopara.com.br\/wp-content\/uploads\/2023\/06\/lula-zanin-agencia-brasil.jpg",500,280,false],"mantranews-featured-medium":["https:\/\/blogopara.com.br\/wp-content\/uploads\/2023\/06\/lula-zanin-agencia-brasil-420x280.jpg",420,280,true],"mantranews-featured-long":["https:\/\/blogopara.com.br\/wp-content\/uploads\/2023\/06\/lula-zanin-agencia-brasil-300x280.jpg",300,280,true],"mantranews-block-medium":["https:\/\/blogopara.com.br\/wp-content\/uploads\/2023\/06\/lula-zanin-agencia-brasil-464x280.jpg",464,280,true],"mantranews-carousel-image":["https:\/\/blogopara.com.br\/wp-content\/uploads\/2023\/06\/lula-zanin-agencia-brasil.jpg",500,280,false],"mantranews-block-thumb":["https:\/\/blogopara.com.br\/wp-content\/uploads\/2023\/06\/lula-zanin-agencia-brasil-322x230.jpg",322,230,true],"mantranews-single-large":["https:\/\/blogopara.com.br\/wp-content\/uploads\/2023\/06\/lula-zanin-agencia-brasil.jpg",500,280,false]},"uagb_author_info":{"display_name":"Reda\u00e7\u00e3o geral","author_link":"https:\/\/blogopara.com.br\/index.php\/author\/blogopara"},"uagb_comment_info":0,"uagb_excerpt":"O presidente Luiz In\u00e1cio Lula da Silva confirmou nesta quinta-feira (1\u00ba) a indica\u00e7\u00e3o do advogado Cristiano Zanin para a vaga no Supremo Tribunal Federal (STF), ap\u00f3s a aposentadoria de Ricardo Lewandowski. A indica\u00e7\u00e3o de Lula ainda precisar\u00e1 da aprova\u00e7\u00e3o do Senado Federal. Lula falou sobre Zanin durante coletiva de imprensa ao lado do presidente da&hellip;","jetpack_sharing_enabled":true,"jetpack_likes_enabled":true,"_links":{"self":[{"href":"https:\/\/blogopara.com.br\/index.php\/wp-json\/wp\/v2\/posts\/53262","targetHints":{"allow":["GET"]}}],"collection":[{"href":"https:\/\/blogopara.com.br\/index.php\/wp-json\/wp\/v2\/posts"}],"about":[{"href":"https:\/\/blogopara.com.br\/index.php\/wp-json\/wp\/v2\/types\/post"}],"author":[{"embeddable":true,"href":"https:\/\/blogopara.com.br\/index.php\/wp-json\/wp\/v2\/users\/1"}],"replies":[{"embeddable":true,"href":"https:\/\/blogopara.com.br\/index.php\/wp-json\/wp\/v2\/comments?post=53262"}],"version-history":[{"count":1,"href":"https:\/\/blogopara.com.br\/index.php\/wp-json\/wp\/v2\/posts\/53262\/revisions"}],"predecessor-version":[{"id":53264,"href":"https:\/\/blogopara.com.br\/index.php\/wp-json\/wp\/v2\/posts\/53262\/revisions\/53264"}],"wp:featuredmedia":[{"embeddable":true,"href":"https:\/\/blogopara.com.br\/index.php\/wp-json\/wp\/v2\/media\/53263"}],"wp:attachment":[{"href":"https:\/\/blogopara.com.br\/index.php\/wp-json\/wp\/v2\/media?parent=53262"}],"wp:term":[{"taxonomy":"category","embeddable":true,"href":"https:\/\/blogopara.com.br\/index.php\/wp-json\/wp\/v2\/categories?post=53262"},{"taxonomy":"post_tag","embeddable":true,"href":"https:\/\/blogopara.com.br\/index.php\/wp-json\/wp\/v2\/tags?post=53262"}],"curies":[{"name":"wp","href":"https:\/\/api.w.org\/{rel}","templated":true}]}}