{"id":53268,"date":"2023-06-03T07:38:00","date_gmt":"2023-06-03T10:38:00","guid":{"rendered":"https:\/\/blogopara.com.br\/?p=53268"},"modified":"2023-06-02T11:43:32","modified_gmt":"2023-06-02T14:43:32","slug":"juazeirense-mirella-campos-volta-a-se-apresentar-no-the-voice-kids-2023-neste-domingo","status":"publish","type":"post","link":"https:\/\/blogopara.com.br\/index.php\/2023\/06\/03\/juazeirense-mirella-campos-volta-a-se-apresentar-no-the-voice-kids-2023-neste-domingo","title":{"rendered":"Juazeirense Mirella Campos volta a se apresentar no The Voice Kids 2023 neste domingo"},"content":{"rendered":"<p class=\"x_MsoNormal\" style=\"text-align: justify;\">Ap\u00f3s emocionar os jurados na etapa das Audi\u00e7\u00f5es \u00e0s Cegas, a juazeirense Mirella Campos voltar\u00e1 a se apresentar no programa The Voice Kids, na telinha da Rede Globo, neste domingo (04), \u00e0s 14h. Mirella vai disputar com mais duas crian\u00e7as e apenas uma seguir\u00e1 para a fase dos Shows.<\/p>\n<p class=\"x_MsoNormal\" style=\"text-align: justify;\">Mirella tem apenas 11 anos de idade e interpretou a m\u00fasica Alvejante da cantora Priscila Senna na etapa das Audi\u00e7\u00f5es \u00e0s Cegas, emocionou e foi disputada pelos t\u00e9cnicos Carlinhos Brown e Mumuzinho, onde escolheu t\u00e9cnico Mumuzinho para seguir na competi\u00e7\u00e3o.<\/p>\n<p class=\"x_MsoNormal\" style=\"text-align: justify;\">Feliz por participar da competi\u00e7\u00e3o Mirella destaca a ansiedade para este domingo. \u201cAs expectativas para a fase de batalhas s\u00e3o enormes! \u00c9 mais uma grande oportunidade de mostrar minha paix\u00e3o pela m\u00fasica. To muito ansiosa para subir ao palco mais uma vez, me dediquei muito, foram muitos ensaios e espero dar o meu melhor. Desde j\u00e1, agrade\u00e7o pelo apoio e conto com a torcida de todos!\u201d, destacou Mirella.<\/p>\n<p class=\"x_MsoNormal\" style=\"text-align: justify;\">\n","protected":false},"excerpt":{"rendered":"<p>Ap\u00f3s emocionar os jurados na etapa das Audi\u00e7\u00f5es \u00e0s Cegas, a juazeirense Mirella Campos voltar\u00e1 a se apresentar no programa The Voice Kids, na telinha da Rede Globo, neste domingo (04), \u00e0s 14h. Mirella vai disputar com mais duas crian\u00e7as e apenas uma seguir\u00e1 para a fase dos Shows. Mirella tem apenas 11 anos de [&hellip;]<\/p>\n","protected":false},"author":1,"featured_media":53270,"comment_status":"closed","ping_status":"open","sticky":false,"template":"","format":"standard","meta":{"_uag_custom_page_level_css":"","_monsterinsights_skip_tracking":false,"_monsterinsights_sitenote_active":false,"_monsterinsights_sitenote_note":"","_monsterinsights_sitenote_category":0,"jetpack_post_was_ever_published":false,"_jetpack_newsletter_access":"","_jetpack_dont_email_post_to_subs":false,"_jetpack_newsletter_tier_id":0,"_jetpack_memberships_contains_paywalled_content":false,"_jetpack_memberships_contains_paid_content":false,"footnotes":"","jetpack_publicize_message":"","jetpack_publicize_feature_enabled":true,"jetpack_social_post_already_shared":true,"jetpack_social_options":{"image_generator_settings":{"template":"highway","default_image_id":0,"font":"","enabled":false},"version":2}},"categories":[203],"tags":[],"class_list":["post-53268","post","type-post","status-publish","format-standard","has-post-thumbnail","hentry","category-juazeiro"],"jetpack_publicize_connections":[],"jetpack_featured_media_url":"https:\/\/blogopara.com.br\/wp-content\/uploads\/2023\/06\/thumbnail_WhatsApp-Image-2023-05-14-at-15.07.14.jpg","uagb_featured_image_src":{"full":["https:\/\/blogopara.com.br\/wp-content\/uploads\/2023\/06\/thumbnail_WhatsApp-Image-2023-05-14-at-15.07.14.jpg",500,284,false],"thumbnail":["https:\/\/blogopara.com.br\/wp-content\/uploads\/2023\/06\/thumbnail_WhatsApp-Image-2023-05-14-at-15.07.14-150x150.jpg",150,150,true],"medium":["https:\/\/blogopara.com.br\/wp-content\/uploads\/2023\/06\/thumbnail_WhatsApp-Image-2023-05-14-at-15.07.14-300x170.jpg",300,170,true],"medium_large":["https:\/\/blogopara.com.br\/wp-content\/uploads\/2023\/06\/thumbnail_WhatsApp-Image-2023-05-14-at-15.07.14.jpg",500,284,false],"large":["https:\/\/blogopara.com.br\/wp-content\/uploads\/2023\/06\/thumbnail_WhatsApp-Image-2023-05-14-at-15.07.14.jpg",500,284,false],"1536x1536":["https:\/\/blogopara.com.br\/wp-content\/uploads\/2023\/06\/thumbnail_WhatsApp-Image-2023-05-14-at-15.07.14.jpg",500,284,false],"2048x2048":["https:\/\/blogopara.com.br\/wp-content\/uploads\/2023\/06\/thumbnail_WhatsApp-Image-2023-05-14-at-15.07.14.jpg",500,284,false],"mantranews-slider-large":["https:\/\/blogopara.com.br\/wp-content\/uploads\/2023\/06\/thumbnail_WhatsApp-Image-2023-05-14-at-15.07.14.jpg",500,284,false],"mantranews-featured-medium":["https:\/\/blogopara.com.br\/wp-content\/uploads\/2023\/06\/thumbnail_WhatsApp-Image-2023-05-14-at-15.07.14-420x284.jpg",420,284,true],"mantranews-featured-long":["https:\/\/blogopara.com.br\/wp-content\/uploads\/2023\/06\/thumbnail_WhatsApp-Image-2023-05-14-at-15.07.14-300x284.jpg",300,284,true],"mantranews-block-medium":["https:\/\/blogopara.com.br\/wp-content\/uploads\/2023\/06\/thumbnail_WhatsApp-Image-2023-05-14-at-15.07.14-464x284.jpg",464,284,true],"mantranews-carousel-image":["https:\/\/blogopara.com.br\/wp-content\/uploads\/2023\/06\/thumbnail_WhatsApp-Image-2023-05-14-at-15.07.14.jpg",500,284,false],"mantranews-block-thumb":["https:\/\/blogopara.com.br\/wp-content\/uploads\/2023\/06\/thumbnail_WhatsApp-Image-2023-05-14-at-15.07.14-322x230.jpg",322,230,true],"mantranews-single-large":["https:\/\/blogopara.com.br\/wp-content\/uploads\/2023\/06\/thumbnail_WhatsApp-Image-2023-05-14-at-15.07.14.jpg",500,284,false]},"uagb_author_info":{"display_name":"Reda\u00e7\u00e3o geral","author_link":"https:\/\/blogopara.com.br\/index.php\/author\/blogopara"},"uagb_comment_info":0,"uagb_excerpt":"Ap\u00f3s emocionar os jurados na etapa das Audi\u00e7\u00f5es \u00e0s Cegas, a juazeirense Mirella Campos voltar\u00e1 a se apresentar no programa The Voice Kids, na telinha da Rede Globo, neste domingo (04), \u00e0s 14h. Mirella vai disputar com mais duas crian\u00e7as e apenas uma seguir\u00e1 para a fase dos Shows. Mirella tem apenas 11 anos de&hellip;","jetpack_sharing_enabled":true,"jetpack_likes_enabled":true,"_links":{"self":[{"href":"https:\/\/blogopara.com.br\/index.php\/wp-json\/wp\/v2\/posts\/53268","targetHints":{"allow":["GET"]}}],"collection":[{"href":"https:\/\/blogopara.com.br\/index.php\/wp-json\/wp\/v2\/posts"}],"about":[{"href":"https:\/\/blogopara.com.br\/index.php\/wp-json\/wp\/v2\/types\/post"}],"author":[{"embeddable":true,"href":"https:\/\/blogopara.com.br\/index.php\/wp-json\/wp\/v2\/users\/1"}],"replies":[{"embeddable":true,"href":"https:\/\/blogopara.com.br\/index.php\/wp-json\/wp\/v2\/comments?post=53268"}],"version-history":[{"count":1,"href":"https:\/\/blogopara.com.br\/index.php\/wp-json\/wp\/v2\/posts\/53268\/revisions"}],"predecessor-version":[{"id":53271,"href":"https:\/\/blogopara.com.br\/index.php\/wp-json\/wp\/v2\/posts\/53268\/revisions\/53271"}],"wp:featuredmedia":[{"embeddable":true,"href":"https:\/\/blogopara.com.br\/index.php\/wp-json\/wp\/v2\/media\/53270"}],"wp:attachment":[{"href":"https:\/\/blogopara.com.br\/index.php\/wp-json\/wp\/v2\/media?parent=53268"}],"wp:term":[{"taxonomy":"category","embeddable":true,"href":"https:\/\/blogopara.com.br\/index.php\/wp-json\/wp\/v2\/categories?post=53268"},{"taxonomy":"post_tag","embeddable":true,"href":"https:\/\/blogopara.com.br\/index.php\/wp-json\/wp\/v2\/tags?post=53268"}],"curies":[{"name":"wp","href":"https:\/\/api.w.org\/{rel}","templated":true}]}}