{"id":53367,"date":"2023-06-07T09:52:00","date_gmt":"2023-06-07T12:52:00","guid":{"rendered":"https:\/\/blogopara.com.br\/?p=53367"},"modified":"2023-06-06T16:56:44","modified_gmt":"2023-06-06T19:56:44","slug":"e-hoje-show-gratuito-de-tayrone-abre-santo-antonio-das-tradicoes-na-orla-de-juazeiro","status":"publish","type":"post","link":"https:\/\/blogopara.com.br\/index.php\/2023\/06\/07\/e-hoje-show-gratuito-de-tayrone-abre-santo-antonio-das-tradicoes-na-orla-de-juazeiro","title":{"rendered":"\u00c9 hoje: Show gratuito de Tayrone abre Santo Ant\u00f4nio das Tradi\u00e7\u00f5es na Orla de Juazeiro"},"content":{"rendered":"<p class=\"x_MsoNormal\" style=\"text-align: justify;\">Nesta quarta-feira (07), o cantor Tayrone vai abrir a II edi\u00e7\u00e3o do Santo Ant\u00f4nio das Tradi\u00e7\u00f5es em Juazeiro. O evento gratuito, idealizado pela gest\u00e3o Suzana Ramos, tem como objetivo promover o resgate cultural no munic\u00edpio e vai acontecer na Orla II de Juazeiro de 7 a 10 de junho. Este ano, festa tem como tema: \u201cNa Terra de Jo\u00e3o se mant\u00e9m a tradi\u00e7\u00e3o\u201d.<\/p>\n<p class=\"x_MsoNormal\" style=\"text-align: justify;\">O festejo junino realizado pela Prefeitura de Juazeiro, por meio da Secretaria de Cultura e Turismo (Seculte) conta o apoio do governo do estado, por meio da Superintend\u00eancia de Fomento ao Turismo (Sufotur) e dos deputados estaduais Jord\u00e1vio ramos e Roberto Carlos, traz uma programa\u00e7\u00e3o diversificada, com shows musicais e o Concurso de Quadrilhas Juninas. A entrada de bebidas ser\u00e1 liberada, sendo proibida as garrafas de vidro e palitos de espetinho.<\/p>\n<p class=\"x_MsoNormal\" style=\"text-align: justify;\">\u201cN\u00f3s estamos promovendo o resgate de uma cultura tradicional do Nordeste em nossa Juazeiro. E vamos abrir o nosso Santo Ant\u00f4nio das Tradi\u00e7\u00f5es com Tayrone que vai fazer todo mundo dan\u00e7ar muito e ainda teremos Taty Vaqueira, Brena Miranda e Sergio do Forro na abertura e muitas outras atra\u00e7\u00f5es boas nos outros dias de festa. Vai ser uma festa linda, popular e gratuita para todos\u201d, disse a prefeita Suzana Ramos.<\/p>\n<p class=\"x_MsoNormal\" style=\"text-align: justify;\">O cantor Tayrone falou da alegria em se apresentar mais uma vez em Juazeiro e aproveitou para convidar toda popula\u00e7\u00e3o para a festa. \u201cVamos fazer uma festa especial nesta quarta-feira no Santo Ant\u00f4nio das Tradi\u00e7\u00f5es em Juazeiro e matar a saudade dessa galera. Preparei um report\u00f3rio massa e quero ver todo mundo l\u00e1\u201d, disse o cantor.<\/p>\n<p class=\"x_MsoNormal\" style=\"text-align: justify;\">\n<p class=\"x_MsoNormal\" style=\"text-align: justify;\"><b>Confira a programa\u00e7\u00e3o:<\/b><\/p>\n<p class=\"x_MsoNormal\" style=\"text-align: justify;\">\n<p class=\"x_MsoNormal\" style=\"text-align: justify;\">\u00a0<b>Quarta-feira &#8211; 07 de junho<\/b><\/p>\n<p class=\"x_MsoNormal\" style=\"text-align: justify;\">\n<p class=\"x_MsoNormal\" style=\"text-align: justify;\">\u2013 Tayrone<\/p>\n<p class=\"x_MsoNormal\" style=\"text-align: justify;\">\n<p class=\"x_MsoNormal\" style=\"text-align: justify;\">\u2013 Taty Vaqueira<\/p>\n<p class=\"x_MsoNormal\" style=\"text-align: justify;\">\n<p class=\"x_MsoNormal\" style=\"text-align: justify;\">\u2013 Brena Miranda<\/p>\n<p class=\"x_MsoNormal\" style=\"text-align: justify;\">\n<p class=\"x_MsoNormal\" style=\"text-align: justify;\">\u2013 S\u00e9rgio do Forr\u00f3<\/p>\n<p class=\"x_MsoNormal\" style=\"text-align: justify;\">\n<p class=\"x_MsoNormal\" style=\"text-align: justify;\"><b>Quinta-feira &#8211; 08 de junho<\/b><\/p>\n<p class=\"x_MsoNormal\" style=\"text-align: justify;\">\n<p class=\"x_MsoNormal\" style=\"text-align: justify;\">\u2013 Concurso de Quadrilha Junina<\/p>\n<p class=\"x_MsoNormal\" style=\"text-align: justify;\">\n<p class=\"x_MsoNormal\" style=\"text-align: justify;\">\u2013 M\u00e1rio Santos<\/p>\n<p class=\"x_MsoNormal\" style=\"text-align: justify;\">\n<p class=\"x_MsoNormal\" style=\"text-align: justify;\"><b>Sexta-feira &#8211; 09 de junho<\/b><\/p>\n<p class=\"x_MsoNormal\" style=\"text-align: justify;\">\n<p class=\"x_MsoNormal\" style=\"text-align: justify;\">-Targino Gondim<\/p>\n<p class=\"x_MsoNormal\" style=\"text-align: justify;\">\n<p class=\"x_MsoNormal\" style=\"text-align: justify;\">-Tom Bahia<\/p>\n<p class=\"x_MsoNormal\" style=\"text-align: justify;\">\n<p class=\"x_MsoNormal\" style=\"text-align: justify;\">-Dudu Almeida<\/p>\n<p class=\"x_MsoNormal\" style=\"text-align: justify;\">\n<p class=\"x_MsoNormal\" style=\"text-align: justify;\">-\u00cdtalo e Maciel<\/p>\n<p class=\"x_MsoNormal\" style=\"text-align: justify;\">\n<p class=\"x_MsoNormal\" style=\"text-align: justify;\"><b>S\u00e1bado &#8211; 10 de junho<\/b><\/p>\n<p class=\"x_MsoNormal\" style=\"text-align: justify;\">\n<p class=\"x_MsoNormal\" style=\"text-align: justify;\">-Frank e Alex<\/p>\n<p class=\"x_MsoNormal\" style=\"text-align: justify;\">\n<p class=\"x_MsoNormal\" style=\"text-align: justify;\">-J\u00f3 do Acordeon<\/p>\n<p class=\"x_MsoNormal\" style=\"text-align: justify;\">\n<p class=\"x_MsoNormal\" style=\"text-align: justify;\">-Raimundinho do Acordeon<\/p>\n<p class=\"x_MsoNormal\" style=\"text-align: justify;\">\n<p class=\"x_MsoNormal\" style=\"text-align: justify;\">-Gervilson Duarte<\/p>\n","protected":false},"excerpt":{"rendered":"<p>Nesta quarta-feira (07), o cantor Tayrone vai abrir a II edi\u00e7\u00e3o do Santo Ant\u00f4nio das Tradi\u00e7\u00f5es em Juazeiro. O evento gratuito, idealizado pela gest\u00e3o Suzana Ramos, tem como objetivo promover o resgate cultural no munic\u00edpio e vai acontecer na Orla II de Juazeiro de 7 a 10 de junho. Este ano, festa tem como tema: [&hellip;]<\/p>\n","protected":false},"author":1,"featured_media":53368,"comment_status":"closed","ping_status":"open","sticky":false,"template":"","format":"standard","meta":{"_uag_custom_page_level_css":"","_monsterinsights_skip_tracking":false,"_monsterinsights_sitenote_active":false,"_monsterinsights_sitenote_note":"","_monsterinsights_sitenote_category":0,"jetpack_post_was_ever_published":false,"_jetpack_newsletter_access":"","_jetpack_dont_email_post_to_subs":false,"_jetpack_newsletter_tier_id":0,"_jetpack_memberships_contains_paywalled_content":false,"_jetpack_memberships_contains_paid_content":false,"footnotes":"","jetpack_publicize_message":"","jetpack_publicize_feature_enabled":true,"jetpack_social_post_already_shared":true,"jetpack_social_options":{"image_generator_settings":{"template":"highway","default_image_id":0,"font":"","enabled":false},"version":2}},"categories":[1784],"tags":[],"class_list":["post-53367","post","type-post","status-publish","format-standard","has-post-thumbnail","hentry","category-cultura-2"],"jetpack_publicize_connections":[],"jetpack_featured_media_url":"https:\/\/blogopara.com.br\/wp-content\/uploads\/2023\/06\/thumbnail_WhatsApp-Image-2023-06-01-at-16.52.18.jpg","uagb_featured_image_src":{"full":["https:\/\/blogopara.com.br\/wp-content\/uploads\/2023\/06\/thumbnail_WhatsApp-Image-2023-06-01-at-16.52.18.jpg",500,281,false],"thumbnail":["https:\/\/blogopara.com.br\/wp-content\/uploads\/2023\/06\/thumbnail_WhatsApp-Image-2023-06-01-at-16.52.18-150x150.jpg",150,150,true],"medium":["https:\/\/blogopara.com.br\/wp-content\/uploads\/2023\/06\/thumbnail_WhatsApp-Image-2023-06-01-at-16.52.18-300x169.jpg",300,169,true],"medium_large":["https:\/\/blogopara.com.br\/wp-content\/uploads\/2023\/06\/thumbnail_WhatsApp-Image-2023-06-01-at-16.52.18.jpg",500,281,false],"large":["https:\/\/blogopara.com.br\/wp-content\/uploads\/2023\/06\/thumbnail_WhatsApp-Image-2023-06-01-at-16.52.18.jpg",500,281,false],"1536x1536":["https:\/\/blogopara.com.br\/wp-content\/uploads\/2023\/06\/thumbnail_WhatsApp-Image-2023-06-01-at-16.52.18.jpg",500,281,false],"2048x2048":["https:\/\/blogopara.com.br\/wp-content\/uploads\/2023\/06\/thumbnail_WhatsApp-Image-2023-06-01-at-16.52.18.jpg",500,281,false],"mantranews-slider-large":["https:\/\/blogopara.com.br\/wp-content\/uploads\/2023\/06\/thumbnail_WhatsApp-Image-2023-06-01-at-16.52.18.jpg",500,281,false],"mantranews-featured-medium":["https:\/\/blogopara.com.br\/wp-content\/uploads\/2023\/06\/thumbnail_WhatsApp-Image-2023-06-01-at-16.52.18-420x281.jpg",420,281,true],"mantranews-featured-long":["https:\/\/blogopara.com.br\/wp-content\/uploads\/2023\/06\/thumbnail_WhatsApp-Image-2023-06-01-at-16.52.18-300x281.jpg",300,281,true],"mantranews-block-medium":["https:\/\/blogopara.com.br\/wp-content\/uploads\/2023\/06\/thumbnail_WhatsApp-Image-2023-06-01-at-16.52.18-464x281.jpg",464,281,true],"mantranews-carousel-image":["https:\/\/blogopara.com.br\/wp-content\/uploads\/2023\/06\/thumbnail_WhatsApp-Image-2023-06-01-at-16.52.18.jpg",500,281,false],"mantranews-block-thumb":["https:\/\/blogopara.com.br\/wp-content\/uploads\/2023\/06\/thumbnail_WhatsApp-Image-2023-06-01-at-16.52.18-322x230.jpg",322,230,true],"mantranews-single-large":["https:\/\/blogopara.com.br\/wp-content\/uploads\/2023\/06\/thumbnail_WhatsApp-Image-2023-06-01-at-16.52.18.jpg",500,281,false]},"uagb_author_info":{"display_name":"Reda\u00e7\u00e3o geral","author_link":"https:\/\/blogopara.com.br\/index.php\/author\/blogopara"},"uagb_comment_info":0,"uagb_excerpt":"Nesta quarta-feira (07), o cantor Tayrone vai abrir a II edi\u00e7\u00e3o do Santo Ant\u00f4nio das Tradi\u00e7\u00f5es em Juazeiro. O evento gratuito, idealizado pela gest\u00e3o Suzana Ramos, tem como objetivo promover o resgate cultural no munic\u00edpio e vai acontecer na Orla II de Juazeiro de 7 a 10 de junho. Este ano, festa tem como tema:&hellip;","jetpack_sharing_enabled":true,"jetpack_likes_enabled":true,"_links":{"self":[{"href":"https:\/\/blogopara.com.br\/index.php\/wp-json\/wp\/v2\/posts\/53367","targetHints":{"allow":["GET"]}}],"collection":[{"href":"https:\/\/blogopara.com.br\/index.php\/wp-json\/wp\/v2\/posts"}],"about":[{"href":"https:\/\/blogopara.com.br\/index.php\/wp-json\/wp\/v2\/types\/post"}],"author":[{"embeddable":true,"href":"https:\/\/blogopara.com.br\/index.php\/wp-json\/wp\/v2\/users\/1"}],"replies":[{"embeddable":true,"href":"https:\/\/blogopara.com.br\/index.php\/wp-json\/wp\/v2\/comments?post=53367"}],"version-history":[{"count":1,"href":"https:\/\/blogopara.com.br\/index.php\/wp-json\/wp\/v2\/posts\/53367\/revisions"}],"predecessor-version":[{"id":53369,"href":"https:\/\/blogopara.com.br\/index.php\/wp-json\/wp\/v2\/posts\/53367\/revisions\/53369"}],"wp:featuredmedia":[{"embeddable":true,"href":"https:\/\/blogopara.com.br\/index.php\/wp-json\/wp\/v2\/media\/53368"}],"wp:attachment":[{"href":"https:\/\/blogopara.com.br\/index.php\/wp-json\/wp\/v2\/media?parent=53367"}],"wp:term":[{"taxonomy":"category","embeddable":true,"href":"https:\/\/blogopara.com.br\/index.php\/wp-json\/wp\/v2\/categories?post=53367"},{"taxonomy":"post_tag","embeddable":true,"href":"https:\/\/blogopara.com.br\/index.php\/wp-json\/wp\/v2\/tags?post=53367"}],"curies":[{"name":"wp","href":"https:\/\/api.w.org\/{rel}","templated":true}]}}