{"id":53379,"date":"2023-06-07T08:30:00","date_gmt":"2023-06-07T11:30:00","guid":{"rendered":"https:\/\/blogopara.com.br\/?p=53379"},"modified":"2023-06-06T17:09:22","modified_gmt":"2023-06-06T20:09:22","slug":"uneb-convoca-aprovados-em-concurso-publico-para-professor","status":"publish","type":"post","link":"https:\/\/blogopara.com.br\/index.php\/2023\/06\/07\/uneb-convoca-aprovados-em-concurso-publico-para-professor","title":{"rendered":"Uneb convoca aprovados em concurso p\u00fablico para professor"},"content":{"rendered":"<p style=\"text-align: justify;\">A Universidade do Estado da Bahia (Uneb) publicou, nesta ter\u00e7a-feira (6), a portaria de convoca\u00e7\u00e3o de 120 aprovados veja aqui agenciadecomunicacao.uneb.br\/wp-content\/uploads\/2023\/06\/DOE_2023-06-06_Convocacao_Concurso_Docente.pdf para o cargo de Professor Auxiliar, N\u00edvel A, do Quadro de Carreira Docente da universidade (Edital 034\/2022).<\/p>\n<p style=\"text-align: justify;\">A convoca\u00e7\u00e3o segue os termos do acordo judicial, assinado pela Uneb e pelo Minist\u00e9rio P\u00fablico estadual (MP-BA), que invalidou a a\u00e7\u00e3o civil p\u00fablica, cujo pleito era a anula\u00e7\u00e3o de todo o processo seletivo.<\/p>\n<p style=\"text-align: justify;\">Documentos<\/p>\n<p style=\"text-align: justify;\">Os 120 aprovados nesta primeira convoca\u00e7\u00e3o devem encaminhar, at\u00e9 o dia 5 de julho, os documentos necess\u00e1rios para a nomea\u00e7\u00e3o \u00e0 Coordena\u00e7\u00e3o de Ingresso e Cess\u00e3o de Pessoal (COICP), da Pr\u00f3-Reitoria de Gest\u00e3o e Desenvolvimento de Pessoas (PGDP), exclusivamente atrav\u00e9s do e-mail admissao2022@uneb.br (veja a lista de documentos e orienta\u00e7\u00f5es de envio aqui). agenciadecomunicacao.uneb.br\/wp-content\/uploads\/2023\/06\/DOE_2023-06-06_Convocacao_Concurso_Docente.pdf<\/p>\n<p style=\"text-align: justify;\">A portaria traz ainda a reclassifica\u00e7\u00e3o dos candidatos ap\u00f3s elimina\u00e7\u00e3o dos concorrentes que identificaram as suas provas escritas (1\u00aa etapa do certame) com nome ou rubrica. A convoca\u00e7\u00e3o dos cinco aprovados nestes componentes ser\u00e1 publicada nos pr\u00f3ximos dias.<\/p>\n<p style=\"text-align: justify;\">Termos do acordo<\/p>\n<p style=\"text-align: justify;\">Apenas sete vagas das 134 ofertadas pelo certame foram anuladas, a saber: 002, 009, 016, 036, 051, 056, 102. Para estes componentes curriculares ser\u00e1 publicado novo edital dentro do prazo m\u00e1ximo de 90 dias. Em mais duas vagas (104 e 116) a Uneb j\u00e1 instaurou processo administrativo para apurar a den\u00fancia apresentada pelo MP-BA e adotar as medidas cab\u00edveis.<\/p>\n","protected":false},"excerpt":{"rendered":"<p>A Universidade do Estado da Bahia (Uneb) publicou, nesta ter\u00e7a-feira (6), a portaria de convoca\u00e7\u00e3o de 120 aprovados veja aqui agenciadecomunicacao.uneb.br\/wp-content\/uploads\/2023\/06\/DOE_2023-06-06_Convocacao_Concurso_Docente.pdf para o cargo de Professor Auxiliar, N\u00edvel A, do Quadro de Carreira Docente da universidade (Edital 034\/2022). A convoca\u00e7\u00e3o segue os termos do acordo judicial, assinado pela Uneb e pelo Minist\u00e9rio P\u00fablico estadual (MP-BA), [&hellip;]<\/p>\n","protected":false},"author":1,"featured_media":35998,"comment_status":"closed","ping_status":"open","sticky":false,"template":"","format":"standard","meta":{"_uag_custom_page_level_css":"","_monsterinsights_skip_tracking":false,"_monsterinsights_sitenote_active":false,"_monsterinsights_sitenote_note":"","_monsterinsights_sitenote_category":0,"jetpack_post_was_ever_published":false,"_jetpack_newsletter_access":"","_jetpack_dont_email_post_to_subs":false,"_jetpack_newsletter_tier_id":0,"_jetpack_memberships_contains_paywalled_content":false,"_jetpack_memberships_contains_paid_content":false,"footnotes":"","jetpack_publicize_message":"","jetpack_publicize_feature_enabled":true,"jetpack_social_post_already_shared":true,"jetpack_social_options":{"image_generator_settings":{"template":"highway","default_image_id":0,"font":"","enabled":false},"version":2}},"categories":[199,209],"tags":[],"class_list":["post-53379","post","type-post","status-publish","format-standard","has-post-thumbnail","hentry","category-bahia","category-educacao"],"jetpack_publicize_connections":[],"jetpack_featured_media_url":"https:\/\/blogopara.com.br\/wp-content\/uploads\/2022\/04\/uneb-1.webp","uagb_featured_image_src":{"full":["https:\/\/blogopara.com.br\/wp-content\/uploads\/2022\/04\/uneb-1.webp",984,656,false],"thumbnail":["https:\/\/blogopara.com.br\/wp-content\/uploads\/2022\/04\/uneb-1-150x150.webp",150,150,true],"medium":["https:\/\/blogopara.com.br\/wp-content\/uploads\/2022\/04\/uneb-1-300x200.webp",300,200,true],"medium_large":["https:\/\/blogopara.com.br\/wp-content\/uploads\/2022\/04\/uneb-1-768x512.webp",640,427,true],"large":["https:\/\/blogopara.com.br\/wp-content\/uploads\/2022\/04\/uneb-1.webp",640,427,false],"1536x1536":["https:\/\/blogopara.com.br\/wp-content\/uploads\/2022\/04\/uneb-1.webp",984,656,false],"2048x2048":["https:\/\/blogopara.com.br\/wp-content\/uploads\/2022\/04\/uneb-1.webp",984,656,false],"mantranews-slider-large":["https:\/\/blogopara.com.br\/wp-content\/uploads\/2022\/04\/uneb-1.webp",984,656,false],"mantranews-featured-medium":["https:\/\/blogopara.com.br\/wp-content\/uploads\/2022\/04\/uneb-1-420x307.webp",420,307,true],"mantranews-featured-long":["https:\/\/blogopara.com.br\/wp-content\/uploads\/2022\/04\/uneb-1-300x443.webp",300,443,true],"mantranews-block-medium":["https:\/\/blogopara.com.br\/wp-content\/uploads\/2022\/04\/uneb-1-464x290.webp",464,290,true],"mantranews-carousel-image":["https:\/\/blogopara.com.br\/wp-content\/uploads\/2022\/04\/uneb-1-600x500.webp",600,500,true],"mantranews-block-thumb":["https:\/\/blogopara.com.br\/wp-content\/uploads\/2022\/04\/uneb-1-322x230.webp",322,230,true],"mantranews-single-large":["https:\/\/blogopara.com.br\/wp-content\/uploads\/2022\/04\/uneb-1-984x642.webp",984,642,true]},"uagb_author_info":{"display_name":"Reda\u00e7\u00e3o geral","author_link":"https:\/\/blogopara.com.br\/index.php\/author\/blogopara"},"uagb_comment_info":0,"uagb_excerpt":"A Universidade do Estado da Bahia (Uneb) publicou, nesta ter\u00e7a-feira (6), a portaria de convoca\u00e7\u00e3o de 120 aprovados veja aqui agenciadecomunicacao.uneb.br\/wp-content\/uploads\/2023\/06\/DOE_2023-06-06_Convocacao_Concurso_Docente.pdf para o cargo de Professor Auxiliar, N\u00edvel A, do Quadro de Carreira Docente da universidade (Edital 034\/2022). A convoca\u00e7\u00e3o segue os termos do acordo judicial, assinado pela Uneb e pelo Minist\u00e9rio P\u00fablico estadual (MP-BA),&hellip;","jetpack_sharing_enabled":true,"jetpack_likes_enabled":true,"_links":{"self":[{"href":"https:\/\/blogopara.com.br\/index.php\/wp-json\/wp\/v2\/posts\/53379","targetHints":{"allow":["GET"]}}],"collection":[{"href":"https:\/\/blogopara.com.br\/index.php\/wp-json\/wp\/v2\/posts"}],"about":[{"href":"https:\/\/blogopara.com.br\/index.php\/wp-json\/wp\/v2\/types\/post"}],"author":[{"embeddable":true,"href":"https:\/\/blogopara.com.br\/index.php\/wp-json\/wp\/v2\/users\/1"}],"replies":[{"embeddable":true,"href":"https:\/\/blogopara.com.br\/index.php\/wp-json\/wp\/v2\/comments?post=53379"}],"version-history":[{"count":1,"href":"https:\/\/blogopara.com.br\/index.php\/wp-json\/wp\/v2\/posts\/53379\/revisions"}],"predecessor-version":[{"id":53380,"href":"https:\/\/blogopara.com.br\/index.php\/wp-json\/wp\/v2\/posts\/53379\/revisions\/53380"}],"wp:featuredmedia":[{"embeddable":true,"href":"https:\/\/blogopara.com.br\/index.php\/wp-json\/wp\/v2\/media\/35998"}],"wp:attachment":[{"href":"https:\/\/blogopara.com.br\/index.php\/wp-json\/wp\/v2\/media?parent=53379"}],"wp:term":[{"taxonomy":"category","embeddable":true,"href":"https:\/\/blogopara.com.br\/index.php\/wp-json\/wp\/v2\/categories?post=53379"},{"taxonomy":"post_tag","embeddable":true,"href":"https:\/\/blogopara.com.br\/index.php\/wp-json\/wp\/v2\/tags?post=53379"}],"curies":[{"name":"wp","href":"https:\/\/api.w.org\/{rel}","templated":true}]}}