{"id":53390,"date":"2023-06-08T07:33:00","date_gmt":"2023-06-08T10:33:00","guid":{"rendered":"https:\/\/blogopara.com.br\/?p=53390"},"modified":"2023-06-06T20:13:55","modified_gmt":"2023-06-06T23:13:55","slug":"gestao-suzana-ramos-amplia-oferta-de-especialidades-na-policlinica-e-fecha-quadrimestre-com-mais-de-6-mil-atendimentos","status":"publish","type":"post","link":"https:\/\/blogopara.com.br\/index.php\/2023\/06\/08\/gestao-suzana-ramos-amplia-oferta-de-especialidades-na-policlinica-e-fecha-quadrimestre-com-mais-de-6-mil-atendimentos","title":{"rendered":"Gest\u00e3o Suzana Ramos amplia oferta de especialidades na Policl\u00ednica e fecha quadrimestre com mais de 6 mil atendimentos"},"content":{"rendered":"<p style=\"text-align: justify;\">A Policl\u00ednica Municipal de Juazeiro &#8211; Dr. M\u00e1rcio Souza Esp\u00ednola Ramos alcan\u00e7ou no primeiro quadrimestre de 2023, mais de 6 mil atendimentos entre consultas e procedimentos. Inaugurada em Julho do ano passado pela gest\u00e3o Suzana Ramos, atrav\u00e9s da Secretaria Municipal de Sa\u00fade (Sesau), o pr\u00e9dio foi todo requalificado e passou a contar com seis consult\u00f3rios, consult\u00f3rio ginecol\u00f3gico, salas de mamografia, raio-x digital, endoscopia, ultrassonografia, ecocardiograma, eletrocardiograma, e pequenos procedimentos.<br aria-hidden=\"true\" \/><br aria-hidden=\"true\" \/>Na unidade s\u00e3o realizados 11 procedimentos e atendimento para 16 especialidades m\u00e9dicas. Recentemente passou a contar tamb\u00e9m com Dermatologista, Endocrinologista, Reumatologista e outro Cardiologista na equipe.<br aria-hidden=\"true\" \/><br aria-hidden=\"true\" \/>Com um investimento em torno de R$ 1 milh\u00e3o, a gest\u00e3o Suzana Ramos transformou a Policl\u00ednica Municipal que hoje \u201c\u00e9 uma refer\u00eancia no atendimento de sa\u00fade na cidade\u201d, destacou a Prefeita Suzana Ramos, ressaltando que \u201co aumento de especialidades e o n\u00famero de atendimentos mostram o nosso compromisso com a oferta de uma sa\u00fade de qualidade e humanizada. Nossa meta \u00e9 ampliarmos ainda mais a oferta de especialidades e os procedimentos para atender melhor a popula\u00e7\u00e3o\u201d, afirmou Suzana Ramos.<br aria-hidden=\"true\" \/><br aria-hidden=\"true\" \/>O equipamento recebe a demanda das Unidades B\u00e1sicas de Sa\u00fade (UBS) e tamb\u00e9m da Central de Marca\u00e7\u00e3o do munic\u00edpio. \u201cEstamos mais uma vez inovando e estruturando o fluxo de encaminhamento de pacientes das UBSs e da Central de Marca\u00e7\u00e3o para a Policl\u00ednica. Esse processo est\u00e1 sendo todo informatizado para dar mais celeridade \u00e0s marca\u00e7\u00f5es e qualidade nas consultas e exames desses pacientes\u201d, informou o Secret\u00e1rio de Sa\u00fade Allan Jones.<br aria-hidden=\"true\" \/><br aria-hidden=\"true\" \/>Jo\u00e3o Carlos Nascimento Santos, trouxe o filho Jean Carlos de Souza Costa Santos, 21 anos, para uma consulta com neurologista e aprovou o atendimento. \u201cVim consultar meu filho e mostrar ao neurologista uma resson\u00e2ncia magn\u00e9tica. O m\u00e9dico atendeu bem, explicou direitinho, a consulta foi muito boa\u201d, relatou Jo\u00e3o Carlos.<br aria-hidden=\"true\" \/><br aria-hidden=\"true\" \/><b>Especialidades<\/b><br aria-hidden=\"true\" \/><br aria-hidden=\"true\" \/>Hoje, a Policl\u00ednica conta com os seguintes atendimentos especializados: Cl\u00ednico geral; Cardiologia; Ginecologia; Geriatria; Ortopedia; Otorrinolaringologia; Nutri\u00e7\u00e3o; Podologia; Cirurgi\u00e3o; Neuropediatria; Neurologia; Dermatologia; Endocrinologia; Gastroenterologia; Ultrassonografia e Reumatologia<br aria-hidden=\"true\" \/><br aria-hidden=\"true\" \/><b>Procedimentos<\/b><br aria-hidden=\"true\" \/><br aria-hidden=\"true\" \/>Eletrocardiograma; Ecocardiograma; Inser\u00e7\u00e3o de DIU; Citologia do colo uterino; Colposcopia Aplica\u00e7\u00e3o de ATA; Bi\u00f3psia do colo uterino; Pequenas cirurgias; USG (transvaginal, abd\u00f4men total, mama e vias urin\u00e1rias); Remo\u00e7\u00e3o de cerume; Endoscopia; Eletroneuromiografia.<\/p>\n","protected":false},"excerpt":{"rendered":"<p>A Policl\u00ednica Municipal de Juazeiro &#8211; Dr. M\u00e1rcio Souza Esp\u00ednola Ramos alcan\u00e7ou no primeiro quadrimestre de 2023, mais de 6 mil atendimentos entre consultas e procedimentos. Inaugurada em Julho do ano passado pela gest\u00e3o Suzana Ramos, atrav\u00e9s da Secretaria Municipal de Sa\u00fade (Sesau), o pr\u00e9dio foi todo requalificado e passou a contar com seis consult\u00f3rios, [&hellip;]<\/p>\n","protected":false},"author":1,"featured_media":41055,"comment_status":"closed","ping_status":"open","sticky":false,"template":"","format":"standard","meta":{"_uag_custom_page_level_css":"","_monsterinsights_skip_tracking":false,"_monsterinsights_sitenote_active":false,"_monsterinsights_sitenote_note":"","_monsterinsights_sitenote_category":0,"jetpack_post_was_ever_published":false,"_jetpack_newsletter_access":"","_jetpack_dont_email_post_to_subs":false,"_jetpack_newsletter_tier_id":0,"_jetpack_memberships_contains_paywalled_content":false,"_jetpack_memberships_contains_paid_content":false,"footnotes":"","jetpack_publicize_message":"","jetpack_publicize_feature_enabled":true,"jetpack_social_post_already_shared":true,"jetpack_social_options":{"image_generator_settings":{"template":"highway","default_image_id":0,"font":"","enabled":false},"version":2}},"categories":[205],"tags":[],"class_list":["post-53390","post","type-post","status-publish","format-standard","has-post-thumbnail","hentry","category-saude"],"jetpack_publicize_connections":[],"jetpack_featured_media_url":"https:\/\/blogopara.com.br\/wp-content\/uploads\/2022\/08\/Suzana-Ramos.jpg","uagb_featured_image_src":{"full":["https:\/\/blogopara.com.br\/wp-content\/uploads\/2022\/08\/Suzana-Ramos.jpg",500,331,false],"thumbnail":["https:\/\/blogopara.com.br\/wp-content\/uploads\/2022\/08\/Suzana-Ramos-150x150.jpg",150,150,true],"medium":["https:\/\/blogopara.com.br\/wp-content\/uploads\/2022\/08\/Suzana-Ramos-300x199.jpg",300,199,true],"medium_large":["https:\/\/blogopara.com.br\/wp-content\/uploads\/2022\/08\/Suzana-Ramos.jpg",500,331,false],"large":["https:\/\/blogopara.com.br\/wp-content\/uploads\/2022\/08\/Suzana-Ramos.jpg",500,331,false],"1536x1536":["https:\/\/blogopara.com.br\/wp-content\/uploads\/2022\/08\/Suzana-Ramos.jpg",500,331,false],"2048x2048":["https:\/\/blogopara.com.br\/wp-content\/uploads\/2022\/08\/Suzana-Ramos.jpg",500,331,false],"mantranews-slider-large":["https:\/\/blogopara.com.br\/wp-content\/uploads\/2022\/08\/Suzana-Ramos.jpg",500,331,false],"mantranews-featured-medium":["https:\/\/blogopara.com.br\/wp-content\/uploads\/2022\/08\/Suzana-Ramos-420x307.jpg",420,307,true],"mantranews-featured-long":["https:\/\/blogopara.com.br\/wp-content\/uploads\/2022\/08\/Suzana-Ramos-300x331.jpg",300,331,true],"mantranews-block-medium":["https:\/\/blogopara.com.br\/wp-content\/uploads\/2022\/08\/Suzana-Ramos-464x290.jpg",464,290,true],"mantranews-carousel-image":["https:\/\/blogopara.com.br\/wp-content\/uploads\/2022\/08\/Suzana-Ramos.jpg",500,331,false],"mantranews-block-thumb":["https:\/\/blogopara.com.br\/wp-content\/uploads\/2022\/08\/Suzana-Ramos-322x230.jpg",322,230,true],"mantranews-single-large":["https:\/\/blogopara.com.br\/wp-content\/uploads\/2022\/08\/Suzana-Ramos.jpg",500,331,false]},"uagb_author_info":{"display_name":"Reda\u00e7\u00e3o geral","author_link":"https:\/\/blogopara.com.br\/index.php\/author\/blogopara"},"uagb_comment_info":0,"uagb_excerpt":"A Policl\u00ednica Municipal de Juazeiro &#8211; Dr. M\u00e1rcio Souza Esp\u00ednola Ramos alcan\u00e7ou no primeiro quadrimestre de 2023, mais de 6 mil atendimentos entre consultas e procedimentos. Inaugurada em Julho do ano passado pela gest\u00e3o Suzana Ramos, atrav\u00e9s da Secretaria Municipal de Sa\u00fade (Sesau), o pr\u00e9dio foi todo requalificado e passou a contar com seis consult\u00f3rios,&hellip;","jetpack_sharing_enabled":true,"jetpack_likes_enabled":true,"_links":{"self":[{"href":"https:\/\/blogopara.com.br\/index.php\/wp-json\/wp\/v2\/posts\/53390","targetHints":{"allow":["GET"]}}],"collection":[{"href":"https:\/\/blogopara.com.br\/index.php\/wp-json\/wp\/v2\/posts"}],"about":[{"href":"https:\/\/blogopara.com.br\/index.php\/wp-json\/wp\/v2\/types\/post"}],"author":[{"embeddable":true,"href":"https:\/\/blogopara.com.br\/index.php\/wp-json\/wp\/v2\/users\/1"}],"replies":[{"embeddable":true,"href":"https:\/\/blogopara.com.br\/index.php\/wp-json\/wp\/v2\/comments?post=53390"}],"version-history":[{"count":1,"href":"https:\/\/blogopara.com.br\/index.php\/wp-json\/wp\/v2\/posts\/53390\/revisions"}],"predecessor-version":[{"id":53391,"href":"https:\/\/blogopara.com.br\/index.php\/wp-json\/wp\/v2\/posts\/53390\/revisions\/53391"}],"wp:featuredmedia":[{"embeddable":true,"href":"https:\/\/blogopara.com.br\/index.php\/wp-json\/wp\/v2\/media\/41055"}],"wp:attachment":[{"href":"https:\/\/blogopara.com.br\/index.php\/wp-json\/wp\/v2\/media?parent=53390"}],"wp:term":[{"taxonomy":"category","embeddable":true,"href":"https:\/\/blogopara.com.br\/index.php\/wp-json\/wp\/v2\/categories?post=53390"},{"taxonomy":"post_tag","embeddable":true,"href":"https:\/\/blogopara.com.br\/index.php\/wp-json\/wp\/v2\/tags?post=53390"}],"curies":[{"name":"wp","href":"https:\/\/api.w.org\/{rel}","templated":true}]}}