{"id":53392,"date":"2023-06-08T08:15:00","date_gmt":"2023-06-08T11:15:00","guid":{"rendered":"https:\/\/blogopara.com.br\/?p=53392"},"modified":"2023-06-06T20:16:46","modified_gmt":"2023-06-06T23:16:46","slug":"sento-se-decreta-situacao-de-emergencia-em-razao-da-estiagem","status":"publish","type":"post","link":"https:\/\/blogopara.com.br\/index.php\/2023\/06\/08\/sento-se-decreta-situacao-de-emergencia-em-razao-da-estiagem","title":{"rendered":"Sento S\u00e9 decreta situa\u00e7\u00e3o de emerg\u00eancia em raz\u00e3o da estiagem"},"content":{"rendered":"<p style=\"text-align: justify;\">O munic\u00edpio de Sento S\u00e9, norte da Bahia, decretou situa\u00e7\u00e3o de emerg\u00eancia devido \u00e0 estiagem que afeta a regi\u00e3o. A medida foi publicada na edi\u00e7\u00e3o desta segunda-feira (05) do Di\u00e1rio Oficial do Munic\u00edpio (DOEM). O documento tem validade de 180 dias. A ocorr\u00eancia de fatores anormais e adversos, decorrente da longa estiagem, foi indicada nos relat\u00f3rios recentes da Coordena\u00e7\u00e3o Municipal.<\/p>\n<p style=\"text-align: justify;\">Segundo o Executivo, a falta de chuvas tem afetado negativamente o abastecimento de \u00e1gua e a agricultura local. \u201cO n\u00edvel pluviom\u00e9trico no primeiro semestre deste ano est\u00e1 sendo bem abaixo do esperado, os laudos e pareceres supracitados sugerem que seja dada continuidade de oferta de \u00e1gua para v\u00e1rias comunidades do interior em face de que nessas regi\u00f5es as quantidades de \u00e1gua advinda das chuvas n\u00e3o foram suficientes para o satisfat\u00f3rio abastecimento de \u00e1gua para a popula\u00e7\u00e3o\u201d, diz um trecho do decreto.<\/p>\n<p style=\"text-align: justify;\">O decreto na \u00edntegra voc\u00ea pode conferir clicando\u00a0<a href=\"https:\/\/sentosenoticias.com.br\/wp-content\/uploads\/2023\/06\/Prefeitura-Municipal-de-Sento-Se-%E2%80%94-Diario-oficial-1.pdf\" target=\"_blank\" rel=\"noopener noreferrer\" data-auth=\"NotApplicable\" data-linkindex=\"0\">AQUI<\/a>.<\/p>\n<p style=\"text-align: justify;\">Fonte: Sento S\u00e9 Not\u00edcias<\/p>\n","protected":false},"excerpt":{"rendered":"<p>O munic\u00edpio de Sento S\u00e9, norte da Bahia, decretou situa\u00e7\u00e3o de emerg\u00eancia devido \u00e0 estiagem que afeta a regi\u00e3o. A medida foi publicada na edi\u00e7\u00e3o desta segunda-feira (05) do Di\u00e1rio Oficial do Munic\u00edpio (DOEM). O documento tem validade de 180 dias. A ocorr\u00eancia de fatores anormais e adversos, decorrente da longa estiagem, foi indicada nos [&hellip;]<\/p>\n","protected":false},"author":1,"featured_media":11453,"comment_status":"closed","ping_status":"open","sticky":false,"template":"","format":"standard","meta":{"_uag_custom_page_level_css":"","_monsterinsights_skip_tracking":false,"_monsterinsights_sitenote_active":false,"_monsterinsights_sitenote_note":"","_monsterinsights_sitenote_category":0,"jetpack_post_was_ever_published":false,"_jetpack_newsletter_access":"","_jetpack_dont_email_post_to_subs":false,"_jetpack_newsletter_tier_id":0,"_jetpack_memberships_contains_paywalled_content":false,"_jetpack_memberships_contains_paid_content":false,"footnotes":"","jetpack_publicize_message":"","jetpack_publicize_feature_enabled":true,"jetpack_social_post_already_shared":true,"jetpack_social_options":{"image_generator_settings":{"template":"highway","default_image_id":0,"font":"","enabled":false},"version":2}},"categories":[3027],"tags":[],"class_list":["post-53392","post","type-post","status-publish","format-standard","has-post-thumbnail","hentry","category-sento-se"],"jetpack_publicize_connections":[],"jetpack_featured_media_url":"https:\/\/blogopara.com.br\/wp-content\/uploads\/2020\/06\/sento-se.jpg","uagb_featured_image_src":{"full":["https:\/\/blogopara.com.br\/wp-content\/uploads\/2020\/06\/sento-se.jpg",500,375,false],"thumbnail":["https:\/\/blogopara.com.br\/wp-content\/uploads\/2020\/06\/sento-se-150x150.jpg",150,150,true],"medium":["https:\/\/blogopara.com.br\/wp-content\/uploads\/2020\/06\/sento-se-300x225.jpg",300,225,true],"medium_large":["https:\/\/blogopara.com.br\/wp-content\/uploads\/2020\/06\/sento-se.jpg",500,375,false],"large":["https:\/\/blogopara.com.br\/wp-content\/uploads\/2020\/06\/sento-se.jpg",500,375,false],"1536x1536":["https:\/\/blogopara.com.br\/wp-content\/uploads\/2020\/06\/sento-se.jpg",500,375,false],"2048x2048":["https:\/\/blogopara.com.br\/wp-content\/uploads\/2020\/06\/sento-se.jpg",500,375,false],"mantranews-slider-large":["https:\/\/blogopara.com.br\/wp-content\/uploads\/2020\/06\/sento-se.jpg",500,375,false],"mantranews-featured-medium":["https:\/\/blogopara.com.br\/wp-content\/uploads\/2020\/06\/sento-se-420x307.jpg",420,307,true],"mantranews-featured-long":["https:\/\/blogopara.com.br\/wp-content\/uploads\/2020\/06\/sento-se-300x375.jpg",300,375,true],"mantranews-block-medium":["https:\/\/blogopara.com.br\/wp-content\/uploads\/2020\/06\/sento-se-464x290.jpg",464,290,true],"mantranews-carousel-image":["https:\/\/blogopara.com.br\/wp-content\/uploads\/2020\/06\/sento-se.jpg",500,375,false],"mantranews-block-thumb":["https:\/\/blogopara.com.br\/wp-content\/uploads\/2020\/06\/sento-se.jpg",307,230,false],"mantranews-single-large":["https:\/\/blogopara.com.br\/wp-content\/uploads\/2020\/06\/sento-se.jpg",500,375,false]},"uagb_author_info":{"display_name":"Reda\u00e7\u00e3o geral","author_link":"https:\/\/blogopara.com.br\/index.php\/author\/blogopara"},"uagb_comment_info":0,"uagb_excerpt":"O munic\u00edpio de Sento S\u00e9, norte da Bahia, decretou situa\u00e7\u00e3o de emerg\u00eancia devido \u00e0 estiagem que afeta a regi\u00e3o. A medida foi publicada na edi\u00e7\u00e3o desta segunda-feira (05) do Di\u00e1rio Oficial do Munic\u00edpio (DOEM). O documento tem validade de 180 dias. A ocorr\u00eancia de fatores anormais e adversos, decorrente da longa estiagem, foi indicada nos&hellip;","jetpack_sharing_enabled":true,"jetpack_likes_enabled":true,"_links":{"self":[{"href":"https:\/\/blogopara.com.br\/index.php\/wp-json\/wp\/v2\/posts\/53392","targetHints":{"allow":["GET"]}}],"collection":[{"href":"https:\/\/blogopara.com.br\/index.php\/wp-json\/wp\/v2\/posts"}],"about":[{"href":"https:\/\/blogopara.com.br\/index.php\/wp-json\/wp\/v2\/types\/post"}],"author":[{"embeddable":true,"href":"https:\/\/blogopara.com.br\/index.php\/wp-json\/wp\/v2\/users\/1"}],"replies":[{"embeddable":true,"href":"https:\/\/blogopara.com.br\/index.php\/wp-json\/wp\/v2\/comments?post=53392"}],"version-history":[{"count":1,"href":"https:\/\/blogopara.com.br\/index.php\/wp-json\/wp\/v2\/posts\/53392\/revisions"}],"predecessor-version":[{"id":53393,"href":"https:\/\/blogopara.com.br\/index.php\/wp-json\/wp\/v2\/posts\/53392\/revisions\/53393"}],"wp:featuredmedia":[{"embeddable":true,"href":"https:\/\/blogopara.com.br\/index.php\/wp-json\/wp\/v2\/media\/11453"}],"wp:attachment":[{"href":"https:\/\/blogopara.com.br\/index.php\/wp-json\/wp\/v2\/media?parent=53392"}],"wp:term":[{"taxonomy":"category","embeddable":true,"href":"https:\/\/blogopara.com.br\/index.php\/wp-json\/wp\/v2\/categories?post=53392"},{"taxonomy":"post_tag","embeddable":true,"href":"https:\/\/blogopara.com.br\/index.php\/wp-json\/wp\/v2\/tags?post=53392"}],"curies":[{"name":"wp","href":"https:\/\/api.w.org\/{rel}","templated":true}]}}