{"id":53403,"date":"2023-06-07T18:42:00","date_gmt":"2023-06-07T21:42:00","guid":{"rendered":"https:\/\/blogopara.com.br\/?p=53403"},"modified":"2023-06-07T08:49:31","modified_gmt":"2023-06-07T11:49:31","slug":"lula-afaga-o-agro-libera-76-bilhoes-e-diz-que-bolsonaro-foi-retrocesso","status":"publish","type":"post","link":"https:\/\/blogopara.com.br\/index.php\/2023\/06\/07\/lula-afaga-o-agro-libera-76-bilhoes-e-diz-que-bolsonaro-foi-retrocesso","title":{"rendered":"Lula afaga o agro, libera 7,6 bilh\u00f5es e diz que Bolsonaro foi \u2018retrocesso\u2019"},"content":{"rendered":"<p style=\"text-align: justify;\">O presidente\u00a0<a href=\"https:\/\/veja.abril.com.br\/noticias-sobre\/luiz-inacio-lula-da-silva\/\"><strong>Luiz In\u00e1cio Lula da Silva<\/strong><\/a>\u00a0anunciou nesta ter\u00e7a-feira, 6, a libera\u00e7\u00e3o de\u00a0<strong>3,6 bilh\u00f5es de reais<\/strong>\u00a0para o Plano Safra e de\u00a0<strong>4 bilh\u00f5es de reais<\/strong>\u00a0em linha de financiamento dolarizada para investimentos em cr\u00e9dito rural. O an\u00fancio foi feito ao lado do ministro da Agricultura e Pecu\u00e1ria,\u00a0<strong>Carlos F\u00e1varo,<\/strong>\u00a0durante a abertura da Bahia Farm Show, um evento do agroneg\u00f3cio na cidade de Lu\u00eds Eduardo Magalh\u00e3es, no extremo oeste da Bahia.<\/p>\n<p style=\"text-align: justify;\">O afago ao setor \u2014 ainda um dos mais refrat\u00e1rios ao petista \u2014 vem um dia ap\u00f3s o lan\u00e7amento do plano de enfrentamento ao desmatamento na Amaz\u00f4nia pela ministra do Meio Ambiente,\u00a0<strong>Marina Silva<\/strong>.<\/p>\n<p style=\"text-align: justify;\">Em sua fala, Lula ainda criticou a condu\u00e7\u00e3o de pol\u00edticas de cr\u00e9dito ao agro do ex-presidente\u00a0<a href=\"https:\/\/veja.abril.com.br\/noticias-sobre\/jair-bolsonaro\/\"><strong>Jair Bolsonaro<\/strong><\/a>\u00a0e se comprometeu a \u201cajudar\u201d o segmento.\u00a0\u201cTenho no\u00e7\u00e3o do retrocesso que esse pa\u00eds sofreu nos \u00faltimos anos. Quem \u00e9 do agroneg\u00f3cio sabe quanto foi o\u00a0<strong>Plano Safra<\/strong>\u00a0ano passado. Talvez o pior Plano Safra de toda a hist\u00f3ria do agroneg\u00f3cio. No tempo em que o PT governava, voc\u00eas compravam essas m\u00e1quinas pagando 2% de juros ano ano. Hoje voc\u00eas est\u00e3o pagando 18%, 19%\u201d, disse Lula ao lado do governador da Bahia, Jer\u00f4nimo Rodrigues (PT), e dos ministros Paulo Teixeira (Desenvolvimento Agr\u00e1rio), Renan Filho (Transportes) e Luciana Santos (Ci\u00eancia e Tecnologia).<\/p>\n<p style=\"text-align: justify;\">O presidente ainda criticou a \u201cdissemina\u00e7\u00e3o de mentiras\u201d no pa\u00eds e, em alus\u00e3o a Bolsonaro, afirmou que o ex-presidente e seus aliados n\u00e3o reconhecem o resultado eleitoral. \u201cO Brasil est\u00e1 com uma confus\u00e3o pol\u00edtica que a gente n\u00e3o conhecia. Normalmente, voc\u00ea disputava uma elei\u00e7\u00e3o, tinha um resultado eleitoral, voc\u00ea ia para casa chorar a sua derrota, e esperar outra elei\u00e7\u00e3o (\u2026). S\u00f3 que as pessoas que perdem para n\u00f3s n\u00e3o se conformam. N\u00e3o querem aceitar o resultado das elei\u00e7\u00f5es\u201d, disse. \u201cE agora temos um \u00f3dio disseminado, baseado numa quantidade de mentira que eu n\u00e3o conhecia. Uma m\u00e1quina de contar mentira\u201d, afirmou.<\/p>\n<p style=\"text-align: justify;\">Tamb\u00e9m em men\u00e7\u00e3o ao cen\u00e1rio pol\u00edtico atual, o ministro Carlos F\u00e1varo afirmou que \u201ca elei\u00e7\u00e3o acabou\u201d e defendeu a converg\u00eancia do setor para o aumento da produtividade e as a\u00e7\u00f5es do governo Lula para a melhoria do ambiente de neg\u00f3cios.\u00a0\u201cAgora \u00e9 hora de trabalhar, de fazer o Brasil andar para a frente (\u2026), os pre\u00e7os est\u00e3o achatados, \u00e9 quest\u00e3o de mercado. N\u00e3o est\u00e3o nos momentos melhores, como estiveram nos \u00faltimos sete anos, mas tudo \u00e9 passageiro\u201d, afirmou. \u201cO governo tem feito o principal, que \u00e9 andar mundo afora, mostrar o tanto que produzimos com sustentabilidade. N\u00e3o v\u00e3o colocar a pecha nos produtores brasileiros de que s\u00e3o criminosos que destroem o meio ambiente. N\u00e3o \u00e9 essa \u00e9 a realidade\u201d, afirmou, assinalando ainda que \u201cos poucos\u201d que cometem crime ambiental tiram a competitividade dos produtores leg\u00edtimos.<\/p>\n<p style=\"text-align: justify;\"><strong>Investimento<\/strong><\/p>\n<p style=\"text-align: justify;\">De acordo com o Minist\u00e9rio da Agricultura, os recursos anunciados ser\u00e3o disponibilizados pelo\u00a0<strong>Banco Nacional de Desenvolvimento Econ\u00f4mico e Social<\/strong>\u00a0(BNDES). O financiamento ter\u00e1 taxa de juros fixas de at\u00e9 8,06% ao ano mais a varia\u00e7\u00e3o do d\u00f3lar e prazo de 120 meses, com at\u00e9 24 de car\u00eancia.<\/p>\n<p style=\"text-align: justify;\">Ao todo, neste primeiro semestre, o BNDES disponibiliza cerca de\u00a0<strong>11 bilh\u00f5es de reais<\/strong>\u00a0para o setor agropecu\u00e1rio. J\u00e1 o Banco do Brasil, em maio de 2023, registrou o maior investimento de toda a sua hist\u00f3ria no setor, totalizando aproximadamente\u00a0<strong>15 bilh\u00f5es de reais<\/strong>.<\/p>\n<p>Fonte: Veja<\/p>\n<p style=\"text-align: justify;\">\n","protected":false},"excerpt":{"rendered":"<p>O presidente\u00a0Luiz In\u00e1cio Lula da Silva\u00a0anunciou nesta ter\u00e7a-feira, 6, a libera\u00e7\u00e3o de\u00a03,6 bilh\u00f5es de reais\u00a0para o Plano Safra e de\u00a04 bilh\u00f5es de reais\u00a0em linha de financiamento dolarizada para investimentos em cr\u00e9dito rural. O an\u00fancio foi feito ao lado do ministro da Agricultura e Pecu\u00e1ria,\u00a0Carlos F\u00e1varo,\u00a0durante a abertura da Bahia Farm Show, um evento do agroneg\u00f3cio [&hellip;]<\/p>\n","protected":false},"author":1,"featured_media":53404,"comment_status":"closed","ping_status":"open","sticky":false,"template":"","format":"standard","meta":{"_uag_custom_page_level_css":"","_monsterinsights_skip_tracking":false,"_monsterinsights_sitenote_active":false,"_monsterinsights_sitenote_note":"","_monsterinsights_sitenote_category":0,"jetpack_post_was_ever_published":false,"_jetpack_newsletter_access":"","_jetpack_dont_email_post_to_subs":false,"_jetpack_newsletter_tier_id":0,"_jetpack_memberships_contains_paywalled_content":false,"_jetpack_memberships_contains_paid_content":false,"footnotes":"","jetpack_publicize_message":"","jetpack_publicize_feature_enabled":true,"jetpack_social_post_already_shared":true,"jetpack_social_options":{"image_generator_settings":{"template":"highway","default_image_id":0,"font":"","enabled":false},"version":2}},"categories":[10088,200],"tags":[],"class_list":["post-53403","post","type-post","status-publish","format-standard","has-post-thumbnail","hentry","category-agricultura","category-brasil"],"jetpack_publicize_connections":[],"jetpack_featured_media_url":"https:\/\/blogopara.com.br\/wp-content\/uploads\/2023\/06\/transferir-2.jpg","uagb_featured_image_src":{"full":["https:\/\/blogopara.com.br\/wp-content\/uploads\/2023\/06\/transferir-2.jpg",400,224,false],"thumbnail":["https:\/\/blogopara.com.br\/wp-content\/uploads\/2023\/06\/transferir-2-150x150.jpg",150,150,true],"medium":["https:\/\/blogopara.com.br\/wp-content\/uploads\/2023\/06\/transferir-2-300x168.jpg",300,168,true],"medium_large":["https:\/\/blogopara.com.br\/wp-content\/uploads\/2023\/06\/transferir-2.jpg",400,224,false],"large":["https:\/\/blogopara.com.br\/wp-content\/uploads\/2023\/06\/transferir-2.jpg",400,224,false],"1536x1536":["https:\/\/blogopara.com.br\/wp-content\/uploads\/2023\/06\/transferir-2.jpg",400,224,false],"2048x2048":["https:\/\/blogopara.com.br\/wp-content\/uploads\/2023\/06\/transferir-2.jpg",400,224,false],"mantranews-slider-large":["https:\/\/blogopara.com.br\/wp-content\/uploads\/2023\/06\/transferir-2.jpg",400,224,false],"mantranews-featured-medium":["https:\/\/blogopara.com.br\/wp-content\/uploads\/2023\/06\/transferir-2.jpg",400,224,false],"mantranews-featured-long":["https:\/\/blogopara.com.br\/wp-content\/uploads\/2023\/06\/transferir-2-300x224.jpg",300,224,true],"mantranews-block-medium":["https:\/\/blogopara.com.br\/wp-content\/uploads\/2023\/06\/transferir-2.jpg",400,224,false],"mantranews-carousel-image":["https:\/\/blogopara.com.br\/wp-content\/uploads\/2023\/06\/transferir-2.jpg",400,224,false],"mantranews-block-thumb":["https:\/\/blogopara.com.br\/wp-content\/uploads\/2023\/06\/transferir-2-322x224.jpg",322,224,true],"mantranews-single-large":["https:\/\/blogopara.com.br\/wp-content\/uploads\/2023\/06\/transferir-2.jpg",400,224,false]},"uagb_author_info":{"display_name":"Reda\u00e7\u00e3o geral","author_link":"https:\/\/blogopara.com.br\/index.php\/author\/blogopara"},"uagb_comment_info":0,"uagb_excerpt":"O presidente\u00a0Luiz In\u00e1cio Lula da Silva\u00a0anunciou nesta ter\u00e7a-feira, 6, a libera\u00e7\u00e3o de\u00a03,6 bilh\u00f5es de reais\u00a0para o Plano Safra e de\u00a04 bilh\u00f5es de reais\u00a0em linha de financiamento dolarizada para investimentos em cr\u00e9dito rural. O an\u00fancio foi feito ao lado do ministro da Agricultura e Pecu\u00e1ria,\u00a0Carlos F\u00e1varo,\u00a0durante a abertura da Bahia Farm Show, um evento do agroneg\u00f3cio&hellip;","jetpack_sharing_enabled":true,"jetpack_likes_enabled":true,"_links":{"self":[{"href":"https:\/\/blogopara.com.br\/index.php\/wp-json\/wp\/v2\/posts\/53403","targetHints":{"allow":["GET"]}}],"collection":[{"href":"https:\/\/blogopara.com.br\/index.php\/wp-json\/wp\/v2\/posts"}],"about":[{"href":"https:\/\/blogopara.com.br\/index.php\/wp-json\/wp\/v2\/types\/post"}],"author":[{"embeddable":true,"href":"https:\/\/blogopara.com.br\/index.php\/wp-json\/wp\/v2\/users\/1"}],"replies":[{"embeddable":true,"href":"https:\/\/blogopara.com.br\/index.php\/wp-json\/wp\/v2\/comments?post=53403"}],"version-history":[{"count":1,"href":"https:\/\/blogopara.com.br\/index.php\/wp-json\/wp\/v2\/posts\/53403\/revisions"}],"predecessor-version":[{"id":53405,"href":"https:\/\/blogopara.com.br\/index.php\/wp-json\/wp\/v2\/posts\/53403\/revisions\/53405"}],"wp:featuredmedia":[{"embeddable":true,"href":"https:\/\/blogopara.com.br\/index.php\/wp-json\/wp\/v2\/media\/53404"}],"wp:attachment":[{"href":"https:\/\/blogopara.com.br\/index.php\/wp-json\/wp\/v2\/media?parent=53403"}],"wp:term":[{"taxonomy":"category","embeddable":true,"href":"https:\/\/blogopara.com.br\/index.php\/wp-json\/wp\/v2\/categories?post=53403"},{"taxonomy":"post_tag","embeddable":true,"href":"https:\/\/blogopara.com.br\/index.php\/wp-json\/wp\/v2\/tags?post=53403"}],"curies":[{"name":"wp","href":"https:\/\/api.w.org\/{rel}","templated":true}]}}