{"id":53406,"date":"2023-06-07T09:00:00","date_gmt":"2023-06-07T12:00:00","guid":{"rendered":"https:\/\/blogopara.com.br\/?p=53406"},"modified":"2023-06-07T08:59:26","modified_gmt":"2023-06-07T11:59:26","slug":"sao-joao-de-petrolina-pe-quase-100-da-rede-hoteleira-esta-ocupada","status":"publish","type":"post","link":"https:\/\/blogopara.com.br\/index.php\/2023\/06\/07\/sao-joao-de-petrolina-pe-quase-100-da-rede-hoteleira-esta-ocupada","title":{"rendered":"S\u00e3o Jo\u00e3o de Petrolina (PE): quase 100% da rede hoteleira est\u00e1 ocupada"},"content":{"rendered":"<p style=\"text-align: justify;\">Faltando dez dias para o in\u00edcio da programa\u00e7\u00e3o no p\u00e1tio Ana das Carrancas em Petrolina, a ocupa\u00e7\u00e3o na rede hoteleira da cidade j\u00e1 chega a quase 100%. Existem hot\u00e9is na cidade que j\u00e1 est\u00e3o sem vagas, porque todos os quartos j\u00e1 foram reservados para o per\u00edodo da festa junina.<\/p>\n<p style=\"text-align: justify;\">A gerente de vendas de um hotel na Orla da cidade, afirma que uma semana ap\u00f3s a divulga\u00e7\u00e3o do S\u00e3o Jo\u00e3o restaram pouqu\u00edssimas vagas dispon\u00edveis no estabelecimento. \u201cJ\u00e1 estamos com 100% no per\u00edodo de S\u00e3o Jo\u00e3o. Isso \u00e9 muito bom para o trade tur\u00edstico e tamb\u00e9m para o com\u00e9rcio da cidade\u201d, frisou Erika Coelho.<\/p>\n<p style=\"text-align: justify;\">De acordo com o secret\u00e1rio de Desenvolvimento Econ\u00f4mico e Turismo, Giovanni Costa, o S\u00e3o Jo\u00e3o oficial deve atrair em torno de 40 mil turistas. \u201cAl\u00e9m da rede hoteleira, a festa movimenta toda economia tur\u00edstica, como restaurantes, bares, ag\u00eancias de viagens, lojas de roupas, sal\u00f5es de beleza, passeios fluviais e os que envolvem o enoturismo. A estimativa do prefeito Sim\u00e3o Durando \u00e9 injetar mais de R$ 275 milh\u00f5es na economia de Petrolina\u201d, constata o secret\u00e1rio.<\/p>\n<p style=\"text-align: justify;\">A festa ser\u00e1 iniciada no dia 16 e se estende at\u00e9 o dia 25 de junho. Mais de 45 artistas v\u00e3o se apresentar, entre eles: Gusttavo Lima, Wesley Safad\u00e3o, Jorge e Mateus, Henrique e Juliano, Luan Estilizado, Mano Walter, Dorgival Dantas, Jo\u00e3o Gomes, Lim\u00e3o com Mel, Xand Avi\u00e3o, Ana Costa, Elisson Castro e Mari e Rayanne.<\/p>\n","protected":false},"excerpt":{"rendered":"<p>Faltando dez dias para o in\u00edcio da programa\u00e7\u00e3o no p\u00e1tio Ana das Carrancas em Petrolina, a ocupa\u00e7\u00e3o na rede hoteleira da cidade j\u00e1 chega a quase 100%. Existem hot\u00e9is na cidade que j\u00e1 est\u00e3o sem vagas, porque todos os quartos j\u00e1 foram reservados para o per\u00edodo da festa junina. A gerente de vendas de um [&hellip;]<\/p>\n","protected":false},"author":1,"featured_media":53407,"comment_status":"closed","ping_status":"open","sticky":false,"template":"","format":"standard","meta":{"_uag_custom_page_level_css":"","_monsterinsights_skip_tracking":false,"_monsterinsights_sitenote_active":false,"_monsterinsights_sitenote_note":"","_monsterinsights_sitenote_category":0,"jetpack_post_was_ever_published":false,"_jetpack_newsletter_access":"","_jetpack_dont_email_post_to_subs":false,"_jetpack_newsletter_tier_id":0,"_jetpack_memberships_contains_paywalled_content":false,"_jetpack_memberships_contains_paid_content":false,"footnotes":"","jetpack_publicize_message":"","jetpack_publicize_feature_enabled":true,"jetpack_social_post_already_shared":true,"jetpack_social_options":{"image_generator_settings":{"template":"highway","default_image_id":0,"font":"","enabled":false},"version":2}},"categories":[1784],"tags":[],"class_list":["post-53406","post","type-post","status-publish","format-standard","has-post-thumbnail","hentry","category-cultura-2"],"jetpack_publicize_connections":[],"jetpack_featured_media_url":"https:\/\/blogopara.com.br\/wp-content\/uploads\/2023\/06\/PN-Petrolina-pe-Fotos-Jonas-Santos.jpg","uagb_featured_image_src":{"full":["https:\/\/blogopara.com.br\/wp-content\/uploads\/2023\/06\/PN-Petrolina-pe-Fotos-Jonas-Santos.jpg",500,309,false],"thumbnail":["https:\/\/blogopara.com.br\/wp-content\/uploads\/2023\/06\/PN-Petrolina-pe-Fotos-Jonas-Santos-150x150.jpg",150,150,true],"medium":["https:\/\/blogopara.com.br\/wp-content\/uploads\/2023\/06\/PN-Petrolina-pe-Fotos-Jonas-Santos-300x185.jpg",300,185,true],"medium_large":["https:\/\/blogopara.com.br\/wp-content\/uploads\/2023\/06\/PN-Petrolina-pe-Fotos-Jonas-Santos.jpg",500,309,false],"large":["https:\/\/blogopara.com.br\/wp-content\/uploads\/2023\/06\/PN-Petrolina-pe-Fotos-Jonas-Santos.jpg",500,309,false],"1536x1536":["https:\/\/blogopara.com.br\/wp-content\/uploads\/2023\/06\/PN-Petrolina-pe-Fotos-Jonas-Santos.jpg",500,309,false],"2048x2048":["https:\/\/blogopara.com.br\/wp-content\/uploads\/2023\/06\/PN-Petrolina-pe-Fotos-Jonas-Santos.jpg",500,309,false],"mantranews-slider-large":["https:\/\/blogopara.com.br\/wp-content\/uploads\/2023\/06\/PN-Petrolina-pe-Fotos-Jonas-Santos.jpg",500,309,false],"mantranews-featured-medium":["https:\/\/blogopara.com.br\/wp-content\/uploads\/2023\/06\/PN-Petrolina-pe-Fotos-Jonas-Santos-420x307.jpg",420,307,true],"mantranews-featured-long":["https:\/\/blogopara.com.br\/wp-content\/uploads\/2023\/06\/PN-Petrolina-pe-Fotos-Jonas-Santos-300x309.jpg",300,309,true],"mantranews-block-medium":["https:\/\/blogopara.com.br\/wp-content\/uploads\/2023\/06\/PN-Petrolina-pe-Fotos-Jonas-Santos-464x290.jpg",464,290,true],"mantranews-carousel-image":["https:\/\/blogopara.com.br\/wp-content\/uploads\/2023\/06\/PN-Petrolina-pe-Fotos-Jonas-Santos.jpg",500,309,false],"mantranews-block-thumb":["https:\/\/blogopara.com.br\/wp-content\/uploads\/2023\/06\/PN-Petrolina-pe-Fotos-Jonas-Santos-322x230.jpg",322,230,true],"mantranews-single-large":["https:\/\/blogopara.com.br\/wp-content\/uploads\/2023\/06\/PN-Petrolina-pe-Fotos-Jonas-Santos.jpg",500,309,false]},"uagb_author_info":{"display_name":"Reda\u00e7\u00e3o geral","author_link":"https:\/\/blogopara.com.br\/index.php\/author\/blogopara"},"uagb_comment_info":0,"uagb_excerpt":"Faltando dez dias para o in\u00edcio da programa\u00e7\u00e3o no p\u00e1tio Ana das Carrancas em Petrolina, a ocupa\u00e7\u00e3o na rede hoteleira da cidade j\u00e1 chega a quase 100%. Existem hot\u00e9is na cidade que j\u00e1 est\u00e3o sem vagas, porque todos os quartos j\u00e1 foram reservados para o per\u00edodo da festa junina. A gerente de vendas de um&hellip;","jetpack_sharing_enabled":true,"jetpack_likes_enabled":true,"_links":{"self":[{"href":"https:\/\/blogopara.com.br\/index.php\/wp-json\/wp\/v2\/posts\/53406","targetHints":{"allow":["GET"]}}],"collection":[{"href":"https:\/\/blogopara.com.br\/index.php\/wp-json\/wp\/v2\/posts"}],"about":[{"href":"https:\/\/blogopara.com.br\/index.php\/wp-json\/wp\/v2\/types\/post"}],"author":[{"embeddable":true,"href":"https:\/\/blogopara.com.br\/index.php\/wp-json\/wp\/v2\/users\/1"}],"replies":[{"embeddable":true,"href":"https:\/\/blogopara.com.br\/index.php\/wp-json\/wp\/v2\/comments?post=53406"}],"version-history":[{"count":1,"href":"https:\/\/blogopara.com.br\/index.php\/wp-json\/wp\/v2\/posts\/53406\/revisions"}],"predecessor-version":[{"id":53408,"href":"https:\/\/blogopara.com.br\/index.php\/wp-json\/wp\/v2\/posts\/53406\/revisions\/53408"}],"wp:featuredmedia":[{"embeddable":true,"href":"https:\/\/blogopara.com.br\/index.php\/wp-json\/wp\/v2\/media\/53407"}],"wp:attachment":[{"href":"https:\/\/blogopara.com.br\/index.php\/wp-json\/wp\/v2\/media?parent=53406"}],"wp:term":[{"taxonomy":"category","embeddable":true,"href":"https:\/\/blogopara.com.br\/index.php\/wp-json\/wp\/v2\/categories?post=53406"},{"taxonomy":"post_tag","embeddable":true,"href":"https:\/\/blogopara.com.br\/index.php\/wp-json\/wp\/v2\/tags?post=53406"}],"curies":[{"name":"wp","href":"https:\/\/api.w.org\/{rel}","templated":true}]}}