{"id":5350,"date":"2019-12-05T08:28:25","date_gmt":"2019-12-05T11:28:25","guid":{"rendered":"http:\/\/blogopara.com.br\/?p=5350"},"modified":"2019-12-05T08:28:29","modified_gmt":"2019-12-05T11:28:29","slug":"juazeiro-populacao-prepara-manifestacao-contra-o-saae-pelo-aumento-na-conta-de-agua-nessa-sexta-feira06","status":"publish","type":"post","link":"https:\/\/blogopara.com.br\/index.php\/2019\/12\/05\/juazeiro-populacao-prepara-manifestacao-contra-o-saae-pelo-aumento-na-conta-de-agua-nessa-sexta-feira06","title":{"rendered":"Juazeiro: popula\u00e7\u00e3o prepara manifesta\u00e7\u00e3o contra o SAAE, pelo aumento na conta de \u00e1gua, nessa sexta-feira(06)"},"content":{"rendered":"<p style=\"text-align: justify;\">Na pr\u00f3xima sexta-feira (06)\u00a0 a partir das 09h da manh\u00e3, em frente ao SAAE, na pra\u00e7a do Jacar\u00e9, vai acontecer uma grande manifesta\u00e7\u00e3o da popula\u00e7\u00e3o juazeirense contra o que consideram abusiva o aumento na conta de \u00e1gua e da taxa do lixo pelo SAAE, com valores estratosf\u00e9ricos.<\/p>\n<p style=\"text-align: justify;\">Nas redes sociais j\u00e1 circula um cartaz de mobiliza\u00e7\u00e3o convocando toda a popula\u00e7\u00e3o.<\/p>\n","protected":false},"excerpt":{"rendered":"<p>Na pr\u00f3xima sexta-feira (06)\u00a0 a partir das 09h da manh\u00e3, em frente ao SAAE, na pra\u00e7a do Jacar\u00e9, vai acontecer uma grande manifesta\u00e7\u00e3o da popula\u00e7\u00e3o juazeirense contra o que consideram abusiva o aumento na conta de \u00e1gua e da taxa do lixo pelo SAAE, com valores estratosf\u00e9ricos. Nas redes sociais j\u00e1 circula um cartaz de [&hellip;]<\/p>\n","protected":false},"author":1,"featured_media":5352,"comment_status":"open","ping_status":"open","sticky":false,"template":"","format":"standard","meta":{"_uag_custom_page_level_css":"","_monsterinsights_skip_tracking":false,"_monsterinsights_sitenote_active":false,"_monsterinsights_sitenote_note":"","_monsterinsights_sitenote_category":0,"jetpack_post_was_ever_published":false,"_jetpack_newsletter_access":"","_jetpack_dont_email_post_to_subs":false,"_jetpack_newsletter_tier_id":0,"_jetpack_memberships_contains_paywalled_content":false,"_jetpack_memberships_contains_paid_content":false,"footnotes":"","jetpack_publicize_message":"","jetpack_publicize_feature_enabled":true,"jetpack_social_post_already_shared":true,"jetpack_social_options":{"image_generator_settings":{"template":"highway","default_image_id":0,"font":"","enabled":false},"version":2}},"categories":[203],"tags":[109,524,12],"class_list":["post-5350","post","type-post","status-publish","format-standard","has-post-thumbnail","hentry","category-juazeiro","tag-agua","tag-manifestacao","tag-saae"],"jetpack_publicize_connections":[],"jetpack_featured_media_url":"https:\/\/blogopara.com.br\/wp-content\/uploads\/2019\/12\/manio.jpeg","uagb_featured_image_src":{"full":["https:\/\/blogopara.com.br\/wp-content\/uploads\/2019\/12\/manio.jpeg",720,350,false],"thumbnail":["https:\/\/blogopara.com.br\/wp-content\/uploads\/2019\/12\/manio-150x150.jpeg",150,150,true],"medium":["https:\/\/blogopara.com.br\/wp-content\/uploads\/2019\/12\/manio-300x146.jpeg",300,146,true],"medium_large":["https:\/\/blogopara.com.br\/wp-content\/uploads\/2019\/12\/manio.jpeg",640,311,false],"large":["https:\/\/blogopara.com.br\/wp-content\/uploads\/2019\/12\/manio.jpeg",640,311,false],"1536x1536":["https:\/\/blogopara.com.br\/wp-content\/uploads\/2019\/12\/manio.jpeg",720,350,false],"2048x2048":["https:\/\/blogopara.com.br\/wp-content\/uploads\/2019\/12\/manio.jpeg",720,350,false],"mantranews-slider-large":["https:\/\/blogopara.com.br\/wp-content\/uploads\/2019\/12\/manio.jpeg",720,350,false],"mantranews-featured-medium":["https:\/\/blogopara.com.br\/wp-content\/uploads\/2019\/12\/manio.jpeg",420,204,false],"mantranews-featured-long":["https:\/\/blogopara.com.br\/wp-content\/uploads\/2019\/12\/manio.jpeg",300,146,false],"mantranews-block-medium":["https:\/\/blogopara.com.br\/wp-content\/uploads\/2019\/12\/manio.jpeg",464,226,false],"mantranews-carousel-image":["https:\/\/blogopara.com.br\/wp-content\/uploads\/2019\/12\/manio.jpeg",600,292,false],"mantranews-block-thumb":["https:\/\/blogopara.com.br\/wp-content\/uploads\/2019\/12\/manio.jpeg",322,157,false],"mantranews-single-large":["https:\/\/blogopara.com.br\/wp-content\/uploads\/2019\/12\/manio.jpeg",720,350,false]},"uagb_author_info":{"display_name":"Reda\u00e7\u00e3o geral","author_link":"https:\/\/blogopara.com.br\/index.php\/author\/blogopara"},"uagb_comment_info":1,"uagb_excerpt":"Na pr\u00f3xima sexta-feira (06)\u00a0 a partir das 09h da manh\u00e3, em frente ao SAAE, na pra\u00e7a do Jacar\u00e9, vai acontecer uma grande manifesta\u00e7\u00e3o da popula\u00e7\u00e3o juazeirense contra o que consideram abusiva o aumento na conta de \u00e1gua e da taxa do lixo pelo SAAE, com valores estratosf\u00e9ricos. Nas redes sociais j\u00e1 circula um cartaz de&hellip;","jetpack_sharing_enabled":true,"jetpack_likes_enabled":true,"_links":{"self":[{"href":"https:\/\/blogopara.com.br\/index.php\/wp-json\/wp\/v2\/posts\/5350","targetHints":{"allow":["GET"]}}],"collection":[{"href":"https:\/\/blogopara.com.br\/index.php\/wp-json\/wp\/v2\/posts"}],"about":[{"href":"https:\/\/blogopara.com.br\/index.php\/wp-json\/wp\/v2\/types\/post"}],"author":[{"embeddable":true,"href":"https:\/\/blogopara.com.br\/index.php\/wp-json\/wp\/v2\/users\/1"}],"replies":[{"embeddable":true,"href":"https:\/\/blogopara.com.br\/index.php\/wp-json\/wp\/v2\/comments?post=5350"}],"version-history":[{"count":1,"href":"https:\/\/blogopara.com.br\/index.php\/wp-json\/wp\/v2\/posts\/5350\/revisions"}],"predecessor-version":[{"id":5353,"href":"https:\/\/blogopara.com.br\/index.php\/wp-json\/wp\/v2\/posts\/5350\/revisions\/5353"}],"wp:featuredmedia":[{"embeddable":true,"href":"https:\/\/blogopara.com.br\/index.php\/wp-json\/wp\/v2\/media\/5352"}],"wp:attachment":[{"href":"https:\/\/blogopara.com.br\/index.php\/wp-json\/wp\/v2\/media?parent=5350"}],"wp:term":[{"taxonomy":"category","embeddable":true,"href":"https:\/\/blogopara.com.br\/index.php\/wp-json\/wp\/v2\/categories?post=5350"},{"taxonomy":"post_tag","embeddable":true,"href":"https:\/\/blogopara.com.br\/index.php\/wp-json\/wp\/v2\/tags?post=5350"}],"curies":[{"name":"wp","href":"https:\/\/api.w.org\/{rel}","templated":true}]}}