{"id":53540,"date":"2023-06-12T15:03:00","date_gmt":"2023-06-12T18:03:00","guid":{"rendered":"https:\/\/blogopara.com.br\/?p=53540"},"modified":"2023-06-11T20:15:41","modified_gmt":"2023-06-11T23:15:41","slug":"12-de-junho-prefeitura-de-juazeiro-reforca-luta-contra-o-trabalho-infantil","status":"publish","type":"post","link":"https:\/\/blogopara.com.br\/index.php\/2023\/06\/12\/12-de-junho-prefeitura-de-juazeiro-reforca-luta-contra-o-trabalho-infantil","title":{"rendered":"12 de junho: Prefeitura de Juazeiro refor\u00e7a luta contra o trabalho Infantil"},"content":{"rendered":"<p class=\"x_MsoNormal\" style=\"text-align: justify;\">Em 12 de Junho \u00e9 celebrado o Dia Mundial de Combate ao Trabalho Infantil. A data conscientiza a sociedade sobre as formas da viola\u00e7\u00e3o dos direitos da crian\u00e7a e do adolescente. A Prefeitura de Juazeiro, atrav\u00e9s da Secretaria de Desenvolvimento Social, Mulher e Diversidade (Sedes), organizou uma programa\u00e7\u00e3o durante o m\u00eas de junho em alus\u00e3o \u00e0 data.<\/p>\n<p class=\"x_MsoNormal\" style=\"text-align: justify;\">A Diretoria de Prote\u00e7\u00e3o Especial da Sedes est\u00e1 desde o dia 5 de junho realizando palestras acerca do combate ao trabalho infantil em escolas municipais nos bairros Quid\u00e9 e Itaberaba. A equipe tamb\u00e9m intensificou o alerta durante os festejos do Santo Ant\u00f4nio das Tradi\u00e7\u00f5es e montou um espa\u00e7o especial para crian\u00e7as e adolescentes, filhos dos ambulantes e catadores de latinhas, que trabalharam nas noites do festejo.<\/p>\n<p class=\"x_MsoNormal\" style=\"text-align: justify;\"><b>Programa\u00e7\u00e3o<\/b><\/p>\n<p class=\"x_MsoNormal\" style=\"text-align: justify;\">Nesta segunda-feira (12), haver\u00e1 um Pit Stop em sem\u00e1foros pelo Centro da cidade. \u201cComo este \u00e9 um tema em que precisamos refor\u00e7ar o alerta para o combate ao trabalho infantil, a programa\u00e7\u00e3o em alus\u00e3o ao 12 de junho continua durante todo o m\u00eas. Na ter\u00e7a-feira (13) faremos uma blitz no Mercado do Produtor e levaremos informa\u00e7\u00f5es tamb\u00e9m para o programa \u2018Social At\u00e9 Voc\u00ea\u2019 no dia 14 de junho, al\u00e9m de outros eventos que alertam para a tem\u00e1tica\u201d, destacou a diretora de Prote\u00e7\u00e3o Social Especial da Sedes, Sandra Faustino.<\/p>\n<p class=\"x_MsoNormal\" style=\"text-align: justify;\">Como parte da programa\u00e7\u00e3o em alus\u00e3o ao 12 de junho, acontecer\u00e1 tamb\u00e9m no dia 15 de junho a premia\u00e7\u00e3o do concurso MPT\/SEDUC; Blitz na feira Livre do Alto da Maravilha no dia 16; Cine na Pra\u00e7a no bairro Jo\u00e3o Paulo II no dia 20; e corrida alusiva \u00e0 Campanha de Combate ao Trabalho Infantil.<\/p>\n","protected":false},"excerpt":{"rendered":"<p>Em 12 de Junho \u00e9 celebrado o Dia Mundial de Combate ao Trabalho Infantil. A data conscientiza a sociedade sobre as formas da viola\u00e7\u00e3o dos direitos da crian\u00e7a e do adolescente. A Prefeitura de Juazeiro, atrav\u00e9s da Secretaria de Desenvolvimento Social, Mulher e Diversidade (Sedes), organizou uma programa\u00e7\u00e3o durante o m\u00eas de junho em alus\u00e3o [&hellip;]<\/p>\n","protected":false},"author":1,"featured_media":53541,"comment_status":"closed","ping_status":"open","sticky":false,"template":"","format":"standard","meta":{"_uag_custom_page_level_css":"","_monsterinsights_skip_tracking":false,"_monsterinsights_sitenote_active":false,"_monsterinsights_sitenote_note":"","_monsterinsights_sitenote_category":0,"jetpack_post_was_ever_published":false,"_jetpack_newsletter_access":"","_jetpack_dont_email_post_to_subs":false,"_jetpack_newsletter_tier_id":0,"_jetpack_memberships_contains_paywalled_content":false,"_jetpack_memberships_contains_paid_content":false,"footnotes":"","jetpack_publicize_message":"","jetpack_publicize_feature_enabled":true,"jetpack_social_post_already_shared":true,"jetpack_social_options":{"image_generator_settings":{"template":"highway","default_image_id":0,"font":"","enabled":false},"version":2}},"categories":[10114],"tags":[],"class_list":["post-53540","post","type-post","status-publish","format-standard","has-post-thumbnail","hentry","category-direitos-humanos"],"jetpack_publicize_connections":[],"jetpack_featured_media_url":"https:\/\/blogopara.com.br\/wp-content\/uploads\/2023\/06\/card-12-de-junho.jpeg","uagb_featured_image_src":{"full":["https:\/\/blogopara.com.br\/wp-content\/uploads\/2023\/06\/card-12-de-junho.jpeg",500,625,false],"thumbnail":["https:\/\/blogopara.com.br\/wp-content\/uploads\/2023\/06\/card-12-de-junho-150x150.jpeg",150,150,true],"medium":["https:\/\/blogopara.com.br\/wp-content\/uploads\/2023\/06\/card-12-de-junho-240x300.jpeg",240,300,true],"medium_large":["https:\/\/blogopara.com.br\/wp-content\/uploads\/2023\/06\/card-12-de-junho.jpeg",500,625,false],"large":["https:\/\/blogopara.com.br\/wp-content\/uploads\/2023\/06\/card-12-de-junho.jpeg",500,625,false],"1536x1536":["https:\/\/blogopara.com.br\/wp-content\/uploads\/2023\/06\/card-12-de-junho.jpeg",500,625,false],"2048x2048":["https:\/\/blogopara.com.br\/wp-content\/uploads\/2023\/06\/card-12-de-junho.jpeg",500,625,false],"mantranews-slider-large":["https:\/\/blogopara.com.br\/wp-content\/uploads\/2023\/06\/card-12-de-junho.jpeg",500,625,false],"mantranews-featured-medium":["https:\/\/blogopara.com.br\/wp-content\/uploads\/2023\/06\/card-12-de-junho-420x307.jpeg",420,307,true],"mantranews-featured-long":["https:\/\/blogopara.com.br\/wp-content\/uploads\/2023\/06\/card-12-de-junho-300x443.jpeg",300,443,true],"mantranews-block-medium":["https:\/\/blogopara.com.br\/wp-content\/uploads\/2023\/06\/card-12-de-junho-464x290.jpeg",464,290,true],"mantranews-carousel-image":["https:\/\/blogopara.com.br\/wp-content\/uploads\/2023\/06\/card-12-de-junho-500x500.jpeg",500,500,true],"mantranews-block-thumb":["https:\/\/blogopara.com.br\/wp-content\/uploads\/2023\/06\/card-12-de-junho-322x230.jpeg",322,230,true],"mantranews-single-large":["https:\/\/blogopara.com.br\/wp-content\/uploads\/2023\/06\/card-12-de-junho.jpeg",500,625,false]},"uagb_author_info":{"display_name":"Reda\u00e7\u00e3o geral","author_link":"https:\/\/blogopara.com.br\/index.php\/author\/blogopara"},"uagb_comment_info":0,"uagb_excerpt":"Em 12 de Junho \u00e9 celebrado o Dia Mundial de Combate ao Trabalho Infantil. A data conscientiza a sociedade sobre as formas da viola\u00e7\u00e3o dos direitos da crian\u00e7a e do adolescente. A Prefeitura de Juazeiro, atrav\u00e9s da Secretaria de Desenvolvimento Social, Mulher e Diversidade (Sedes), organizou uma programa\u00e7\u00e3o durante o m\u00eas de junho em alus\u00e3o&hellip;","jetpack_sharing_enabled":true,"jetpack_likes_enabled":true,"_links":{"self":[{"href":"https:\/\/blogopara.com.br\/index.php\/wp-json\/wp\/v2\/posts\/53540","targetHints":{"allow":["GET"]}}],"collection":[{"href":"https:\/\/blogopara.com.br\/index.php\/wp-json\/wp\/v2\/posts"}],"about":[{"href":"https:\/\/blogopara.com.br\/index.php\/wp-json\/wp\/v2\/types\/post"}],"author":[{"embeddable":true,"href":"https:\/\/blogopara.com.br\/index.php\/wp-json\/wp\/v2\/users\/1"}],"replies":[{"embeddable":true,"href":"https:\/\/blogopara.com.br\/index.php\/wp-json\/wp\/v2\/comments?post=53540"}],"version-history":[{"count":1,"href":"https:\/\/blogopara.com.br\/index.php\/wp-json\/wp\/v2\/posts\/53540\/revisions"}],"predecessor-version":[{"id":53542,"href":"https:\/\/blogopara.com.br\/index.php\/wp-json\/wp\/v2\/posts\/53540\/revisions\/53542"}],"wp:featuredmedia":[{"embeddable":true,"href":"https:\/\/blogopara.com.br\/index.php\/wp-json\/wp\/v2\/media\/53541"}],"wp:attachment":[{"href":"https:\/\/blogopara.com.br\/index.php\/wp-json\/wp\/v2\/media?parent=53540"}],"wp:term":[{"taxonomy":"category","embeddable":true,"href":"https:\/\/blogopara.com.br\/index.php\/wp-json\/wp\/v2\/categories?post=53540"},{"taxonomy":"post_tag","embeddable":true,"href":"https:\/\/blogopara.com.br\/index.php\/wp-json\/wp\/v2\/tags?post=53540"}],"curies":[{"name":"wp","href":"https:\/\/api.w.org\/{rel}","templated":true}]}}