{"id":53573,"date":"2023-06-12T12:22:00","date_gmt":"2023-06-12T15:22:00","guid":{"rendered":"https:\/\/blogopara.com.br\/?p=53573"},"modified":"2023-06-11T20:24:36","modified_gmt":"2023-06-11T23:24:36","slug":"moradores-denunciam-farsa-do-sinal-digital-em-sento-se","status":"publish","type":"post","link":"https:\/\/blogopara.com.br\/index.php\/2023\/06\/12\/moradores-denunciam-farsa-do-sinal-digital-em-sento-se","title":{"rendered":"Moradores denunciam farsa do Sinal Digital em Sento S\u00e9"},"content":{"rendered":"<p style=\"text-align: justify;\">Os moradores do munic\u00edpio de Sento S\u00e9 receberam com alegria a not\u00edcia de que o t\u00e3o esperado sinal digital de TV havia chegado \u00e0 regi\u00e3o no dia 02 de junho. No entanto, a realidade enfrentada pelos moradores n\u00e3o correspondeu \u00e0s expectativas geradas pelo an\u00fancio da prefeitura. Os cidad\u00e3os agora denunciam a p\u00e9ssima qualidade do sinal e as dificuldades de acesso aos canais.<\/p>\n<p style=\"text-align: justify;\">Segundo relatos dos moradores, mesmo aqueles que possuem antenas internas e TVs digitais, n\u00e3o conseguem acessar os canais anunciados. Para ter acesso ao sinal, \u00e9 necess\u00e1rio instalar uma antena UHF externa (espinha de peixe) no telhado das resid\u00eancias, algo que muitas pessoas j\u00e1 faziam para captar o sinal de Remanso. Essa exig\u00eancia tem causado insatisfa\u00e7\u00e3o entre a popula\u00e7\u00e3o local.<\/p>\n<p style=\"text-align: justify;\"><em>&#8220;\u00c9 um absurdo afirmarem que Sento S\u00e9 tem sinal digital, quando na verdade \u00e9 necess\u00e1rio contratar um t\u00e9cnico para instalar uma antena UHF no telhado, e mesmo assim a qualidade do som e da imagem deixa muito a desejar. Isso \u00e9 uma verdadeira maquiagem, parece mais uma transmiss\u00e3o anal\u00f3gica&#8221;,<\/em>\u00a0afirmou um morador que preferiu n\u00e3o se identificar.<\/p>\n<p style=\"text-align: justify;\">O blog procurou a assessoria da prefeitura de Sento S\u00e9, mas infelizmente, seguindo a pr\u00e1tica habitual do \u00f3rg\u00e3o, n\u00e3o recebemos resposta para estabelecer um di\u00e1logo entre a administra\u00e7\u00e3o e a popula\u00e7\u00e3o.<\/p>\n<p style=\"text-align: justify;\">Da Reda\u00e7\u00e3o &#8211; Sento S\u00e9 Not\u00edcias<\/p>\n","protected":false},"excerpt":{"rendered":"<p>Os moradores do munic\u00edpio de Sento S\u00e9 receberam com alegria a not\u00edcia de que o t\u00e3o esperado sinal digital de TV havia chegado \u00e0 regi\u00e3o no dia 02 de junho. No entanto, a realidade enfrentada pelos moradores n\u00e3o correspondeu \u00e0s expectativas geradas pelo an\u00fancio da prefeitura. Os cidad\u00e3os agora denunciam a p\u00e9ssima qualidade do sinal [&hellip;]<\/p>\n","protected":false},"author":1,"featured_media":53574,"comment_status":"closed","ping_status":"open","sticky":false,"template":"","format":"standard","meta":{"_uag_custom_page_level_css":"","_monsterinsights_skip_tracking":false,"_monsterinsights_sitenote_active":false,"_monsterinsights_sitenote_note":"","_monsterinsights_sitenote_category":0,"jetpack_post_was_ever_published":false,"_jetpack_newsletter_access":"","_jetpack_dont_email_post_to_subs":false,"_jetpack_newsletter_tier_id":0,"_jetpack_memberships_contains_paywalled_content":false,"_jetpack_memberships_contains_paid_content":false,"footnotes":"","jetpack_publicize_message":"","jetpack_publicize_feature_enabled":true,"jetpack_social_post_already_shared":true,"jetpack_social_options":{"image_generator_settings":{"template":"highway","default_image_id":0,"font":"","enabled":false},"version":2}},"categories":[203],"tags":[],"class_list":["post-53573","post","type-post","status-publish","format-standard","has-post-thumbnail","hentry","category-juazeiro"],"jetpack_publicize_connections":[],"jetpack_featured_media_url":"https:\/\/blogopara.com.br\/wp-content\/uploads\/2023\/06\/thumbnail_WhatsApp-Image-2023-06-02-at-17.49.36.jpg","uagb_featured_image_src":{"full":["https:\/\/blogopara.com.br\/wp-content\/uploads\/2023\/06\/thumbnail_WhatsApp-Image-2023-06-02-at-17.49.36.jpg",500,289,false],"thumbnail":["https:\/\/blogopara.com.br\/wp-content\/uploads\/2023\/06\/thumbnail_WhatsApp-Image-2023-06-02-at-17.49.36-150x150.jpg",150,150,true],"medium":["https:\/\/blogopara.com.br\/wp-content\/uploads\/2023\/06\/thumbnail_WhatsApp-Image-2023-06-02-at-17.49.36-300x173.jpg",300,173,true],"medium_large":["https:\/\/blogopara.com.br\/wp-content\/uploads\/2023\/06\/thumbnail_WhatsApp-Image-2023-06-02-at-17.49.36.jpg",500,289,false],"large":["https:\/\/blogopara.com.br\/wp-content\/uploads\/2023\/06\/thumbnail_WhatsApp-Image-2023-06-02-at-17.49.36.jpg",500,289,false],"1536x1536":["https:\/\/blogopara.com.br\/wp-content\/uploads\/2023\/06\/thumbnail_WhatsApp-Image-2023-06-02-at-17.49.36.jpg",500,289,false],"2048x2048":["https:\/\/blogopara.com.br\/wp-content\/uploads\/2023\/06\/thumbnail_WhatsApp-Image-2023-06-02-at-17.49.36.jpg",500,289,false],"mantranews-slider-large":["https:\/\/blogopara.com.br\/wp-content\/uploads\/2023\/06\/thumbnail_WhatsApp-Image-2023-06-02-at-17.49.36.jpg",500,289,false],"mantranews-featured-medium":["https:\/\/blogopara.com.br\/wp-content\/uploads\/2023\/06\/thumbnail_WhatsApp-Image-2023-06-02-at-17.49.36-420x289.jpg",420,289,true],"mantranews-featured-long":["https:\/\/blogopara.com.br\/wp-content\/uploads\/2023\/06\/thumbnail_WhatsApp-Image-2023-06-02-at-17.49.36-300x289.jpg",300,289,true],"mantranews-block-medium":["https:\/\/blogopara.com.br\/wp-content\/uploads\/2023\/06\/thumbnail_WhatsApp-Image-2023-06-02-at-17.49.36-464x289.jpg",464,289,true],"mantranews-carousel-image":["https:\/\/blogopara.com.br\/wp-content\/uploads\/2023\/06\/thumbnail_WhatsApp-Image-2023-06-02-at-17.49.36.jpg",500,289,false],"mantranews-block-thumb":["https:\/\/blogopara.com.br\/wp-content\/uploads\/2023\/06\/thumbnail_WhatsApp-Image-2023-06-02-at-17.49.36-322x230.jpg",322,230,true],"mantranews-single-large":["https:\/\/blogopara.com.br\/wp-content\/uploads\/2023\/06\/thumbnail_WhatsApp-Image-2023-06-02-at-17.49.36.jpg",500,289,false]},"uagb_author_info":{"display_name":"Reda\u00e7\u00e3o geral","author_link":"https:\/\/blogopara.com.br\/index.php\/author\/blogopara"},"uagb_comment_info":0,"uagb_excerpt":"Os moradores do munic\u00edpio de Sento S\u00e9 receberam com alegria a not\u00edcia de que o t\u00e3o esperado sinal digital de TV havia chegado \u00e0 regi\u00e3o no dia 02 de junho. No entanto, a realidade enfrentada pelos moradores n\u00e3o correspondeu \u00e0s expectativas geradas pelo an\u00fancio da prefeitura. Os cidad\u00e3os agora denunciam a p\u00e9ssima qualidade do sinal&hellip;","jetpack_sharing_enabled":true,"jetpack_likes_enabled":true,"_links":{"self":[{"href":"https:\/\/blogopara.com.br\/index.php\/wp-json\/wp\/v2\/posts\/53573","targetHints":{"allow":["GET"]}}],"collection":[{"href":"https:\/\/blogopara.com.br\/index.php\/wp-json\/wp\/v2\/posts"}],"about":[{"href":"https:\/\/blogopara.com.br\/index.php\/wp-json\/wp\/v2\/types\/post"}],"author":[{"embeddable":true,"href":"https:\/\/blogopara.com.br\/index.php\/wp-json\/wp\/v2\/users\/1"}],"replies":[{"embeddable":true,"href":"https:\/\/blogopara.com.br\/index.php\/wp-json\/wp\/v2\/comments?post=53573"}],"version-history":[{"count":1,"href":"https:\/\/blogopara.com.br\/index.php\/wp-json\/wp\/v2\/posts\/53573\/revisions"}],"predecessor-version":[{"id":53575,"href":"https:\/\/blogopara.com.br\/index.php\/wp-json\/wp\/v2\/posts\/53573\/revisions\/53575"}],"wp:featuredmedia":[{"embeddable":true,"href":"https:\/\/blogopara.com.br\/index.php\/wp-json\/wp\/v2\/media\/53574"}],"wp:attachment":[{"href":"https:\/\/blogopara.com.br\/index.php\/wp-json\/wp\/v2\/media?parent=53573"}],"wp:term":[{"taxonomy":"category","embeddable":true,"href":"https:\/\/blogopara.com.br\/index.php\/wp-json\/wp\/v2\/categories?post=53573"},{"taxonomy":"post_tag","embeddable":true,"href":"https:\/\/blogopara.com.br\/index.php\/wp-json\/wp\/v2\/tags?post=53573"}],"curies":[{"name":"wp","href":"https:\/\/api.w.org\/{rel}","templated":true}]}}