{"id":53576,"date":"2023-06-12T10:24:00","date_gmt":"2023-06-12T13:24:00","guid":{"rendered":"https:\/\/blogopara.com.br\/?p=53576"},"modified":"2023-06-11T20:26:40","modified_gmt":"2023-06-11T23:26:40","slug":"atletas-indigenas-participam-de-competicao-internacional-de-jiu-jitsu-no-ginasio-de-cajazeiras-no-domingo","status":"publish","type":"post","link":"https:\/\/blogopara.com.br\/index.php\/2023\/06\/12\/atletas-indigenas-participam-de-competicao-internacional-de-jiu-jitsu-no-ginasio-de-cajazeiras-no-domingo","title":{"rendered":"Atletas ind\u00edgenas participam de competi\u00e7\u00e3o internacional de jiu jitsu no Gin\u00e1sio de Cajazeiras no domingo"},"content":{"rendered":"<p style=\"text-align: justify;\"><span class=\"xcontentpasted0\">Com apoio da Superintend\u00eancia dos Desportos do Estado da Bahia (Sudesb), autarquia da Secretaria do Trabalho, Emprego, Renda e Esporte (Setre), vinte atletas ind\u00edgenas do povo Tupinamb\u00e1 da Aldeia Serra do Padeiro, no munic\u00edpio de Una, v\u00e3o participar do evento Prime Jiu Jitsu, competi\u00e7\u00e3o internacional da modalidade, que acontece neste domingo, 11, a partir das 9h, no Gin\u00e1sio Poliesportivo de Cajazeiras. Ao todo, 300 atletas devem participar da competi\u00e7\u00e3o.<\/span><\/p>\n<p style=\"text-align: justify;\"><span class=\"xcontentpasted0\">A solicita\u00e7\u00e3o de transporte para os atletas, por meio da Sudesb, foi feita pelo Movimento Unido dos Povos e Organiza\u00e7\u00f5es Ind\u00edgenas da Bahia (MUPO\u00ccBA), em parceria com a Federa\u00e7\u00e3o Baiana de Jiu Jitsu e MMA (FBJJMMA), que os convidou para disputar o evento do domingo, organizado por eles. No dia 21 de maio, 14 atletas da aldeia j\u00e1 haviam participado do evento Brasil Cup Jiu Jitsu, em Salvador, e conquistaram 13 medalhas, sendo quatro de ouro, cinco de prata e quatro de bronze.<\/span><\/p>\n<p style=\"text-align: justify;\"><span class=\"xcontentpasted0\"><b>aekwondo &#8211;<\/b><\/span><span class=\"xcontentpasted0\">\u00a0A Arena de Esportes da Bahia sedia a Copa Lauro de Freitas de Taekwondo neste domingo, 11, das 9h \u00e0s 17h. Cerca de 350 atletas v\u00e3o disputar as categorias fraldinha, mirim, infantil, cadete, juvenil, adulto, master e parataekwondo nas modalidades de luta, quebramento e forma.<\/span><\/p>\n<p style=\"text-align: justify;\"><span class=\"xcontentpasted0\">Segundo M\u00e1rcio Mascarenhas, presidente da Federa\u00e7\u00e3o Esportiva Baiana de Taekwondo, que organiza o evento, com apoio da Sudesb, a competi\u00e7\u00e3o \u00e9 de grande import\u00e2ncia para o cen\u00e1rio baiano. \u201cAqui s\u00e3o revelados os atletas que podem despontar tamb\u00e9m no cen\u00e1rio nacional, como j\u00e1 aconteceu. Al\u00e9m de Salvador e Lauro de Freitas, v\u00e1rias cidades do interior estar\u00e3o presentes, como Porto Seguro, Coroa Vermelha, Vera Cruz, Cana\u00e3, Igua\u00ed, Feira de Santana, Cama\u00e7ari e Dias D\u2019\u00c1vila\u201d, comenta.<\/span><\/p>\n","protected":false},"excerpt":{"rendered":"<p>Com apoio da Superintend\u00eancia dos Desportos do Estado da Bahia (Sudesb), autarquia da Secretaria do Trabalho, Emprego, Renda e Esporte (Setre), vinte atletas ind\u00edgenas do povo Tupinamb\u00e1 da Aldeia Serra do Padeiro, no munic\u00edpio de Una, v\u00e3o participar do evento Prime Jiu Jitsu, competi\u00e7\u00e3o internacional da modalidade, que acontece neste domingo, 11, a partir das [&hellip;]<\/p>\n","protected":false},"author":1,"featured_media":53577,"comment_status":"closed","ping_status":"open","sticky":false,"template":"","format":"standard","meta":{"_uag_custom_page_level_css":"","_monsterinsights_skip_tracking":false,"_monsterinsights_sitenote_active":false,"_monsterinsights_sitenote_note":"","_monsterinsights_sitenote_category":0,"jetpack_post_was_ever_published":false,"_jetpack_newsletter_access":"","_jetpack_dont_email_post_to_subs":false,"_jetpack_newsletter_tier_id":0,"_jetpack_memberships_contains_paywalled_content":false,"_jetpack_memberships_contains_paid_content":false,"footnotes":"","jetpack_publicize_message":"","jetpack_publicize_feature_enabled":true,"jetpack_social_post_already_shared":true,"jetpack_social_options":{"image_generator_settings":{"template":"highway","default_image_id":0,"font":"","enabled":false},"version":2}},"categories":[199,208],"tags":[],"class_list":["post-53576","post","type-post","status-publish","format-standard","has-post-thumbnail","hentry","category-bahia","category-esporte"],"jetpack_publicize_connections":[],"jetpack_featured_media_url":"https:\/\/blogopara.com.br\/wp-content\/uploads\/2023\/06\/atletasindigenasdejiujitsu.jpeg","uagb_featured_image_src":{"full":["https:\/\/blogopara.com.br\/wp-content\/uploads\/2023\/06\/atletasindigenasdejiujitsu.jpeg",500,225,false],"thumbnail":["https:\/\/blogopara.com.br\/wp-content\/uploads\/2023\/06\/atletasindigenasdejiujitsu-150x150.jpeg",150,150,true],"medium":["https:\/\/blogopara.com.br\/wp-content\/uploads\/2023\/06\/atletasindigenasdejiujitsu-300x135.jpeg",300,135,true],"medium_large":["https:\/\/blogopara.com.br\/wp-content\/uploads\/2023\/06\/atletasindigenasdejiujitsu.jpeg",500,225,false],"large":["https:\/\/blogopara.com.br\/wp-content\/uploads\/2023\/06\/atletasindigenasdejiujitsu.jpeg",500,225,false],"1536x1536":["https:\/\/blogopara.com.br\/wp-content\/uploads\/2023\/06\/atletasindigenasdejiujitsu.jpeg",500,225,false],"2048x2048":["https:\/\/blogopara.com.br\/wp-content\/uploads\/2023\/06\/atletasindigenasdejiujitsu.jpeg",500,225,false],"mantranews-slider-large":["https:\/\/blogopara.com.br\/wp-content\/uploads\/2023\/06\/atletasindigenasdejiujitsu.jpeg",500,225,false],"mantranews-featured-medium":["https:\/\/blogopara.com.br\/wp-content\/uploads\/2023\/06\/atletasindigenasdejiujitsu-420x225.jpeg",420,225,true],"mantranews-featured-long":["https:\/\/blogopara.com.br\/wp-content\/uploads\/2023\/06\/atletasindigenasdejiujitsu-300x225.jpeg",300,225,true],"mantranews-block-medium":["https:\/\/blogopara.com.br\/wp-content\/uploads\/2023\/06\/atletasindigenasdejiujitsu-464x225.jpeg",464,225,true],"mantranews-carousel-image":["https:\/\/blogopara.com.br\/wp-content\/uploads\/2023\/06\/atletasindigenasdejiujitsu.jpeg",500,225,false],"mantranews-block-thumb":["https:\/\/blogopara.com.br\/wp-content\/uploads\/2023\/06\/atletasindigenasdejiujitsu-322x225.jpeg",322,225,true],"mantranews-single-large":["https:\/\/blogopara.com.br\/wp-content\/uploads\/2023\/06\/atletasindigenasdejiujitsu.jpeg",500,225,false]},"uagb_author_info":{"display_name":"Reda\u00e7\u00e3o geral","author_link":"https:\/\/blogopara.com.br\/index.php\/author\/blogopara"},"uagb_comment_info":0,"uagb_excerpt":"Com apoio da Superintend\u00eancia dos Desportos do Estado da Bahia (Sudesb), autarquia da Secretaria do Trabalho, Emprego, Renda e Esporte (Setre), vinte atletas ind\u00edgenas do povo Tupinamb\u00e1 da Aldeia Serra do Padeiro, no munic\u00edpio de Una, v\u00e3o participar do evento Prime Jiu Jitsu, competi\u00e7\u00e3o internacional da modalidade, que acontece neste domingo, 11, a partir das&hellip;","jetpack_sharing_enabled":true,"jetpack_likes_enabled":true,"_links":{"self":[{"href":"https:\/\/blogopara.com.br\/index.php\/wp-json\/wp\/v2\/posts\/53576","targetHints":{"allow":["GET"]}}],"collection":[{"href":"https:\/\/blogopara.com.br\/index.php\/wp-json\/wp\/v2\/posts"}],"about":[{"href":"https:\/\/blogopara.com.br\/index.php\/wp-json\/wp\/v2\/types\/post"}],"author":[{"embeddable":true,"href":"https:\/\/blogopara.com.br\/index.php\/wp-json\/wp\/v2\/users\/1"}],"replies":[{"embeddable":true,"href":"https:\/\/blogopara.com.br\/index.php\/wp-json\/wp\/v2\/comments?post=53576"}],"version-history":[{"count":1,"href":"https:\/\/blogopara.com.br\/index.php\/wp-json\/wp\/v2\/posts\/53576\/revisions"}],"predecessor-version":[{"id":53578,"href":"https:\/\/blogopara.com.br\/index.php\/wp-json\/wp\/v2\/posts\/53576\/revisions\/53578"}],"wp:featuredmedia":[{"embeddable":true,"href":"https:\/\/blogopara.com.br\/index.php\/wp-json\/wp\/v2\/media\/53577"}],"wp:attachment":[{"href":"https:\/\/blogopara.com.br\/index.php\/wp-json\/wp\/v2\/media?parent=53576"}],"wp:term":[{"taxonomy":"category","embeddable":true,"href":"https:\/\/blogopara.com.br\/index.php\/wp-json\/wp\/v2\/categories?post=53576"},{"taxonomy":"post_tag","embeddable":true,"href":"https:\/\/blogopara.com.br\/index.php\/wp-json\/wp\/v2\/tags?post=53576"}],"curies":[{"name":"wp","href":"https:\/\/api.w.org\/{rel}","templated":true}]}}