{"id":53579,"date":"2023-06-12T11:27:00","date_gmt":"2023-06-12T14:27:00","guid":{"rendered":"https:\/\/blogopara.com.br\/?p=53579"},"modified":"2023-06-11T20:33:05","modified_gmt":"2023-06-11T23:33:05","slug":"origem-do-dia-dos-namorados-12-de-junho","status":"publish","type":"post","link":"https:\/\/blogopara.com.br\/index.php\/2023\/06\/12\/origem-do-dia-dos-namorados-12-de-junho","title":{"rendered":"Origem do Dia dos Namorados (12 de junho)"},"content":{"rendered":"<p style=\"text-align: justify;\">O\u00a0Dia dos Namorados\u00a0no Brasil \u00e9 comemorado em 12 de junho, sendo uma data reservada para que os casais demonstrem o amor e cuidado m\u00fatuo.<\/p>\n<p style=\"text-align: justify;\">Na maioria dos pa\u00edses, essa data \u00e9 celebrada em fevereiro e leva o nome de\u00a0<em>Valentine&#8217;s Day,<\/em>\u00a0ou dia de S\u00e3o Valentim, e costuma ser uma ocasi\u00e3o tamb\u00e9m para homenagear outras pessoas queridas.<\/p>\n<p style=\"text-align: justify;\">J\u00e1 no territ\u00f3rio brasileiro, o dia carrega uma hist\u00f3ria relacionada ao mercado e consumo.<\/p>\n<p style=\"text-align: justify;\">N\u00e3o \u00e9 costume do povo brasileiro comemorar o Dia de S\u00e3o Valentim.<\/p>\n<p style=\"text-align: justify;\">A hist\u00f3ria do Dia dos Namorados, por\u00e9m, apresenta um enredo mais objetivo. Aqui, a data foi criada com uma fun\u00e7\u00e3o comercial, para aquecer o mercado no m\u00eas de junho, considerado fraco em vendas.<\/p>\n<p style=\"text-align: justify;\">O idealizador desse dia foi o empres\u00e1rio Jo\u00e3o D\u00f3ria, que em 1949 formulou uma campanha publicit\u00e1ria que sugeria o dia 12 de junho como uma data para demonstrar o amor ao parceiro atrav\u00e9s de presentes. O slogan de sua campanha, inclusive, era: &#8220;N\u00e3o \u00e9 s\u00f3 com beijos que se prova o amor&#8221;.<\/p>\n<p><img loading=\"lazy\" decoding=\"async\" class=\"alignnone size-full wp-image-53581\" src=\"https:\/\/blogopara.com.br\/wp-content\/uploads\/2023\/06\/download.png\" alt=\"\" width=\"225\" height=\"225\" srcset=\"https:\/\/blogopara.com.br\/wp-content\/uploads\/2023\/06\/download.png 225w, https:\/\/blogopara.com.br\/wp-content\/uploads\/2023\/06\/download-150x150.png 150w\" sizes=\"auto, (max-width: 225px) 100vw, 225px\" \/><\/p>\n<p style=\"text-align: justify;\">O dia foi escolhido, pois \u00e9 a v\u00e9spera do dia de Santo Ant\u00f4nio, considerado o &#8220;santo casamenteiro&#8221;.<\/p>\n<p style=\"text-align: justify;\">Tal data fez sucesso no pa\u00eds e tornou-se oficialmente a ocasi\u00e3o para demonstrar o amor entre casais. Hoje em dia, junho \u00e9 um dos meses mais lucrativos para o com\u00e9rcio.<\/p>\n<h2 style=\"text-align: justify;\">Origem do Dia de S\u00e3o Valentim (<em>Valentine&#8217;s Day<\/em>)<\/h2>\n<p style=\"text-align: justify;\">Nos pa\u00edses europeus e nos EUA, o Dia dos Namorados \u00e9 o Dia de S\u00e3o Valentim, comemorado em 14 de fevereiro.<\/p>\n<div id=\"todamateria_inarticle_mrec1\" class=\"ad-unit ad-unit--pt-br\" data-google-query-id=\"CLvaqYuvvP8CFWoOuQYdzWsNkg\">\n<div id=\"google_ads_iframe_\/1062898\/todamateria_inarticle_mrec1_0__container__\">\n<p style=\"text-align: justify;\">A data \u00e9 uma refer\u00eancia a um padre romano chamado Valentim, que no s\u00e9culo III foi condenado \u00e0 morte por contrariar as ordens do imperador Cl\u00e1udio II.<\/p>\n<p style=\"text-align: justify;\">O monarca havia proibido a realiza\u00e7\u00e3o de casamentos, pois acreditava que homens casados n\u00e3o eram bons soldados.<\/p>\n<p style=\"text-align: justify;\">Entretanto, o padre Valentim, crendo que o casamento fazia parte dos planos divinos, continuou a celebrar matrim\u00f4nios, indo contra as ordens do estado. Assim, depois de descoberto, foi preso e morto pelo imperador, provavelmente no m\u00eas de fevereiro.<\/p>\n<p style=\"text-align: justify;\">Mas antes, quando era prisioneiro, apaixonou-se por uma mo\u00e7a e passou a lhe enviar cartas, em uma delas \u00e9 poss\u00edvel que tenha assinado &#8220;do seu Valentim&#8221;. \u00c9 por isso que uma das tradi\u00e7\u00f5es dos povos que cultuam esse dia \u00e9 enviar cart\u00f5es \u00e0 pessoa amada.<\/p>\n<p style=\"text-align: justify;\">No s\u00e9culo V, o papa Gel\u00e1sio passa a reconhecer o padre como santo e institui o Dia de S\u00e3o Valentim. A partir de ent\u00e3o, Valentim passa a ser um s\u00edmbolos dos apaixonados.<\/p>\n<p style=\"text-align: justify;\">Outro fato que contribuiu para que a data fosse decretada em fevereiro \u00e9 que nesse mesmo per\u00edodo do ano havia uma festa pag\u00e3 em Roma intitulada &#8220;Lupercalia&#8221;.<\/p>\n<p style=\"text-align: justify;\">O festival marcava a transi\u00e7\u00e3o para a primavera e prestava homenagens a deusas mitol\u00f3gicas, sendo tamb\u00e9m uma oportunidade para a pr\u00e1tica de atos sexuais.<\/p>\n<p style=\"text-align: justify;\">Com a oficializa\u00e7\u00e3o da religi\u00e3o cat\u00f3lica, a Igreja resolveu banir o festival, transformando-o em um evento relacionado ao cristianismo.<\/p>\n<\/div>\n<\/div>\n","protected":false},"excerpt":{"rendered":"<p>O\u00a0Dia dos Namorados\u00a0no Brasil \u00e9 comemorado em 12 de junho, sendo uma data reservada para que os casais demonstrem o amor e cuidado m\u00fatuo. Na maioria dos pa\u00edses, essa data \u00e9 celebrada em fevereiro e leva o nome de\u00a0Valentine&#8217;s Day,\u00a0ou dia de S\u00e3o Valentim, e costuma ser uma ocasi\u00e3o tamb\u00e9m para homenagear outras pessoas queridas. [&hellip;]<\/p>\n","protected":false},"author":1,"featured_media":53580,"comment_status":"closed","ping_status":"open","sticky":false,"template":"","format":"standard","meta":{"_uag_custom_page_level_css":"","_monsterinsights_skip_tracking":false,"_monsterinsights_sitenote_active":false,"_monsterinsights_sitenote_note":"","_monsterinsights_sitenote_category":0,"jetpack_post_was_ever_published":false,"_jetpack_newsletter_access":"","_jetpack_dont_email_post_to_subs":false,"_jetpack_newsletter_tier_id":0,"_jetpack_memberships_contains_paywalled_content":false,"_jetpack_memberships_contains_paid_content":false,"footnotes":"","jetpack_publicize_message":"","jetpack_publicize_feature_enabled":true,"jetpack_social_post_already_shared":true,"jetpack_social_options":{"image_generator_settings":{"template":"highway","default_image_id":0,"font":"","enabled":false},"version":2}},"categories":[204],"tags":[],"class_list":["post-53579","post","type-post","status-publish","format-standard","has-post-thumbnail","hentry","category-social"],"jetpack_publicize_connections":[],"jetpack_featured_media_url":"https:\/\/blogopara.com.br\/wp-content\/uploads\/2023\/06\/download-3.jpg","uagb_featured_image_src":{"full":["https:\/\/blogopara.com.br\/wp-content\/uploads\/2023\/06\/download-3.jpg",400,266,false],"thumbnail":["https:\/\/blogopara.com.br\/wp-content\/uploads\/2023\/06\/download-3-150x150.jpg",150,150,true],"medium":["https:\/\/blogopara.com.br\/wp-content\/uploads\/2023\/06\/download-3-300x200.jpg",300,200,true],"medium_large":["https:\/\/blogopara.com.br\/wp-content\/uploads\/2023\/06\/download-3.jpg",400,266,false],"large":["https:\/\/blogopara.com.br\/wp-content\/uploads\/2023\/06\/download-3.jpg",400,266,false],"1536x1536":["https:\/\/blogopara.com.br\/wp-content\/uploads\/2023\/06\/download-3.jpg",400,266,false],"2048x2048":["https:\/\/blogopara.com.br\/wp-content\/uploads\/2023\/06\/download-3.jpg",400,266,false],"mantranews-slider-large":["https:\/\/blogopara.com.br\/wp-content\/uploads\/2023\/06\/download-3.jpg",400,266,false],"mantranews-featured-medium":["https:\/\/blogopara.com.br\/wp-content\/uploads\/2023\/06\/download-3.jpg",400,266,false],"mantranews-featured-long":["https:\/\/blogopara.com.br\/wp-content\/uploads\/2023\/06\/download-3-300x266.jpg",300,266,true],"mantranews-block-medium":["https:\/\/blogopara.com.br\/wp-content\/uploads\/2023\/06\/download-3.jpg",400,266,false],"mantranews-carousel-image":["https:\/\/blogopara.com.br\/wp-content\/uploads\/2023\/06\/download-3.jpg",400,266,false],"mantranews-block-thumb":["https:\/\/blogopara.com.br\/wp-content\/uploads\/2023\/06\/download-3-322x230.jpg",322,230,true],"mantranews-single-large":["https:\/\/blogopara.com.br\/wp-content\/uploads\/2023\/06\/download-3.jpg",400,266,false]},"uagb_author_info":{"display_name":"Reda\u00e7\u00e3o geral","author_link":"https:\/\/blogopara.com.br\/index.php\/author\/blogopara"},"uagb_comment_info":0,"uagb_excerpt":"O\u00a0Dia dos Namorados\u00a0no Brasil \u00e9 comemorado em 12 de junho, sendo uma data reservada para que os casais demonstrem o amor e cuidado m\u00fatuo. Na maioria dos pa\u00edses, essa data \u00e9 celebrada em fevereiro e leva o nome de\u00a0Valentine&#8217;s Day,\u00a0ou dia de S\u00e3o Valentim, e costuma ser uma ocasi\u00e3o tamb\u00e9m para homenagear outras pessoas queridas.&hellip;","jetpack_sharing_enabled":true,"jetpack_likes_enabled":true,"_links":{"self":[{"href":"https:\/\/blogopara.com.br\/index.php\/wp-json\/wp\/v2\/posts\/53579","targetHints":{"allow":["GET"]}}],"collection":[{"href":"https:\/\/blogopara.com.br\/index.php\/wp-json\/wp\/v2\/posts"}],"about":[{"href":"https:\/\/blogopara.com.br\/index.php\/wp-json\/wp\/v2\/types\/post"}],"author":[{"embeddable":true,"href":"https:\/\/blogopara.com.br\/index.php\/wp-json\/wp\/v2\/users\/1"}],"replies":[{"embeddable":true,"href":"https:\/\/blogopara.com.br\/index.php\/wp-json\/wp\/v2\/comments?post=53579"}],"version-history":[{"count":1,"href":"https:\/\/blogopara.com.br\/index.php\/wp-json\/wp\/v2\/posts\/53579\/revisions"}],"predecessor-version":[{"id":53582,"href":"https:\/\/blogopara.com.br\/index.php\/wp-json\/wp\/v2\/posts\/53579\/revisions\/53582"}],"wp:featuredmedia":[{"embeddable":true,"href":"https:\/\/blogopara.com.br\/index.php\/wp-json\/wp\/v2\/media\/53580"}],"wp:attachment":[{"href":"https:\/\/blogopara.com.br\/index.php\/wp-json\/wp\/v2\/media?parent=53579"}],"wp:term":[{"taxonomy":"category","embeddable":true,"href":"https:\/\/blogopara.com.br\/index.php\/wp-json\/wp\/v2\/categories?post=53579"},{"taxonomy":"post_tag","embeddable":true,"href":"https:\/\/blogopara.com.br\/index.php\/wp-json\/wp\/v2\/tags?post=53579"}],"curies":[{"name":"wp","href":"https:\/\/api.w.org\/{rel}","templated":true}]}}