{"id":53602,"date":"2023-06-13T17:15:00","date_gmt":"2023-06-13T20:15:00","guid":{"rendered":"https:\/\/blogopara.com.br\/?p=53602"},"modified":"2023-06-13T08:36:31","modified_gmt":"2023-06-13T11:36:31","slug":"planos-de-saude-individuais-terao-reajuste-de-ate-96","status":"publish","type":"post","link":"https:\/\/blogopara.com.br\/index.php\/2023\/06\/13\/planos-de-saude-individuais-terao-reajuste-de-ate-96","title":{"rendered":"Planos de sa\u00fade individuais ter\u00e3o reajuste de at\u00e9 9,6%"},"content":{"rendered":"<p style=\"text-align: justify;\">A Ag\u00eancia Nacional de Sa\u00fade Suplementar (ANS) anunciou que os planos de sa\u00fade individuais ter\u00e3o reajuste de at\u00e9 9,63%. O valor foi definido e aprovado durante reuni\u00e3o da diretoria da ag\u00eancia.<\/p>\n<p style=\"text-align: justify;\">O reajuste ser\u00e1 aplicado retroativamente para os contratos com anivers\u00e1rio em maio. Apesar de ser inferior ao reajuste do ano passado, quando o \u00edndice ficou em 15,5%, o aumento deste ano \u00e9 praticamente o dobro da infla\u00e7\u00e3o. Nos 12 meses encerrados em abril, o IPCA subiu 4,18%.<\/p>\n<p style=\"text-align: justify;\">Por outro lado, segundo a Associa\u00e7\u00e3o Brasileira de Planos de Sa\u00fade (Abramge), apesar de o \u00edndice parecer ainda alto para o consumidor, ele \u00e9 insuficiente para recompor a eleva\u00e7\u00e3o de custos de assist\u00eancia desses contratos. Para isso, os reajustes deveriam ser na casa dos 20%, afirma a entidade.<\/p>\n","protected":false},"excerpt":{"rendered":"<p>A Ag\u00eancia Nacional de Sa\u00fade Suplementar (ANS) anunciou que os planos de sa\u00fade individuais ter\u00e3o reajuste de at\u00e9 9,63%. O valor foi definido e aprovado durante reuni\u00e3o da diretoria da ag\u00eancia. O reajuste ser\u00e1 aplicado retroativamente para os contratos com anivers\u00e1rio em maio. Apesar de ser inferior ao reajuste do ano passado, quando o \u00edndice [&hellip;]<\/p>\n","protected":false},"author":1,"featured_media":41770,"comment_status":"closed","ping_status":"open","sticky":false,"template":"","format":"standard","meta":{"_uag_custom_page_level_css":"","_monsterinsights_skip_tracking":false,"_monsterinsights_sitenote_active":false,"_monsterinsights_sitenote_note":"","_monsterinsights_sitenote_category":0,"jetpack_post_was_ever_published":false,"_jetpack_newsletter_access":"","_jetpack_dont_email_post_to_subs":false,"_jetpack_newsletter_tier_id":0,"_jetpack_memberships_contains_paywalled_content":false,"_jetpack_memberships_contains_paid_content":false,"footnotes":"","jetpack_publicize_message":"","jetpack_publicize_feature_enabled":true,"jetpack_social_post_already_shared":true,"jetpack_social_options":{"image_generator_settings":{"template":"highway","default_image_id":0,"font":"","enabled":false},"version":2}},"categories":[200,205],"tags":[],"class_list":["post-53602","post","type-post","status-publish","format-standard","has-post-thumbnail","hentry","category-brasil","category-saude"],"jetpack_publicize_connections":[],"jetpack_featured_media_url":"https:\/\/blogopara.com.br\/wp-content\/uploads\/2022\/09\/saude-1.jpg","uagb_featured_image_src":{"full":["https:\/\/blogopara.com.br\/wp-content\/uploads\/2022\/09\/saude-1.jpg",500,333,false],"thumbnail":["https:\/\/blogopara.com.br\/wp-content\/uploads\/2022\/09\/saude-1-150x150.jpg",150,150,true],"medium":["https:\/\/blogopara.com.br\/wp-content\/uploads\/2022\/09\/saude-1-300x200.jpg",300,200,true],"medium_large":["https:\/\/blogopara.com.br\/wp-content\/uploads\/2022\/09\/saude-1.jpg",500,333,false],"large":["https:\/\/blogopara.com.br\/wp-content\/uploads\/2022\/09\/saude-1.jpg",500,333,false],"1536x1536":["https:\/\/blogopara.com.br\/wp-content\/uploads\/2022\/09\/saude-1.jpg",500,333,false],"2048x2048":["https:\/\/blogopara.com.br\/wp-content\/uploads\/2022\/09\/saude-1.jpg",500,333,false],"mantranews-slider-large":["https:\/\/blogopara.com.br\/wp-content\/uploads\/2022\/09\/saude-1.jpg",500,333,false],"mantranews-featured-medium":["https:\/\/blogopara.com.br\/wp-content\/uploads\/2022\/09\/saude-1-420x307.jpg",420,307,true],"mantranews-featured-long":["https:\/\/blogopara.com.br\/wp-content\/uploads\/2022\/09\/saude-1-300x333.jpg",300,333,true],"mantranews-block-medium":["https:\/\/blogopara.com.br\/wp-content\/uploads\/2022\/09\/saude-1-464x290.jpg",464,290,true],"mantranews-carousel-image":["https:\/\/blogopara.com.br\/wp-content\/uploads\/2022\/09\/saude-1.jpg",500,333,false],"mantranews-block-thumb":["https:\/\/blogopara.com.br\/wp-content\/uploads\/2022\/09\/saude-1-322x230.jpg",322,230,true],"mantranews-single-large":["https:\/\/blogopara.com.br\/wp-content\/uploads\/2022\/09\/saude-1.jpg",500,333,false]},"uagb_author_info":{"display_name":"Reda\u00e7\u00e3o geral","author_link":"https:\/\/blogopara.com.br\/index.php\/author\/blogopara"},"uagb_comment_info":0,"uagb_excerpt":"A Ag\u00eancia Nacional de Sa\u00fade Suplementar (ANS) anunciou que os planos de sa\u00fade individuais ter\u00e3o reajuste de at\u00e9 9,63%. O valor foi definido e aprovado durante reuni\u00e3o da diretoria da ag\u00eancia. O reajuste ser\u00e1 aplicado retroativamente para os contratos com anivers\u00e1rio em maio. Apesar de ser inferior ao reajuste do ano passado, quando o \u00edndice&hellip;","jetpack_sharing_enabled":true,"jetpack_likes_enabled":true,"_links":{"self":[{"href":"https:\/\/blogopara.com.br\/index.php\/wp-json\/wp\/v2\/posts\/53602","targetHints":{"allow":["GET"]}}],"collection":[{"href":"https:\/\/blogopara.com.br\/index.php\/wp-json\/wp\/v2\/posts"}],"about":[{"href":"https:\/\/blogopara.com.br\/index.php\/wp-json\/wp\/v2\/types\/post"}],"author":[{"embeddable":true,"href":"https:\/\/blogopara.com.br\/index.php\/wp-json\/wp\/v2\/users\/1"}],"replies":[{"embeddable":true,"href":"https:\/\/blogopara.com.br\/index.php\/wp-json\/wp\/v2\/comments?post=53602"}],"version-history":[{"count":1,"href":"https:\/\/blogopara.com.br\/index.php\/wp-json\/wp\/v2\/posts\/53602\/revisions"}],"predecessor-version":[{"id":53603,"href":"https:\/\/blogopara.com.br\/index.php\/wp-json\/wp\/v2\/posts\/53602\/revisions\/53603"}],"wp:featuredmedia":[{"embeddable":true,"href":"https:\/\/blogopara.com.br\/index.php\/wp-json\/wp\/v2\/media\/41770"}],"wp:attachment":[{"href":"https:\/\/blogopara.com.br\/index.php\/wp-json\/wp\/v2\/media?parent=53602"}],"wp:term":[{"taxonomy":"category","embeddable":true,"href":"https:\/\/blogopara.com.br\/index.php\/wp-json\/wp\/v2\/categories?post=53602"},{"taxonomy":"post_tag","embeddable":true,"href":"https:\/\/blogopara.com.br\/index.php\/wp-json\/wp\/v2\/tags?post=53602"}],"curies":[{"name":"wp","href":"https:\/\/api.w.org\/{rel}","templated":true}]}}