{"id":53612,"date":"2023-06-13T14:27:00","date_gmt":"2023-06-13T17:27:00","guid":{"rendered":"https:\/\/blogopara.com.br\/?p=53612"},"modified":"2023-06-13T08:32:57","modified_gmt":"2023-06-13T11:32:57","slug":"lojas-marisa-fecha-unidades-na-ba-57-unidades-encerraram-atividades","status":"publish","type":"post","link":"https:\/\/blogopara.com.br\/index.php\/2023\/06\/13\/lojas-marisa-fecha-unidades-na-ba-57-unidades-encerraram-atividades","title":{"rendered":"Lojas Marisa fecha unidades na BA; 57 unidades encerraram atividades"},"content":{"rendered":"<p style=\"text-align: justify;\">Em nota enviada ao\u00a0<strong><a href=\"https:\/\/www.bpmoney.com.br\/\" target=\"_blank\" rel=\"noopener\">BP Money<\/a><\/strong>, a companhia informou que a loja localizada no Boulevard Shopping deixar\u00e1 de operar na pr\u00f3xima quinta-feira (15). O site local Acorda Cidade publicou que os funcion\u00e1rios de outro estabelecimento da empresa, localizado na Avenida Senhor dos Passos, no Centro, estariam cumprindo aviso pr\u00e9vio.<\/p>\n<p style=\"text-align: justify;\">No comunicado, a Marisa confirmou que em seu Programa de Efici\u00eancia Operacional h\u00e1 a previs\u00e3o de fechamento de cerca de 90 lojas que apresentam gera\u00e7\u00e3o sistem\u00e1tica de caixa negativo. Com este ajuste, a companhia estima aumento de Ebitda (lucro antes de juros, impostos, deprecia\u00e7\u00e3o e amortiza\u00e7\u00e3o, na sigla em ingl\u00eas) de R$ 62 milh\u00f5es em base anual recorrente. Deste total, 57 unidades j\u00e1 tiveram suas opera\u00e7\u00f5es encerradas at\u00e9 a presente data.<\/p>\n<p style=\"text-align: justify;\">A Marisa, em meio a uma crise financeira, possui uma\u00a0<strong><a href=\"https:\/\/www.bpmoney.com.br\/noticias\/negocios\/marisa-amar3-deve-13-8-mi-para-pmes-e-ja-negocia-acordos\" target=\"_blank\" rel=\"noopener\">d\u00edvida de R$ 13,8 milh\u00f5es com PMEs<\/a><\/strong>\u00a0(pequenas e m\u00e9dias empresas). Conforme relatado pelo jornal O Estado de S\u00e3o Paulo, na ter\u00e7a-feira (23), a maioria desses d\u00e9bitos \u00e9 com fornecedores de artigos de moda e acess\u00f3rios. A varejista afirma ter renegociado seus d\u00e9bitos com 90% dos credores.<\/p>\n<p style=\"text-align: justify;\">De acordo com informa\u00e7\u00f5es, al\u00e9m da crise, a Marisa enfrenta um aumento significativo nos protestos por inadimpl\u00eancia, com 511 protocolados somente este ano. Esse n\u00famero \u00e9 14 vezes maior do que o registrado nos \u00faltimos cinco anos.<\/p>\n<p style=\"text-align: justify;\">Segundo o advogado Renato Leopoldo e Silva, do escrit\u00f3rio DSA Advogados, quando a d\u00edvida l\u00edquida ultrapassa 40 sal\u00e1rios m\u00ednimos, o credor tem o direito de solicitar a fal\u00eancia da empresa por meio do sistema judicial. No caso de valores menores, a alternativa \u00e9 realizar um protesto.<\/p>\n<p style=\"text-align: justify;\">Recentemente, alguns credores da Marisa solicitaram \u00e0 Justi\u00e7a a fal\u00eancia da empresa. Durante a apresenta\u00e7\u00e3o dos n\u00fameros do primeiro trimestre de 2023, o atual CEO da varejista de moda, Jo\u00e3o Pinheiro Nogueira Batista, destacou o alto \u00edndice de renegocia\u00e7\u00e3o, afirmando: &#8220;N\u00e3o negamos nossas d\u00edvidas, reconhecemos&#8221;.<\/p>\n<p style=\"text-align: justify;\">A empresa afirmou \u00e0 reportagem ter negociado acordos com 300 fornecedores estrat\u00e9gicos e 1 mil fornecedores indiretos desde o in\u00edcio do ano. A taxa de 90% citada anteriormente est\u00e1 associada a esses n\u00fameros. \u201cCom os acordos formalizados, a companhia entrar\u00e1 com pedido de baixa de protestos em cada um dos cart\u00f3rios acionados \u2013 trabalho intenso, j\u00e1 em curso pela \u00e1rea financeira\u201d, reitera.<\/p>\n","protected":false},"excerpt":{"rendered":"<p>Em nota enviada ao\u00a0BP Money, a companhia informou que a loja localizada no Boulevard Shopping deixar\u00e1 de operar na pr\u00f3xima quinta-feira (15). O site local Acorda Cidade publicou que os funcion\u00e1rios de outro estabelecimento da empresa, localizado na Avenida Senhor dos Passos, no Centro, estariam cumprindo aviso pr\u00e9vio. No comunicado, a Marisa confirmou que em [&hellip;]<\/p>\n","protected":false},"author":1,"featured_media":53613,"comment_status":"closed","ping_status":"open","sticky":false,"template":"","format":"standard","meta":{"_uag_custom_page_level_css":"","_monsterinsights_skip_tracking":false,"_monsterinsights_sitenote_active":false,"_monsterinsights_sitenote_note":"","_monsterinsights_sitenote_category":0,"jetpack_post_was_ever_published":false,"_jetpack_newsletter_access":"","_jetpack_dont_email_post_to_subs":false,"_jetpack_newsletter_tier_id":0,"_jetpack_memberships_contains_paywalled_content":false,"_jetpack_memberships_contains_paid_content":false,"footnotes":"","jetpack_publicize_message":"","jetpack_publicize_feature_enabled":true,"jetpack_social_post_already_shared":true,"jetpack_social_options":{"image_generator_settings":{"template":"highway","default_image_id":0,"font":"","enabled":false},"version":2}},"categories":[199,206],"tags":[],"class_list":["post-53612","post","type-post","status-publish","format-standard","has-post-thumbnail","hentry","category-bahia","category-economia"],"jetpack_publicize_connections":[],"jetpack_featured_media_url":"https:\/\/blogopara.com.br\/wp-content\/uploads\/2023\/06\/lojas-marisa-amar3-2-1024x569-1.jpg","uagb_featured_image_src":{"full":["https:\/\/blogopara.com.br\/wp-content\/uploads\/2023\/06\/lojas-marisa-amar3-2-1024x569-1.jpg",500,277,false],"thumbnail":["https:\/\/blogopara.com.br\/wp-content\/uploads\/2023\/06\/lojas-marisa-amar3-2-1024x569-1-150x150.jpg",150,150,true],"medium":["https:\/\/blogopara.com.br\/wp-content\/uploads\/2023\/06\/lojas-marisa-amar3-2-1024x569-1-300x166.jpg",300,166,true],"medium_large":["https:\/\/blogopara.com.br\/wp-content\/uploads\/2023\/06\/lojas-marisa-amar3-2-1024x569-1.jpg",500,277,false],"large":["https:\/\/blogopara.com.br\/wp-content\/uploads\/2023\/06\/lojas-marisa-amar3-2-1024x569-1.jpg",500,277,false],"1536x1536":["https:\/\/blogopara.com.br\/wp-content\/uploads\/2023\/06\/lojas-marisa-amar3-2-1024x569-1.jpg",500,277,false],"2048x2048":["https:\/\/blogopara.com.br\/wp-content\/uploads\/2023\/06\/lojas-marisa-amar3-2-1024x569-1.jpg",500,277,false],"mantranews-slider-large":["https:\/\/blogopara.com.br\/wp-content\/uploads\/2023\/06\/lojas-marisa-amar3-2-1024x569-1.jpg",500,277,false],"mantranews-featured-medium":["https:\/\/blogopara.com.br\/wp-content\/uploads\/2023\/06\/lojas-marisa-amar3-2-1024x569-1-420x277.jpg",420,277,true],"mantranews-featured-long":["https:\/\/blogopara.com.br\/wp-content\/uploads\/2023\/06\/lojas-marisa-amar3-2-1024x569-1-300x277.jpg",300,277,true],"mantranews-block-medium":["https:\/\/blogopara.com.br\/wp-content\/uploads\/2023\/06\/lojas-marisa-amar3-2-1024x569-1-464x277.jpg",464,277,true],"mantranews-carousel-image":["https:\/\/blogopara.com.br\/wp-content\/uploads\/2023\/06\/lojas-marisa-amar3-2-1024x569-1.jpg",500,277,false],"mantranews-block-thumb":["https:\/\/blogopara.com.br\/wp-content\/uploads\/2023\/06\/lojas-marisa-amar3-2-1024x569-1-322x230.jpg",322,230,true],"mantranews-single-large":["https:\/\/blogopara.com.br\/wp-content\/uploads\/2023\/06\/lojas-marisa-amar3-2-1024x569-1.jpg",500,277,false]},"uagb_author_info":{"display_name":"Reda\u00e7\u00e3o geral","author_link":"https:\/\/blogopara.com.br\/index.php\/author\/blogopara"},"uagb_comment_info":0,"uagb_excerpt":"Em nota enviada ao\u00a0BP Money, a companhia informou que a loja localizada no Boulevard Shopping deixar\u00e1 de operar na pr\u00f3xima quinta-feira (15). O site local Acorda Cidade publicou que os funcion\u00e1rios de outro estabelecimento da empresa, localizado na Avenida Senhor dos Passos, no Centro, estariam cumprindo aviso pr\u00e9vio. No comunicado, a Marisa confirmou que em&hellip;","jetpack_sharing_enabled":true,"jetpack_likes_enabled":true,"_links":{"self":[{"href":"https:\/\/blogopara.com.br\/index.php\/wp-json\/wp\/v2\/posts\/53612","targetHints":{"allow":["GET"]}}],"collection":[{"href":"https:\/\/blogopara.com.br\/index.php\/wp-json\/wp\/v2\/posts"}],"about":[{"href":"https:\/\/blogopara.com.br\/index.php\/wp-json\/wp\/v2\/types\/post"}],"author":[{"embeddable":true,"href":"https:\/\/blogopara.com.br\/index.php\/wp-json\/wp\/v2\/users\/1"}],"replies":[{"embeddable":true,"href":"https:\/\/blogopara.com.br\/index.php\/wp-json\/wp\/v2\/comments?post=53612"}],"version-history":[{"count":1,"href":"https:\/\/blogopara.com.br\/index.php\/wp-json\/wp\/v2\/posts\/53612\/revisions"}],"predecessor-version":[{"id":53614,"href":"https:\/\/blogopara.com.br\/index.php\/wp-json\/wp\/v2\/posts\/53612\/revisions\/53614"}],"wp:featuredmedia":[{"embeddable":true,"href":"https:\/\/blogopara.com.br\/index.php\/wp-json\/wp\/v2\/media\/53613"}],"wp:attachment":[{"href":"https:\/\/blogopara.com.br\/index.php\/wp-json\/wp\/v2\/media?parent=53612"}],"wp:term":[{"taxonomy":"category","embeddable":true,"href":"https:\/\/blogopara.com.br\/index.php\/wp-json\/wp\/v2\/categories?post=53612"},{"taxonomy":"post_tag","embeddable":true,"href":"https:\/\/blogopara.com.br\/index.php\/wp-json\/wp\/v2\/tags?post=53612"}],"curies":[{"name":"wp","href":"https:\/\/api.w.org\/{rel}","templated":true}]}}