{"id":53627,"date":"2023-06-14T08:41:00","date_gmt":"2023-06-14T11:41:00","guid":{"rendered":"https:\/\/blogopara.com.br\/?p=53627"},"modified":"2023-06-13T14:42:56","modified_gmt":"2023-06-13T17:42:56","slug":"marquinhos-do-n4-reafirma-seu-compromisso-como-vereador-de-oposicao-de-petrolina","status":"publish","type":"post","link":"https:\/\/blogopara.com.br\/index.php\/2023\/06\/14\/marquinhos-do-n4-reafirma-seu-compromisso-como-vereador-de-oposicao-de-petrolina","title":{"rendered":"Marquinhos do N4 reafirma seu compromisso como vereador de Oposi\u00e7\u00e3o de Petrolina"},"content":{"rendered":"<p>Vereador Marquinhos do N4 agradece a confian\u00e7a dos colegas vereadores durante sua lideran\u00e7a na Bancada de Oposi\u00e7\u00e3o da Casa Plinio Amorim. Durante sess\u00e3o ordin\u00e1ria desta ter\u00e7a-feira (13), o vereador refor\u00e7ou seu papel na oposi\u00e7\u00e3o de Petrolina para fiscalizar a atua\u00e7\u00e3o da gest\u00e3o municipal e para defender os direitos do petrolinenses.<\/p>\n<p>Marquinhos do N4 deixou claro seu perfil conciliador na defesa dos direitos humanos, com di\u00e1logo e proposi\u00e7\u00f5es de solu\u00e7\u00f5es. Como l\u00edder da Bancada de Oposi\u00e7\u00e3o sempre esteve atento e em busca da resolu\u00e7\u00e3o de v\u00e1rios problemas no munic\u00edpio, pautas que foram atendidas pelo Executivo com a solu\u00e7\u00e3o de diversas reclama\u00e7\u00f5es populares, a exemplo de amplia\u00e7\u00e3o de m\u00e9dicos em algumas comunidades rurais, reforma de escola, manuten\u00e7\u00e3o de programas sociais, reforma de estradas vicinais, principalmente nas vias de acesso aos per\u00edmetros irrigados, implanta\u00e7\u00e3o de Unidades de Sa\u00fade da Fam\u00edlia, e manuten\u00e7\u00e3o de outros programas como CRAS, NASF, COMPAZ. No per\u00edodo de sua lideran\u00e7a, Marquinhos do N4 tamb\u00e9m defendeu outras atividades em defesa de a\u00e7\u00f5es ben\u00e9ficas \u00e0 popula\u00e7\u00e3o petrolinense. \u201cDesde o primeiro momento que me confiaram \u00e0 posi\u00e7\u00e3o de lideran\u00e7a da Bancada de Oposi\u00e7\u00e3o, busquei a resolu\u00e7\u00e3o dos problemas que afetavam a popula\u00e7\u00e3o, primando pelo di\u00e1logo\u201d, pontua o vereador.<\/p>\n<p>Marquinhos do N4 deseja boa sorte ao novo l\u00edder, o vereador Gilmar Santos e reafirma o compromisso com a popula\u00e7\u00e3o de continuar defendendo os direitos dos petrolinenses e manter sua fiscaliza\u00e7\u00e3o das a\u00e7\u00f5es da gest\u00e3o p\u00fablica, com responsabilidade, respeito e compromisso.<\/p>\n<p>M\u00f4nia Ramos -Jornalista<br \/>\nASCOM<\/p>\n","protected":false},"excerpt":{"rendered":"<p>Vereador Marquinhos do N4 agradece a confian\u00e7a dos colegas vereadores durante sua lideran\u00e7a na Bancada de Oposi\u00e7\u00e3o da Casa Plinio Amorim. Durante sess\u00e3o ordin\u00e1ria desta ter\u00e7a-feira (13), o vereador refor\u00e7ou seu papel na oposi\u00e7\u00e3o de Petrolina para fiscalizar a atua\u00e7\u00e3o da gest\u00e3o municipal e para defender os direitos do petrolinenses. Marquinhos do N4 deixou claro [&hellip;]<\/p>\n","protected":false},"author":1,"featured_media":20661,"comment_status":"closed","ping_status":"open","sticky":false,"template":"","format":"standard","meta":{"_uag_custom_page_level_css":"","_monsterinsights_skip_tracking":false,"_monsterinsights_sitenote_active":false,"_monsterinsights_sitenote_note":"","_monsterinsights_sitenote_category":0,"jetpack_post_was_ever_published":false,"_jetpack_newsletter_access":"","_jetpack_dont_email_post_to_subs":false,"_jetpack_newsletter_tier_id":0,"_jetpack_memberships_contains_paywalled_content":false,"_jetpack_memberships_contains_paid_content":false,"footnotes":"","jetpack_publicize_message":"","jetpack_publicize_feature_enabled":true,"jetpack_social_post_already_shared":true,"jetpack_social_options":{"image_generator_settings":{"template":"highway","default_image_id":0,"font":"","enabled":false},"version":2}},"categories":[851],"tags":[],"class_list":["post-53627","post","type-post","status-publish","format-standard","has-post-thumbnail","hentry","category-petrolina"],"jetpack_publicize_connections":[],"jetpack_featured_media_url":"https:\/\/blogopara.com.br\/wp-content\/uploads\/2021\/03\/Marquinho-N409.03.jpeg","uagb_featured_image_src":{"full":["https:\/\/blogopara.com.br\/wp-content\/uploads\/2021\/03\/Marquinho-N409.03.jpeg",500,374,false],"thumbnail":["https:\/\/blogopara.com.br\/wp-content\/uploads\/2021\/03\/Marquinho-N409.03-150x150.jpeg",150,150,true],"medium":["https:\/\/blogopara.com.br\/wp-content\/uploads\/2021\/03\/Marquinho-N409.03-300x224.jpeg",300,224,true],"medium_large":["https:\/\/blogopara.com.br\/wp-content\/uploads\/2021\/03\/Marquinho-N409.03.jpeg",500,374,false],"large":["https:\/\/blogopara.com.br\/wp-content\/uploads\/2021\/03\/Marquinho-N409.03.jpeg",500,374,false],"1536x1536":["https:\/\/blogopara.com.br\/wp-content\/uploads\/2021\/03\/Marquinho-N409.03.jpeg",500,374,false],"2048x2048":["https:\/\/blogopara.com.br\/wp-content\/uploads\/2021\/03\/Marquinho-N409.03.jpeg",500,374,false],"mantranews-slider-large":["https:\/\/blogopara.com.br\/wp-content\/uploads\/2021\/03\/Marquinho-N409.03.jpeg",500,374,false],"mantranews-featured-medium":["https:\/\/blogopara.com.br\/wp-content\/uploads\/2021\/03\/Marquinho-N409.03-420x307.jpeg",420,307,true],"mantranews-featured-long":["https:\/\/blogopara.com.br\/wp-content\/uploads\/2021\/03\/Marquinho-N409.03-300x374.jpeg",300,374,true],"mantranews-block-medium":["https:\/\/blogopara.com.br\/wp-content\/uploads\/2021\/03\/Marquinho-N409.03-464x290.jpeg",464,290,true],"mantranews-carousel-image":["https:\/\/blogopara.com.br\/wp-content\/uploads\/2021\/03\/Marquinho-N409.03.jpeg",500,374,false],"mantranews-block-thumb":["https:\/\/blogopara.com.br\/wp-content\/uploads\/2021\/03\/Marquinho-N409.03-322x230.jpeg",322,230,true],"mantranews-single-large":["https:\/\/blogopara.com.br\/wp-content\/uploads\/2021\/03\/Marquinho-N409.03.jpeg",500,374,false]},"uagb_author_info":{"display_name":"Reda\u00e7\u00e3o geral","author_link":"https:\/\/blogopara.com.br\/index.php\/author\/blogopara"},"uagb_comment_info":0,"uagb_excerpt":"Vereador Marquinhos do N4 agradece a confian\u00e7a dos colegas vereadores durante sua lideran\u00e7a na Bancada de Oposi\u00e7\u00e3o da Casa Plinio Amorim. Durante sess\u00e3o ordin\u00e1ria desta ter\u00e7a-feira (13), o vereador refor\u00e7ou seu papel na oposi\u00e7\u00e3o de Petrolina para fiscalizar a atua\u00e7\u00e3o da gest\u00e3o municipal e para defender os direitos do petrolinenses. Marquinhos do N4 deixou claro&hellip;","jetpack_sharing_enabled":true,"jetpack_likes_enabled":true,"_links":{"self":[{"href":"https:\/\/blogopara.com.br\/index.php\/wp-json\/wp\/v2\/posts\/53627","targetHints":{"allow":["GET"]}}],"collection":[{"href":"https:\/\/blogopara.com.br\/index.php\/wp-json\/wp\/v2\/posts"}],"about":[{"href":"https:\/\/blogopara.com.br\/index.php\/wp-json\/wp\/v2\/types\/post"}],"author":[{"embeddable":true,"href":"https:\/\/blogopara.com.br\/index.php\/wp-json\/wp\/v2\/users\/1"}],"replies":[{"embeddable":true,"href":"https:\/\/blogopara.com.br\/index.php\/wp-json\/wp\/v2\/comments?post=53627"}],"version-history":[{"count":1,"href":"https:\/\/blogopara.com.br\/index.php\/wp-json\/wp\/v2\/posts\/53627\/revisions"}],"predecessor-version":[{"id":53628,"href":"https:\/\/blogopara.com.br\/index.php\/wp-json\/wp\/v2\/posts\/53627\/revisions\/53628"}],"wp:featuredmedia":[{"embeddable":true,"href":"https:\/\/blogopara.com.br\/index.php\/wp-json\/wp\/v2\/media\/20661"}],"wp:attachment":[{"href":"https:\/\/blogopara.com.br\/index.php\/wp-json\/wp\/v2\/media?parent=53627"}],"wp:term":[{"taxonomy":"category","embeddable":true,"href":"https:\/\/blogopara.com.br\/index.php\/wp-json\/wp\/v2\/categories?post=53627"},{"taxonomy":"post_tag","embeddable":true,"href":"https:\/\/blogopara.com.br\/index.php\/wp-json\/wp\/v2\/tags?post=53627"}],"curies":[{"name":"wp","href":"https:\/\/api.w.org\/{rel}","templated":true}]}}