{"id":53629,"date":"2023-06-14T09:43:00","date_gmt":"2023-06-14T12:43:00","guid":{"rendered":"https:\/\/blogopara.com.br\/?p=53629"},"modified":"2023-06-13T14:47:50","modified_gmt":"2023-06-13T17:47:50","slug":"prefeitura-de-juazeiro-promove-roda-de-conversa-sobre-bpc-loas-para-criancas-autistas","status":"publish","type":"post","link":"https:\/\/blogopara.com.br\/index.php\/2023\/06\/14\/prefeitura-de-juazeiro-promove-roda-de-conversa-sobre-bpc-loas-para-criancas-autistas","title":{"rendered":"Prefeitura de Juazeiro promove roda de conversa sobre BPC-LOAS para crian\u00e7as autistas"},"content":{"rendered":"<p style=\"text-align: justify;\">A Prefeitura de Juazeiro, por meio da Secretaria de Sa\u00fade (Sesau), realizar\u00e1 uma roda de conversa sobre os direitos de crian\u00e7as portadoras do Espectro Autista (TEA) ao Benef\u00edcio de Presta\u00e7\u00e3o Continuada da Lei Org\u00e2nica da Assist\u00eancia Social (BPC-LOAS). O encontro acontecer\u00e1 na pr\u00f3xima quinta-feira (15), \u00e0s 9h, no Centro Regional de Reabilita\u00e7\u00e3o, Preven\u00e7\u00e3o e Inclus\u00e3o Social (Cerpris).<br aria-hidden=\"true\" \/><br aria-hidden=\"true\" \/>A palestra ser\u00e1 realizada em parceria com advogada previdenci\u00e1ria Renata Alencar que mediar\u00e1 o encontro. \u201cConvidamos a todos os pais para participar e conhecer os direitos dos seus filhos portadores de TEA. As crian\u00e7as podem ter acesso a at\u00e9 um sal\u00e1rio m\u00ednimo e este valor pode ajudar muito no or\u00e7amento das fam\u00edlias. O evento \u00e9 aberto para todos, inclusive, para os respons\u00e1veis por crian\u00e7as que n\u00e3o s\u00e3o acompanhadas pelo Cerpris\u201d, disse a gerente do Cerpris, Ver\u00f4nica Pesqueira.<br aria-hidden=\"true\" \/><br aria-hidden=\"true\" \/>O Cerpris fica localizado na Travessa Dr. Jos\u00e9 Ara\u00fajo de Souza, n\u00ba 140, bairro Santo Ant\u00f4nio.<\/p>\n<div><\/div>\n","protected":false},"excerpt":{"rendered":"<p>A Prefeitura de Juazeiro, por meio da Secretaria de Sa\u00fade (Sesau), realizar\u00e1 uma roda de conversa sobre os direitos de crian\u00e7as portadoras do Espectro Autista (TEA) ao Benef\u00edcio de Presta\u00e7\u00e3o Continuada da Lei Org\u00e2nica da Assist\u00eancia Social (BPC-LOAS). O encontro acontecer\u00e1 na pr\u00f3xima quinta-feira (15), \u00e0s 9h, no Centro Regional de Reabilita\u00e7\u00e3o, Preven\u00e7\u00e3o e Inclus\u00e3o [&hellip;]<\/p>\n","protected":false},"author":1,"featured_media":53630,"comment_status":"closed","ping_status":"open","sticky":false,"template":"","format":"standard","meta":{"_uag_custom_page_level_css":"","_monsterinsights_skip_tracking":false,"_monsterinsights_sitenote_active":false,"_monsterinsights_sitenote_note":"","_monsterinsights_sitenote_category":0,"jetpack_post_was_ever_published":false,"_jetpack_newsletter_access":"","_jetpack_dont_email_post_to_subs":false,"_jetpack_newsletter_tier_id":0,"_jetpack_memberships_contains_paywalled_content":false,"_jetpack_memberships_contains_paid_content":false,"footnotes":"","jetpack_publicize_message":"","jetpack_publicize_feature_enabled":true,"jetpack_social_post_already_shared":true,"jetpack_social_options":{"image_generator_settings":{"template":"highway","default_image_id":0,"font":"","enabled":false},"version":2}},"categories":[203],"tags":[],"class_list":["post-53629","post","type-post","status-publish","format-standard","has-post-thumbnail","hentry","category-juazeiro"],"jetpack_publicize_connections":[],"jetpack_featured_media_url":"https:\/\/blogopara.com.br\/wp-content\/uploads\/2023\/06\/thumbnail_Cerpris-Juazeiro-1.jpg","uagb_featured_image_src":{"full":["https:\/\/blogopara.com.br\/wp-content\/uploads\/2023\/06\/thumbnail_Cerpris-Juazeiro-1.jpg",500,333,false],"thumbnail":["https:\/\/blogopara.com.br\/wp-content\/uploads\/2023\/06\/thumbnail_Cerpris-Juazeiro-1-150x150.jpg",150,150,true],"medium":["https:\/\/blogopara.com.br\/wp-content\/uploads\/2023\/06\/thumbnail_Cerpris-Juazeiro-1-300x200.jpg",300,200,true],"medium_large":["https:\/\/blogopara.com.br\/wp-content\/uploads\/2023\/06\/thumbnail_Cerpris-Juazeiro-1.jpg",500,333,false],"large":["https:\/\/blogopara.com.br\/wp-content\/uploads\/2023\/06\/thumbnail_Cerpris-Juazeiro-1.jpg",500,333,false],"1536x1536":["https:\/\/blogopara.com.br\/wp-content\/uploads\/2023\/06\/thumbnail_Cerpris-Juazeiro-1.jpg",500,333,false],"2048x2048":["https:\/\/blogopara.com.br\/wp-content\/uploads\/2023\/06\/thumbnail_Cerpris-Juazeiro-1.jpg",500,333,false],"mantranews-slider-large":["https:\/\/blogopara.com.br\/wp-content\/uploads\/2023\/06\/thumbnail_Cerpris-Juazeiro-1.jpg",500,333,false],"mantranews-featured-medium":["https:\/\/blogopara.com.br\/wp-content\/uploads\/2023\/06\/thumbnail_Cerpris-Juazeiro-1-420x307.jpg",420,307,true],"mantranews-featured-long":["https:\/\/blogopara.com.br\/wp-content\/uploads\/2023\/06\/thumbnail_Cerpris-Juazeiro-1-300x333.jpg",300,333,true],"mantranews-block-medium":["https:\/\/blogopara.com.br\/wp-content\/uploads\/2023\/06\/thumbnail_Cerpris-Juazeiro-1-464x290.jpg",464,290,true],"mantranews-carousel-image":["https:\/\/blogopara.com.br\/wp-content\/uploads\/2023\/06\/thumbnail_Cerpris-Juazeiro-1.jpg",500,333,false],"mantranews-block-thumb":["https:\/\/blogopara.com.br\/wp-content\/uploads\/2023\/06\/thumbnail_Cerpris-Juazeiro-1-322x230.jpg",322,230,true],"mantranews-single-large":["https:\/\/blogopara.com.br\/wp-content\/uploads\/2023\/06\/thumbnail_Cerpris-Juazeiro-1.jpg",500,333,false]},"uagb_author_info":{"display_name":"Reda\u00e7\u00e3o geral","author_link":"https:\/\/blogopara.com.br\/index.php\/author\/blogopara"},"uagb_comment_info":0,"uagb_excerpt":"A Prefeitura de Juazeiro, por meio da Secretaria de Sa\u00fade (Sesau), realizar\u00e1 uma roda de conversa sobre os direitos de crian\u00e7as portadoras do Espectro Autista (TEA) ao Benef\u00edcio de Presta\u00e7\u00e3o Continuada da Lei Org\u00e2nica da Assist\u00eancia Social (BPC-LOAS). O encontro acontecer\u00e1 na pr\u00f3xima quinta-feira (15), \u00e0s 9h, no Centro Regional de Reabilita\u00e7\u00e3o, Preven\u00e7\u00e3o e Inclus\u00e3o&hellip;","jetpack_sharing_enabled":true,"jetpack_likes_enabled":true,"_links":{"self":[{"href":"https:\/\/blogopara.com.br\/index.php\/wp-json\/wp\/v2\/posts\/53629","targetHints":{"allow":["GET"]}}],"collection":[{"href":"https:\/\/blogopara.com.br\/index.php\/wp-json\/wp\/v2\/posts"}],"about":[{"href":"https:\/\/blogopara.com.br\/index.php\/wp-json\/wp\/v2\/types\/post"}],"author":[{"embeddable":true,"href":"https:\/\/blogopara.com.br\/index.php\/wp-json\/wp\/v2\/users\/1"}],"replies":[{"embeddable":true,"href":"https:\/\/blogopara.com.br\/index.php\/wp-json\/wp\/v2\/comments?post=53629"}],"version-history":[{"count":1,"href":"https:\/\/blogopara.com.br\/index.php\/wp-json\/wp\/v2\/posts\/53629\/revisions"}],"predecessor-version":[{"id":53631,"href":"https:\/\/blogopara.com.br\/index.php\/wp-json\/wp\/v2\/posts\/53629\/revisions\/53631"}],"wp:featuredmedia":[{"embeddable":true,"href":"https:\/\/blogopara.com.br\/index.php\/wp-json\/wp\/v2\/media\/53630"}],"wp:attachment":[{"href":"https:\/\/blogopara.com.br\/index.php\/wp-json\/wp\/v2\/media?parent=53629"}],"wp:term":[{"taxonomy":"category","embeddable":true,"href":"https:\/\/blogopara.com.br\/index.php\/wp-json\/wp\/v2\/categories?post=53629"},{"taxonomy":"post_tag","embeddable":true,"href":"https:\/\/blogopara.com.br\/index.php\/wp-json\/wp\/v2\/tags?post=53629"}],"curies":[{"name":"wp","href":"https:\/\/api.w.org\/{rel}","templated":true}]}}