{"id":53663,"date":"2023-06-14T09:48:49","date_gmt":"2023-06-14T12:48:49","guid":{"rendered":"https:\/\/blogopara.com.br\/?p=53663"},"modified":"2023-06-14T09:48:51","modified_gmt":"2023-06-14T12:48:51","slug":"gestao-suzana-ramos-realiza-2a-edicao-do-sao-joao-de-juremal-nos-proximos-finais-de-semana","status":"publish","type":"post","link":"https:\/\/blogopara.com.br\/index.php\/2023\/06\/14\/gestao-suzana-ramos-realiza-2a-edicao-do-sao-joao-de-juremal-nos-proximos-finais-de-semana","title":{"rendered":"Gest\u00e3o Suzana Ramos realiza 2\u00aa edi\u00e7\u00e3o do S\u00e3o Jo\u00e3o de Juremal nos pr\u00f3ximos finais de semana"},"content":{"rendered":"<p style=\"text-align: justify;\">Quem pensou que as festas juninas de Juazeiro tinham acabado se enganou! A Prefeitura de Juazeiro, atrav\u00e9s da Secretaria de Cultura, Turismo e Esportes (Seculte), vai realizar no distrito de Juremal o \u201cFestival Cultural S\u00e3o Jo\u00e3o de Juremal\u201d. A festa vai ser realizada nos dois finais de semana pr\u00f3ximos, dias 17, 18, 23, 24 e 25 de junho, trazendo na programa\u00e7\u00e3o shows musicais e a apresenta\u00e7\u00e3o da quadrilha vencedora do Concurso de Quadrilhas Juninas de Juazeiro.<\/p>\n<p style=\"text-align: justify;\">O distrito de Juremal tem como padroeiro S\u00e3o Jo\u00e3o e sua festa \u00e9 tradicionalmente realizada h\u00e1 29 anos com a participa\u00e7\u00e3o da comunidade em todos os preparativos e organiza\u00e7\u00e3o. A prefeita Suzana Ramos, como filha de Juremal, sempre esteve presente na organiza\u00e7\u00e3o da festa que, durante 9 dias, tem a religiosidade como principal momento atrav\u00e9s do noven\u00e1rio. \u201cConstruiremos uma festa com a participa\u00e7\u00e3o popular, com o apoio do poder p\u00fablico municipal para que a Festa de S\u00e3o Jo\u00e3o possa atrair turistas de v\u00e1rias localidades, aquecendo a economia da localidade e, principalmente, preservando essa importante tradi\u00e7\u00e3o cultural\u201d, destacou a prefeita Suzana Ramos.<\/p>\n<p style=\"text-align: justify;\"><strong>Homenagem<\/strong><\/p>\n<p style=\"text-align: justify;\">Este ano, a homenagem do S\u00e3o Jo\u00e3o \u00e9 ao seu filho ilustre, Ademir Jose dos Reis, o popular \u2018Seu Dema\u2019. \u201cEle \u00e9 um grande nome da localidade que levou o nome de Juremal a v\u00e1rios cantos do pa\u00eds com sua m\u00fasica e sua preocupa\u00e7\u00e3o com a cultura popular\u201d, disse o analista de projetos e gest\u00e3o cultural do munic\u00edpio, Edvaldo Franciolli.<\/p>\n<p style=\"text-align: justify;\">\n<p style=\"text-align: justify;\"><strong>Confira a programa\u00e7\u00e3o do S\u00e3o Jo\u00e3o de Juremal 2023:<\/strong><\/p>\n<p style=\"text-align: justify;\">\n<p style=\"text-align: justify;\"><strong><u>17 de junho<\/u><\/strong><\/p>\n<p style=\"text-align: justify;\">-Tom Bahia<br \/>\n-Rafinha<\/p>\n<p style=\"text-align: justify;\"><strong><u>18 de junho<\/u><\/strong><\/p>\n<p style=\"text-align: justify;\">-Apresenta\u00e7\u00e3o da Quadrilha Campe\u00e3<br \/>\n-Dudu Almeida<\/p>\n<p style=\"text-align: justify;\"><strong><u>23 de junho<\/u><\/strong><\/p>\n<p style=\"text-align: justify;\">\u2013 Mega Top<br \/>\n\u2013 Frank e Alex<br \/>\n\u2013 Taty Vaqueira<br \/>\n\u2013 Carlinhos Cai\u00e7ara<\/p>\n<p style=\"text-align: justify;\"><strong><u>24 de junho<\/u><\/strong><\/p>\n<p style=\"text-align: justify;\">-Edinho e Juju<br \/>\n-J\u00f3 do Acordeon<\/p>\n<p style=\"text-align: justify;\"><strong><u>25 de junho<\/u><\/strong><\/p>\n<p style=\"text-align: justify;\">\u2013 Suzana Coelho<br \/>\n\u2013 J\u00falio do Acordeon<\/p>\n<p style=\"text-align: justify;\">\n","protected":false},"excerpt":{"rendered":"<p>Quem pensou que as festas juninas de Juazeiro tinham acabado se enganou! A Prefeitura de Juazeiro, atrav\u00e9s da Secretaria de Cultura, Turismo e Esportes (Seculte), vai realizar no distrito de Juremal o \u201cFestival Cultural S\u00e3o Jo\u00e3o de Juremal\u201d. A festa vai ser realizada nos dois finais de semana pr\u00f3ximos, dias 17, 18, 23, 24 e [&hellip;]<\/p>\n","protected":false},"author":1,"featured_media":53664,"comment_status":"closed","ping_status":"open","sticky":false,"template":"","format":"standard","meta":{"_uag_custom_page_level_css":"","_monsterinsights_skip_tracking":false,"_monsterinsights_sitenote_active":false,"_monsterinsights_sitenote_note":"","_monsterinsights_sitenote_category":0,"jetpack_post_was_ever_published":false,"_jetpack_newsletter_access":"","_jetpack_dont_email_post_to_subs":false,"_jetpack_newsletter_tier_id":0,"_jetpack_memberships_contains_paywalled_content":false,"_jetpack_memberships_contains_paid_content":false,"footnotes":"","jetpack_publicize_message":"","jetpack_publicize_feature_enabled":true,"jetpack_social_post_already_shared":true,"jetpack_social_options":{"image_generator_settings":{"template":"highway","default_image_id":0,"font":"","enabled":false},"version":2}},"categories":[1784,203],"tags":[],"class_list":["post-53663","post","type-post","status-publish","format-standard","has-post-thumbnail","hentry","category-cultura-2","category-juazeiro"],"jetpack_publicize_connections":[],"jetpack_featured_media_url":"https:\/\/blogopara.com.br\/wp-content\/uploads\/2023\/06\/Sao-Joao-Juremal-3.jpeg","uagb_featured_image_src":{"full":["https:\/\/blogopara.com.br\/wp-content\/uploads\/2023\/06\/Sao-Joao-Juremal-3.jpeg",500,332,false],"thumbnail":["https:\/\/blogopara.com.br\/wp-content\/uploads\/2023\/06\/Sao-Joao-Juremal-3-150x150.jpeg",150,150,true],"medium":["https:\/\/blogopara.com.br\/wp-content\/uploads\/2023\/06\/Sao-Joao-Juremal-3-300x199.jpeg",300,199,true],"medium_large":["https:\/\/blogopara.com.br\/wp-content\/uploads\/2023\/06\/Sao-Joao-Juremal-3.jpeg",500,332,false],"large":["https:\/\/blogopara.com.br\/wp-content\/uploads\/2023\/06\/Sao-Joao-Juremal-3.jpeg",500,332,false],"1536x1536":["https:\/\/blogopara.com.br\/wp-content\/uploads\/2023\/06\/Sao-Joao-Juremal-3.jpeg",500,332,false],"2048x2048":["https:\/\/blogopara.com.br\/wp-content\/uploads\/2023\/06\/Sao-Joao-Juremal-3.jpeg",500,332,false],"mantranews-slider-large":["https:\/\/blogopara.com.br\/wp-content\/uploads\/2023\/06\/Sao-Joao-Juremal-3.jpeg",500,332,false],"mantranews-featured-medium":["https:\/\/blogopara.com.br\/wp-content\/uploads\/2023\/06\/Sao-Joao-Juremal-3-420x307.jpeg",420,307,true],"mantranews-featured-long":["https:\/\/blogopara.com.br\/wp-content\/uploads\/2023\/06\/Sao-Joao-Juremal-3-300x332.jpeg",300,332,true],"mantranews-block-medium":["https:\/\/blogopara.com.br\/wp-content\/uploads\/2023\/06\/Sao-Joao-Juremal-3-464x290.jpeg",464,290,true],"mantranews-carousel-image":["https:\/\/blogopara.com.br\/wp-content\/uploads\/2023\/06\/Sao-Joao-Juremal-3.jpeg",500,332,false],"mantranews-block-thumb":["https:\/\/blogopara.com.br\/wp-content\/uploads\/2023\/06\/Sao-Joao-Juremal-3-322x230.jpeg",322,230,true],"mantranews-single-large":["https:\/\/blogopara.com.br\/wp-content\/uploads\/2023\/06\/Sao-Joao-Juremal-3.jpeg",500,332,false]},"uagb_author_info":{"display_name":"Reda\u00e7\u00e3o geral","author_link":"https:\/\/blogopara.com.br\/index.php\/author\/blogopara"},"uagb_comment_info":0,"uagb_excerpt":"Quem pensou que as festas juninas de Juazeiro tinham acabado se enganou! A Prefeitura de Juazeiro, atrav\u00e9s da Secretaria de Cultura, Turismo e Esportes (Seculte), vai realizar no distrito de Juremal o \u201cFestival Cultural S\u00e3o Jo\u00e3o de Juremal\u201d. A festa vai ser realizada nos dois finais de semana pr\u00f3ximos, dias 17, 18, 23, 24 e&hellip;","jetpack_sharing_enabled":true,"jetpack_likes_enabled":true,"_links":{"self":[{"href":"https:\/\/blogopara.com.br\/index.php\/wp-json\/wp\/v2\/posts\/53663","targetHints":{"allow":["GET"]}}],"collection":[{"href":"https:\/\/blogopara.com.br\/index.php\/wp-json\/wp\/v2\/posts"}],"about":[{"href":"https:\/\/blogopara.com.br\/index.php\/wp-json\/wp\/v2\/types\/post"}],"author":[{"embeddable":true,"href":"https:\/\/blogopara.com.br\/index.php\/wp-json\/wp\/v2\/users\/1"}],"replies":[{"embeddable":true,"href":"https:\/\/blogopara.com.br\/index.php\/wp-json\/wp\/v2\/comments?post=53663"}],"version-history":[{"count":1,"href":"https:\/\/blogopara.com.br\/index.php\/wp-json\/wp\/v2\/posts\/53663\/revisions"}],"predecessor-version":[{"id":53665,"href":"https:\/\/blogopara.com.br\/index.php\/wp-json\/wp\/v2\/posts\/53663\/revisions\/53665"}],"wp:featuredmedia":[{"embeddable":true,"href":"https:\/\/blogopara.com.br\/index.php\/wp-json\/wp\/v2\/media\/53664"}],"wp:attachment":[{"href":"https:\/\/blogopara.com.br\/index.php\/wp-json\/wp\/v2\/media?parent=53663"}],"wp:term":[{"taxonomy":"category","embeddable":true,"href":"https:\/\/blogopara.com.br\/index.php\/wp-json\/wp\/v2\/categories?post=53663"},{"taxonomy":"post_tag","embeddable":true,"href":"https:\/\/blogopara.com.br\/index.php\/wp-json\/wp\/v2\/tags?post=53663"}],"curies":[{"name":"wp","href":"https:\/\/api.w.org\/{rel}","templated":true}]}}