{"id":53669,"date":"2023-06-15T08:20:00","date_gmt":"2023-06-15T11:20:00","guid":{"rendered":"https:\/\/blogopara.com.br\/?p=53669"},"modified":"2023-06-14T10:24:20","modified_gmt":"2023-06-14T13:24:20","slug":"morre-adolescente-com-suspeita-de-febre-maculosa-em-sp-tres-obitos-foram-confirmados","status":"publish","type":"post","link":"https:\/\/blogopara.com.br\/index.php\/2023\/06\/15\/morre-adolescente-com-suspeita-de-febre-maculosa-em-sp-tres-obitos-foram-confirmados","title":{"rendered":"Morre adolescente com suspeita de febre maculosa em SP; tr\u00eas \u00f3bitos foram confirmados"},"content":{"rendered":"<p style=\"text-align: justify;\">O estado de S\u00e3o Paulo registrou nesta quarta-feira (14) mais uma morte suspeita por\u00a0<a href=\"https:\/\/www.cnnbrasil.com.br\/tudo-sobre\/febre-maculosa\/\">febre maculosa<\/a>. O Instituto Adolfo Lutz confirmou\u00a0<a href=\"https:\/\/www.cnnbrasil.com.br\/nacional\/instituto-confirma-febre-maculosa-em-piloto-que-morreu-apos-viagens-para-sp-e-mg\/\">tr\u00eas \u00f3bitos<\/a>\u00a0pela doen\u00e7a at\u00e9 o momento.<\/p>\n<p style=\"text-align: justify;\">Todas as pessoas estiveram em um mesmo evento\u00a0realizado em Campinas, no dia 27 de maio, na Fazenda Santa Margarida, no Distrito de Joaquim Eg\u00eddio, local prov\u00e1vel de infec\u00e7\u00e3o.<\/p>\n<p style=\"text-align: justify;\">A adolescente de 16 anos estava internada em Campinas, no interior de S\u00e3o Paulo. Ela morreu na noite de ter\u00e7a-feira (13). As amostras continuam em an\u00e1lise para confirmar a causa do \u00f3bito. As informa\u00e7\u00f5es foram confirmadas pela Secretaria Municipal da Sa\u00fade de Campinas.<\/p>\n<p style=\"text-align: justify;\">Segundo a secretaria, o prefeito D\u00e1rio Saadi convocou reuni\u00e3o de emerg\u00eancia com toda a \u00e1rea de sa\u00fade de Campinas para a manh\u00e3 desta quarta-feira para discutir medidas de enfrentamento \u00e0 febre maculosa.<\/p>\n<p>Fonte: CNNBRASIL<\/p>\n<aside class=\"read__too\">\n<div class=\"read__title\" style=\"text-align: justify;\"><\/div>\n<\/aside>\n","protected":false},"excerpt":{"rendered":"<p>O estado de S\u00e3o Paulo registrou nesta quarta-feira (14) mais uma morte suspeita por\u00a0febre maculosa. O Instituto Adolfo Lutz confirmou\u00a0tr\u00eas \u00f3bitos\u00a0pela doen\u00e7a at\u00e9 o momento. Todas as pessoas estiveram em um mesmo evento\u00a0realizado em Campinas, no dia 27 de maio, na Fazenda Santa Margarida, no Distrito de Joaquim Eg\u00eddio, local prov\u00e1vel de infec\u00e7\u00e3o. A adolescente [&hellip;]<\/p>\n","protected":false},"author":1,"featured_media":53670,"comment_status":"closed","ping_status":"open","sticky":false,"template":"","format":"standard","meta":{"_uag_custom_page_level_css":"","_monsterinsights_skip_tracking":false,"_monsterinsights_sitenote_active":false,"_monsterinsights_sitenote_note":"","_monsterinsights_sitenote_category":0,"jetpack_post_was_ever_published":false,"_jetpack_newsletter_access":"","_jetpack_dont_email_post_to_subs":false,"_jetpack_newsletter_tier_id":0,"_jetpack_memberships_contains_paywalled_content":false,"_jetpack_memberships_contains_paid_content":false,"footnotes":"","jetpack_publicize_message":"","jetpack_publicize_feature_enabled":true,"jetpack_social_post_already_shared":true,"jetpack_social_options":{"image_generator_settings":{"template":"highway","default_image_id":0,"font":"","enabled":false},"version":2}},"categories":[200,205],"tags":[],"class_list":["post-53669","post","type-post","status-publish","format-standard","has-post-thumbnail","hentry","category-brasil","category-saude"],"jetpack_publicize_connections":[],"jetpack_featured_media_url":"https:\/\/blogopara.com.br\/wp-content\/uploads\/2023\/06\/Captura-de-tela-2023-06-14-102258.jpg","uagb_featured_image_src":{"full":["https:\/\/blogopara.com.br\/wp-content\/uploads\/2023\/06\/Captura-de-tela-2023-06-14-102258.jpg",500,255,false],"thumbnail":["https:\/\/blogopara.com.br\/wp-content\/uploads\/2023\/06\/Captura-de-tela-2023-06-14-102258-150x150.jpg",150,150,true],"medium":["https:\/\/blogopara.com.br\/wp-content\/uploads\/2023\/06\/Captura-de-tela-2023-06-14-102258-300x153.jpg",300,153,true],"medium_large":["https:\/\/blogopara.com.br\/wp-content\/uploads\/2023\/06\/Captura-de-tela-2023-06-14-102258.jpg",500,255,false],"large":["https:\/\/blogopara.com.br\/wp-content\/uploads\/2023\/06\/Captura-de-tela-2023-06-14-102258.jpg",500,255,false],"1536x1536":["https:\/\/blogopara.com.br\/wp-content\/uploads\/2023\/06\/Captura-de-tela-2023-06-14-102258.jpg",500,255,false],"2048x2048":["https:\/\/blogopara.com.br\/wp-content\/uploads\/2023\/06\/Captura-de-tela-2023-06-14-102258.jpg",500,255,false],"mantranews-slider-large":["https:\/\/blogopara.com.br\/wp-content\/uploads\/2023\/06\/Captura-de-tela-2023-06-14-102258.jpg",500,255,false],"mantranews-featured-medium":["https:\/\/blogopara.com.br\/wp-content\/uploads\/2023\/06\/Captura-de-tela-2023-06-14-102258-420x255.jpg",420,255,true],"mantranews-featured-long":["https:\/\/blogopara.com.br\/wp-content\/uploads\/2023\/06\/Captura-de-tela-2023-06-14-102258-300x255.jpg",300,255,true],"mantranews-block-medium":["https:\/\/blogopara.com.br\/wp-content\/uploads\/2023\/06\/Captura-de-tela-2023-06-14-102258-464x255.jpg",464,255,true],"mantranews-carousel-image":["https:\/\/blogopara.com.br\/wp-content\/uploads\/2023\/06\/Captura-de-tela-2023-06-14-102258.jpg",500,255,false],"mantranews-block-thumb":["https:\/\/blogopara.com.br\/wp-content\/uploads\/2023\/06\/Captura-de-tela-2023-06-14-102258-322x230.jpg",322,230,true],"mantranews-single-large":["https:\/\/blogopara.com.br\/wp-content\/uploads\/2023\/06\/Captura-de-tela-2023-06-14-102258.jpg",500,255,false]},"uagb_author_info":{"display_name":"Reda\u00e7\u00e3o geral","author_link":"https:\/\/blogopara.com.br\/index.php\/author\/blogopara"},"uagb_comment_info":0,"uagb_excerpt":"O estado de S\u00e3o Paulo registrou nesta quarta-feira (14) mais uma morte suspeita por\u00a0febre maculosa. O Instituto Adolfo Lutz confirmou\u00a0tr\u00eas \u00f3bitos\u00a0pela doen\u00e7a at\u00e9 o momento. Todas as pessoas estiveram em um mesmo evento\u00a0realizado em Campinas, no dia 27 de maio, na Fazenda Santa Margarida, no Distrito de Joaquim Eg\u00eddio, local prov\u00e1vel de infec\u00e7\u00e3o. A adolescente&hellip;","jetpack_sharing_enabled":true,"jetpack_likes_enabled":true,"_links":{"self":[{"href":"https:\/\/blogopara.com.br\/index.php\/wp-json\/wp\/v2\/posts\/53669","targetHints":{"allow":["GET"]}}],"collection":[{"href":"https:\/\/blogopara.com.br\/index.php\/wp-json\/wp\/v2\/posts"}],"about":[{"href":"https:\/\/blogopara.com.br\/index.php\/wp-json\/wp\/v2\/types\/post"}],"author":[{"embeddable":true,"href":"https:\/\/blogopara.com.br\/index.php\/wp-json\/wp\/v2\/users\/1"}],"replies":[{"embeddable":true,"href":"https:\/\/blogopara.com.br\/index.php\/wp-json\/wp\/v2\/comments?post=53669"}],"version-history":[{"count":1,"href":"https:\/\/blogopara.com.br\/index.php\/wp-json\/wp\/v2\/posts\/53669\/revisions"}],"predecessor-version":[{"id":53671,"href":"https:\/\/blogopara.com.br\/index.php\/wp-json\/wp\/v2\/posts\/53669\/revisions\/53671"}],"wp:featuredmedia":[{"embeddable":true,"href":"https:\/\/blogopara.com.br\/index.php\/wp-json\/wp\/v2\/media\/53670"}],"wp:attachment":[{"href":"https:\/\/blogopara.com.br\/index.php\/wp-json\/wp\/v2\/media?parent=53669"}],"wp:term":[{"taxonomy":"category","embeddable":true,"href":"https:\/\/blogopara.com.br\/index.php\/wp-json\/wp\/v2\/categories?post=53669"},{"taxonomy":"post_tag","embeddable":true,"href":"https:\/\/blogopara.com.br\/index.php\/wp-json\/wp\/v2\/tags?post=53669"}],"curies":[{"name":"wp","href":"https:\/\/api.w.org\/{rel}","templated":true}]}}