{"id":53697,"date":"2023-06-15T16:24:00","date_gmt":"2023-06-15T19:24:00","guid":{"rendered":"https:\/\/blogopara.com.br\/?p=53697"},"modified":"2023-06-15T08:44:33","modified_gmt":"2023-06-15T11:44:33","slug":"lula-expoe-desarticulacao-ao-prometer-e-depois-tirar-codevasf-de-lider-de-lira","status":"publish","type":"post","link":"https:\/\/blogopara.com.br\/index.php\/2023\/06\/15\/lula-expoe-desarticulacao-ao-prometer-e-depois-tirar-codevasf-de-lider-de-lira","title":{"rendered":"Lula exp\u00f5e desarticula\u00e7\u00e3o ao prometer e depois tirar Codevasf de l\u00edder de Lira"},"content":{"rendered":"<p style=\"text-align: justify;\">O novo l\u00edder do bloco parlamentar do presidente da C\u00e2mara, Arthur Lira (PP-AL), foi personagem nesta semana de mais um exemplo de problemas na articula\u00e7\u00e3o do governo Lula (PT).<\/p>\n<p style=\"text-align: justify;\">Andr\u00e9 Figueiredo (PDT-CE) recebeu a promessa de que indicaria o superintendente da estatal federal Codevasf no Cear\u00e1, mas depois afirmou a parlamentares que soube, pelo convite de posse, que o cargo havia sido dado ao PSD, partido de Gilberto Kassab.<\/p>\n<p style=\"text-align: justify;\">Figueiredo vai assumir na segunda-feira (19) a lideran\u00e7a do bloco de Lira, em substitui\u00e7\u00e3o a Felipe Carreiras (PSB-PE), no esquema de rod\u00edzio montado pelo presidente da C\u00e2mara para atrair legendas para seu entorno.<\/p>\n<p style=\"text-align: justify;\">A Codevasf (Companhia de Desenvolvimento dos Vales do S\u00e3o Francisco e do Parna\u00edba) foi criada h\u00e1 50 anos para projetos de irriga\u00e7\u00e3o no semi\u00e1rido, mas o governo Jair Bolsonaro (PL) a transformou em uma esp\u00e9cie de \u201cloja de pol\u00edticos\u201d, pela qual congressistas usam emendas para comprar m\u00e1quinas, ve\u00edculos, equipamentos e obras de pavimenta\u00e7\u00e3o e direcionam produtos para seus redutos eleitorais.<\/p>\n<p style=\"text-align: justify;\">O modelo de mudan\u00e7a na voca\u00e7\u00e3o hist\u00f3rica da Codevasf tomou corpo na gest\u00e3o de Bolsonaro, que entregou a estatal ao centr\u00e3o em troca de apoio pol\u00edtico, mas se mant\u00e9m da mesma forma no governo Lula, que ainda busca criar uma base de sustenta\u00e7\u00e3o no Congresso.<\/p>\n<p style=\"text-align: justify;\">A Codevasf tamb\u00e9m \u00e9 palco de suspeitas de malversa\u00e7\u00e3o do dinheiro p\u00fablico em contratos financiados por emendas de congressistas.<\/p>\n<p style=\"text-align: justify;\">De acordo com parlamentares, o l\u00edder do governo na C\u00e2mara, Jos\u00e9 Guimar\u00e3es (PT), que \u00e9 do Cear\u00e1, havia prometido a Figueiredo que ele indicaria o comando estadual da Codevasf.<\/p>\n<p style=\"text-align: justify;\">Apesar da promessa de Guimar\u00e3es, o comando da Codevasf no estado ser\u00e1 ocupado por um indicado da bancada de deputados federais do PSD no estado, que \u00e9 composta por C\u00e9lio Studart, Domingos Neto e Luiz Gast\u00e3o.<\/p>\n<p style=\"text-align: justify;\">De acordo com integrantes do PSD, a obten\u00e7\u00e3o do comando da estatal j\u00e1 estava acertada desde fevereiro com Alexandre Padilha, ministro da Secretaria de Rela\u00e7\u00f5es Institucionais de Lula.<\/p>\n<p style=\"text-align: justify;\">A superintend\u00eancia cearense do \u00f3rg\u00e3o ser\u00e1 comandada por Marlos Costa de Andrade, que no governo Bolsonaro comandou a Funasa no estado. Inicialmente o governo Lula extinguiu a Funasa, mas o Congresso revogou a medida e o \u00f3rg\u00e3o dever\u00e1 ser recriado.<\/p>\n<p style=\"text-align: justify;\">A cerim\u00f4nia de posse de Marlos est\u00e1 marcada para esta quinta-feira (15), em Fortaleza, com a presen\u00e7a do diretor-presidente da Codevasf, Marcelo Moreira.<\/p>\n<p style=\"text-align: justify;\">\u00c0 Folha Jos\u00e9 Guimar\u00e3es disse que n\u00e3o acompanhou o caso, mas que soube que houve um problema e que iria tratar do assunto com Padilha. Andr\u00e9 Figueiredo, que foi ministro das Comunica\u00e7\u00f5es na segunda gest\u00e3o de Dilma Rousseff (PT), n\u00e3o se manifestou.<\/p>\n<p style=\"text-align: justify;\">O bloco de Lira \u00e9 o maior da Casa, reunindo, entre outros, por PP, Uni\u00e3o Brasil, PSB e PDT, e soma 174 das 513 cadeiras da C\u00e2mara. Ele foi criado exatamente em rea\u00e7\u00e3o a um bloco paralelo comandado por PSD, MDB e Republicanos \u2014com um total de 142 deputados.<\/p>\n<p style=\"text-align: justify;\">Lula foi eleito com estreita margem de votos e, ao mesmo tempo, viu o Congresso ser formado por uma maioria conservadora. Os partidos de esquerda re\u00fanem apenas cerca de um quarto do total de cadeiras na C\u00e2mara<\/p>\n<p style=\"text-align: justify;\">Por isso, desde a transi\u00e7\u00e3o tenta atrair uma coaliz\u00e3o que lhe d\u00ea uma sustenta\u00e7\u00e3o legislativa s\u00f3lida, mas tem enfrentado diversos problemas e derrotas na C\u00e2mara, mesmo tendo distribu\u00eddo nove minist\u00e9rios a MDB, PSD e Uni\u00e3o Brasil.<\/p>\n<p style=\"text-align: justify;\">H\u00e1 uma grande insatisfa\u00e7\u00e3o com a articula\u00e7\u00e3o pol\u00edtica, inclusive em partidos da esquerda. Uma das principais reclama\u00e7\u00f5es \u00e9 justamente relacionada \u00e0 divis\u00e3o de cargos federais entre esses partidos de centro e de direita.<\/p>\n<p style=\"text-align: justify;\">Lira lidera o centr\u00e3o, que se divide nos dois grandes blocos da C\u00e2mara, e tem pressionado por maior participa\u00e7\u00e3o no governo.<\/p>\n<p style=\"text-align: justify;\">A Uni\u00e3o Brasil, por exemplo, pressiona pela troca da ministro Daniela Carneiro (Turismo) por Celso Sabino (Uni\u00e3o Brasil-PA). Daniela \u00e9 da Uni\u00e3o, mas pretende migrar para o Republicanos.<\/p>\n<p style=\"text-align: justify;\">Lula deve reunir seu minist\u00e9rio nesta quinta-feira (15) e h\u00e1 a expectativa de que ele cobre mais empenho de sua equipe na rela\u00e7\u00e3o com o Congresso, al\u00e9m de explicitar a necessidade de atrair para sua base partidos que hoje est\u00e3o independentes, como o PP de Lira.<\/p>\n<p style=\"text-align: justify;\">Al\u00e9m dos cargos, congressistas reclamam da falta de aten\u00e7\u00e3o que ministros do governo dispensam aos seus pleitos, al\u00e9m da demora na libera\u00e7\u00e3o de emendas ao Or\u00e7amento da Uni\u00e3o, atualmente o principal instrumento de rela\u00e7\u00e3o entre o Executivo e o Legislativo.<\/p>\n<p style=\"text-align: justify;\">\n<p style=\"text-align: justify;\"><span class=\"assinatura_exclusiva\">Ranier Bragon, Folhapress<\/span><\/p>\n","protected":false},"excerpt":{"rendered":"<p>O novo l\u00edder do bloco parlamentar do presidente da C\u00e2mara, Arthur Lira (PP-AL), foi personagem nesta semana de mais um exemplo de problemas na articula\u00e7\u00e3o do governo Lula (PT). Andr\u00e9 Figueiredo (PDT-CE) recebeu a promessa de que indicaria o superintendente da estatal federal Codevasf no Cear\u00e1, mas depois afirmou a parlamentares que soube, pelo convite [&hellip;]<\/p>\n","protected":false},"author":1,"featured_media":47163,"comment_status":"closed","ping_status":"open","sticky":false,"template":"","format":"standard","meta":{"_uag_custom_page_level_css":"","_monsterinsights_skip_tracking":false,"_monsterinsights_sitenote_active":false,"_monsterinsights_sitenote_note":"","_monsterinsights_sitenote_category":0,"jetpack_post_was_ever_published":false,"_jetpack_newsletter_access":"","_jetpack_dont_email_post_to_subs":false,"_jetpack_newsletter_tier_id":0,"_jetpack_memberships_contains_paywalled_content":false,"_jetpack_memberships_contains_paid_content":false,"footnotes":"","jetpack_publicize_message":"","jetpack_publicize_feature_enabled":true,"jetpack_social_post_already_shared":true,"jetpack_social_options":{"image_generator_settings":{"template":"highway","default_image_id":0,"font":"","enabled":false},"version":2}},"categories":[200,197],"tags":[],"class_list":["post-53697","post","type-post","status-publish","format-standard","has-post-thumbnail","hentry","category-brasil","category-politica"],"jetpack_publicize_connections":[],"jetpack_featured_media_url":"https:\/\/blogopara.com.br\/wp-content\/uploads\/2022\/12\/lula_arthurlira.jpg","uagb_featured_image_src":{"full":["https:\/\/blogopara.com.br\/wp-content\/uploads\/2022\/12\/lula_arthurlira.jpg",501,333,false],"thumbnail":["https:\/\/blogopara.com.br\/wp-content\/uploads\/2022\/12\/lula_arthurlira-150x150.jpg",150,150,true],"medium":["https:\/\/blogopara.com.br\/wp-content\/uploads\/2022\/12\/lula_arthurlira-300x199.jpg",300,199,true],"medium_large":["https:\/\/blogopara.com.br\/wp-content\/uploads\/2022\/12\/lula_arthurlira.jpg",501,333,false],"large":["https:\/\/blogopara.com.br\/wp-content\/uploads\/2022\/12\/lula_arthurlira.jpg",501,333,false],"1536x1536":["https:\/\/blogopara.com.br\/wp-content\/uploads\/2022\/12\/lula_arthurlira.jpg",501,333,false],"2048x2048":["https:\/\/blogopara.com.br\/wp-content\/uploads\/2022\/12\/lula_arthurlira.jpg",501,333,false],"mantranews-slider-large":["https:\/\/blogopara.com.br\/wp-content\/uploads\/2022\/12\/lula_arthurlira.jpg",501,333,false],"mantranews-featured-medium":["https:\/\/blogopara.com.br\/wp-content\/uploads\/2022\/12\/lula_arthurlira-420x307.jpg",420,307,true],"mantranews-featured-long":["https:\/\/blogopara.com.br\/wp-content\/uploads\/2022\/12\/lula_arthurlira-300x333.jpg",300,333,true],"mantranews-block-medium":["https:\/\/blogopara.com.br\/wp-content\/uploads\/2022\/12\/lula_arthurlira-464x290.jpg",464,290,true],"mantranews-carousel-image":["https:\/\/blogopara.com.br\/wp-content\/uploads\/2022\/12\/lula_arthurlira.jpg",501,333,false],"mantranews-block-thumb":["https:\/\/blogopara.com.br\/wp-content\/uploads\/2022\/12\/lula_arthurlira-322x230.jpg",322,230,true],"mantranews-single-large":["https:\/\/blogopara.com.br\/wp-content\/uploads\/2022\/12\/lula_arthurlira.jpg",501,333,false]},"uagb_author_info":{"display_name":"Reda\u00e7\u00e3o geral","author_link":"https:\/\/blogopara.com.br\/index.php\/author\/blogopara"},"uagb_comment_info":0,"uagb_excerpt":"O novo l\u00edder do bloco parlamentar do presidente da C\u00e2mara, Arthur Lira (PP-AL), foi personagem nesta semana de mais um exemplo de problemas na articula\u00e7\u00e3o do governo Lula (PT). Andr\u00e9 Figueiredo (PDT-CE) recebeu a promessa de que indicaria o superintendente da estatal federal Codevasf no Cear\u00e1, mas depois afirmou a parlamentares que soube, pelo convite&hellip;","jetpack_sharing_enabled":true,"jetpack_likes_enabled":true,"_links":{"self":[{"href":"https:\/\/blogopara.com.br\/index.php\/wp-json\/wp\/v2\/posts\/53697","targetHints":{"allow":["GET"]}}],"collection":[{"href":"https:\/\/blogopara.com.br\/index.php\/wp-json\/wp\/v2\/posts"}],"about":[{"href":"https:\/\/blogopara.com.br\/index.php\/wp-json\/wp\/v2\/types\/post"}],"author":[{"embeddable":true,"href":"https:\/\/blogopara.com.br\/index.php\/wp-json\/wp\/v2\/users\/1"}],"replies":[{"embeddable":true,"href":"https:\/\/blogopara.com.br\/index.php\/wp-json\/wp\/v2\/comments?post=53697"}],"version-history":[{"count":1,"href":"https:\/\/blogopara.com.br\/index.php\/wp-json\/wp\/v2\/posts\/53697\/revisions"}],"predecessor-version":[{"id":53698,"href":"https:\/\/blogopara.com.br\/index.php\/wp-json\/wp\/v2\/posts\/53697\/revisions\/53698"}],"wp:featuredmedia":[{"embeddable":true,"href":"https:\/\/blogopara.com.br\/index.php\/wp-json\/wp\/v2\/media\/47163"}],"wp:attachment":[{"href":"https:\/\/blogopara.com.br\/index.php\/wp-json\/wp\/v2\/media?parent=53697"}],"wp:term":[{"taxonomy":"category","embeddable":true,"href":"https:\/\/blogopara.com.br\/index.php\/wp-json\/wp\/v2\/categories?post=53697"},{"taxonomy":"post_tag","embeddable":true,"href":"https:\/\/blogopara.com.br\/index.php\/wp-json\/wp\/v2\/tags?post=53697"}],"curies":[{"name":"wp","href":"https:\/\/api.w.org\/{rel}","templated":true}]}}