{"id":53699,"date":"2023-06-15T13:31:00","date_gmt":"2023-06-15T16:31:00","guid":{"rendered":"https:\/\/blogopara.com.br\/?p=53699"},"modified":"2023-06-15T08:27:53","modified_gmt":"2023-06-15T11:27:53","slug":"prefeitura-de-juazeiro-reestrutura-assistencia-intensiva-e-semi-intensiva-da-uped","status":"publish","type":"post","link":"https:\/\/blogopara.com.br\/index.php\/2023\/06\/15\/prefeitura-de-juazeiro-reestrutura-assistencia-intensiva-e-semi-intensiva-da-uped","title":{"rendered":"Prefeitura de Juazeiro reestrutura assist\u00eancia intensiva e semi-intensiva da UPED"},"content":{"rendered":"<p style=\"text-align: justify;\">A Prefeitura de Juazeiro, por meio da Secretaria de Sa\u00fade (Sesau), est\u00e1 reestruturando a Sala Vermelha da Unidade de Urg\u00eancia Pedi\u00e1trica (UPED) para otimizar a assist\u00eancia intensiva e semi-intensiva. Uma nova sala est\u00e1 sendo preparada para receber os cinco leitos existentes, que tamb\u00e9m passam a contar com novos equipamentos necess\u00e1rios para atendimentos de alta complexidade pedi\u00e1trica.<br aria-hidden=\"true\"><br aria-hidden=\"true\">Desde os primeiros meses do ano, o Brasil inteiro vem registrando um grande n\u00famero de casos de s\u00edndromes respirat\u00f3rias em crian\u00e7as, sobretudo causadas pelo v\u00edrus sincicial respirat\u00f3rio (VSR). \u201cEstamos, desde o in\u00edcio deste momento end\u00eamico, tomando medidas para minimizar os impactos da alta demanda por atendimentos na UPED. Refor\u00e7amos a escala de pediatras com a contrata\u00e7\u00e3o de mais um profissional e adquirimos equipamentos. Agora, estamos prestes a entregar um novo espa\u00e7o, mais confort\u00e1vel e seguro, com equipamentos modernos e adequados para o atendimento pedi\u00e1trico\u201d, comentou o secret\u00e1rio de Sa\u00fade, Allan Jones.<br aria-hidden=\"true\"><b><br aria-hidden=\"true\">Nova Estrutura<\/b><br aria-hidden=\"true\">A nova Sala Vermelha tem capacidade para cinco leitos com equipamentos de ponta para o suporte respirat\u00f3rio pedi\u00e1trico, como monitores e respiradores. A equipe de assist\u00eancia \u00e9 formada por: pediatras, neopediatras, enfermeiros e fisioterapeutas intensivistas.<br aria-hidden=\"true\"><b><br aria-hidden=\"true\">Aprova\u00e7\u00e3o<\/b><br aria-hidden=\"true\"><br aria-hidden=\"true\">O presidente do Conselho Municipal de Sa\u00fade, Robson Vieira, esteve, na manh\u00e3 desta quarta-feira (14), na UPED, junto com secret\u00e1rio, em uma visita \u00e0 unidade e comentou sobre o trabalho que vem sendo realizado. &#8220;O conselho vem cumprindo o seu papel de fiscaliza\u00e7\u00e3o, por isso temos acompanhado de perto a situa\u00e7\u00e3o da unidade. Conversei com as m\u00e3es e observei que elas est\u00e3o seguras em rela\u00e7\u00e3o ao comprometimento dos profissionais na assist\u00eancia aos seus filhos. As medidas est\u00e3o sendo tomadas, a instala\u00e7\u00e3o dos leitos da Sala Vermelha est\u00e1 adiantada e logo trar\u00e1 al\u00edvio para a popula\u00e7\u00e3o&#8221;, avaliou Robson.<br aria-hidden=\"true\"><br aria-hidden=\"true\"><b>Aten\u00e7\u00e3o durante os festejos juninos<\/b><br aria-hidden=\"true\"><br aria-hidden=\"true\">O superintendente de Aten\u00e7\u00e3o Especializada da Sesau, Eduardo Rafael Sousa Neto, alertou sobre os cuidados para evitar infec\u00e7\u00f5es durante as festas juninas. \u201cPor mais que seja um per\u00edodo de festividades, \u00e9 importante evitar que as crian\u00e7as estejam em aglomera\u00e7\u00f5es, especialmente, os beb\u00eas que precisam de cuidados redobrados. Lembrando que as fogueiras podem desencadear casos de asma. Manter o esquema vacinal das crian\u00e7as em dia tamb\u00e9m \u00e9 fundamental. Estamos empenhados em oferecer um atendimento eficiente, mas precisamos contar com a colabora\u00e7\u00e3o da popula\u00e7\u00e3o\u201d, alertou Eduardo.<\/p>\n","protected":false},"excerpt":{"rendered":"<p>A Prefeitura de Juazeiro, por meio da Secretaria de Sa\u00fade (Sesau), est\u00e1 reestruturando a Sala Vermelha da Unidade de Urg\u00eancia Pedi\u00e1trica (UPED) para otimizar a assist\u00eancia intensiva e semi-intensiva. Uma nova sala est\u00e1 sendo preparada para receber os cinco leitos existentes, que tamb\u00e9m passam a contar com novos equipamentos necess\u00e1rios para atendimentos de alta complexidade [&hellip;]<\/p>\n","protected":false},"author":1,"featured_media":53700,"comment_status":"closed","ping_status":"open","sticky":false,"template":"","format":"standard","meta":{"_uag_custom_page_level_css":"","_monsterinsights_skip_tracking":false,"_monsterinsights_sitenote_active":false,"_monsterinsights_sitenote_note":"","_monsterinsights_sitenote_category":0,"jetpack_post_was_ever_published":false,"_jetpack_newsletter_access":"","_jetpack_dont_email_post_to_subs":false,"_jetpack_newsletter_tier_id":0,"_jetpack_memberships_contains_paywalled_content":false,"_jetpack_memberships_contains_paid_content":false,"footnotes":"","jetpack_publicize_message":"","jetpack_publicize_feature_enabled":true,"jetpack_social_post_already_shared":true,"jetpack_social_options":{"image_generator_settings":{"template":"highway","default_image_id":0,"font":"","enabled":false},"version":2}},"categories":[205],"tags":[],"class_list":["post-53699","post","type-post","status-publish","format-standard","has-post-thumbnail","hentry","category-saude"],"jetpack_publicize_connections":[],"jetpack_featured_media_url":"https:\/\/blogopara.com.br\/wp-content\/uploads\/2023\/06\/thumbnail_Uped-Sesau.jpg","uagb_featured_image_src":{"full":["https:\/\/blogopara.com.br\/wp-content\/uploads\/2023\/06\/thumbnail_Uped-Sesau.jpg",500,251,false],"thumbnail":["https:\/\/blogopara.com.br\/wp-content\/uploads\/2023\/06\/thumbnail_Uped-Sesau-150x150.jpg",150,150,true],"medium":["https:\/\/blogopara.com.br\/wp-content\/uploads\/2023\/06\/thumbnail_Uped-Sesau-300x151.jpg",300,151,true],"medium_large":["https:\/\/blogopara.com.br\/wp-content\/uploads\/2023\/06\/thumbnail_Uped-Sesau.jpg",500,251,false],"large":["https:\/\/blogopara.com.br\/wp-content\/uploads\/2023\/06\/thumbnail_Uped-Sesau.jpg",500,251,false],"1536x1536":["https:\/\/blogopara.com.br\/wp-content\/uploads\/2023\/06\/thumbnail_Uped-Sesau.jpg",500,251,false],"2048x2048":["https:\/\/blogopara.com.br\/wp-content\/uploads\/2023\/06\/thumbnail_Uped-Sesau.jpg",500,251,false],"mantranews-slider-large":["https:\/\/blogopara.com.br\/wp-content\/uploads\/2023\/06\/thumbnail_Uped-Sesau.jpg",500,251,false],"mantranews-featured-medium":["https:\/\/blogopara.com.br\/wp-content\/uploads\/2023\/06\/thumbnail_Uped-Sesau-420x251.jpg",420,251,true],"mantranews-featured-long":["https:\/\/blogopara.com.br\/wp-content\/uploads\/2023\/06\/thumbnail_Uped-Sesau-300x251.jpg",300,251,true],"mantranews-block-medium":["https:\/\/blogopara.com.br\/wp-content\/uploads\/2023\/06\/thumbnail_Uped-Sesau-464x251.jpg",464,251,true],"mantranews-carousel-image":["https:\/\/blogopara.com.br\/wp-content\/uploads\/2023\/06\/thumbnail_Uped-Sesau.jpg",500,251,false],"mantranews-block-thumb":["https:\/\/blogopara.com.br\/wp-content\/uploads\/2023\/06\/thumbnail_Uped-Sesau-322x230.jpg",322,230,true],"mantranews-single-large":["https:\/\/blogopara.com.br\/wp-content\/uploads\/2023\/06\/thumbnail_Uped-Sesau.jpg",500,251,false]},"uagb_author_info":{"display_name":"Reda\u00e7\u00e3o geral","author_link":"https:\/\/blogopara.com.br\/index.php\/author\/blogopara"},"uagb_comment_info":0,"uagb_excerpt":"A Prefeitura de Juazeiro, por meio da Secretaria de Sa\u00fade (Sesau), est\u00e1 reestruturando a Sala Vermelha da Unidade de Urg\u00eancia Pedi\u00e1trica (UPED) para otimizar a assist\u00eancia intensiva e semi-intensiva. Uma nova sala est\u00e1 sendo preparada para receber os cinco leitos existentes, que tamb\u00e9m passam a contar com novos equipamentos necess\u00e1rios para atendimentos de alta complexidade&hellip;","jetpack_sharing_enabled":true,"jetpack_likes_enabled":true,"_links":{"self":[{"href":"https:\/\/blogopara.com.br\/index.php\/wp-json\/wp\/v2\/posts\/53699","targetHints":{"allow":["GET"]}}],"collection":[{"href":"https:\/\/blogopara.com.br\/index.php\/wp-json\/wp\/v2\/posts"}],"about":[{"href":"https:\/\/blogopara.com.br\/index.php\/wp-json\/wp\/v2\/types\/post"}],"author":[{"embeddable":true,"href":"https:\/\/blogopara.com.br\/index.php\/wp-json\/wp\/v2\/users\/1"}],"replies":[{"embeddable":true,"href":"https:\/\/blogopara.com.br\/index.php\/wp-json\/wp\/v2\/comments?post=53699"}],"version-history":[{"count":2,"href":"https:\/\/blogopara.com.br\/index.php\/wp-json\/wp\/v2\/posts\/53699\/revisions"}],"predecessor-version":[{"id":53712,"href":"https:\/\/blogopara.com.br\/index.php\/wp-json\/wp\/v2\/posts\/53699\/revisions\/53712"}],"wp:featuredmedia":[{"embeddable":true,"href":"https:\/\/blogopara.com.br\/index.php\/wp-json\/wp\/v2\/media\/53700"}],"wp:attachment":[{"href":"https:\/\/blogopara.com.br\/index.php\/wp-json\/wp\/v2\/media?parent=53699"}],"wp:term":[{"taxonomy":"category","embeddable":true,"href":"https:\/\/blogopara.com.br\/index.php\/wp-json\/wp\/v2\/categories?post=53699"},{"taxonomy":"post_tag","embeddable":true,"href":"https:\/\/blogopara.com.br\/index.php\/wp-json\/wp\/v2\/tags?post=53699"}],"curies":[{"name":"wp","href":"https:\/\/api.w.org\/{rel}","templated":true}]}}