{"id":53753,"date":"2023-06-16T14:27:19","date_gmt":"2023-06-16T17:27:19","guid":{"rendered":"https:\/\/blogopara.com.br\/?p=53753"},"modified":"2023-06-16T14:27:21","modified_gmt":"2023-06-16T17:27:21","slug":"esforcos-da-gestao-suzana-ramos-garantem-regulacao-de-criancas-internadas-na-uped-nesta-sexta-feira-16","status":"publish","type":"post","link":"https:\/\/blogopara.com.br\/index.php\/2023\/06\/16\/esforcos-da-gestao-suzana-ramos-garantem-regulacao-de-criancas-internadas-na-uped-nesta-sexta-feira-16","title":{"rendered":"Esfor\u00e7os da Gest\u00e3o Suzana Ramos garantem regula\u00e7\u00e3o de Crian\u00e7as internadas na Uped nesta sexta-feira (16)"},"content":{"rendered":"<p style=\"text-align: justify;\">A Prefeitura de Juazeiro, atrav\u00e9s da Secretaria de Sa\u00fade (Sesau), n\u00e3o mediu esfor\u00e7os e n\u00e3o descansou at\u00e9 conseguir a regula\u00e7\u00e3o das crian\u00e7as internadas na Unidade Pedi\u00e1trica (UPED) por complica\u00e7\u00f5es respirat\u00f3rias. As vagas para os leitos foram confirmadas pela Central de Regula\u00e7\u00e3o Interestadual de Leitos (CRIL) nesta quinta-feira (15) e Davy Miguel Monteiro dos Santos, foi transferido de UTI M\u00f3vel e Anthony Gabriel dos Santos Ramos, de UTI a\u00e9rea, ambos na manh\u00e3 desta sexta-feira (16) para o Hospital Eduardo Campos em Serra Talhada.<br aria-hidden=\"true\" \/><br aria-hidden=\"true\" \/>\u201cN\u00e3o medimos esfor\u00e7os buscando as vagas para essas crian\u00e7as. Estivemos o tempo todo em contato com a Central e os hospitais para garantir que essas crian\u00e7as fossem transferidas, com transporte adequado e toda a assist\u00eancia necess\u00e1ria. Al\u00e9m disso, melhoramos o atendimento na Unidade Pedi\u00e1trica com mais equipamentos e mais um profissional. Estamos muito felizes com o resultado, mas sabemos do agravamento dessas doen\u00e7as respirat\u00f3rias nesse per\u00edodo. Ainda temos crian\u00e7as que necessitam ser reguladas para receberem tratamento adequado e especializado e vamos continuar trabalhando para garantir o atendimento de qualidade e de forma humanizada\u201d, afirmou a prefeita Suzana Ramos.<br aria-hidden=\"true\" \/><br aria-hidden=\"true\" \/>O secret\u00e1rio municipal de Sa\u00fade, Allan Jhones, destacou os investimentos da gest\u00e3o Suzana Ramos para otimizar os atendimentos na Uped. \u201cA prefeita Suzana Ramos vem investindo na reestrutura\u00e7\u00e3o da UPED que foi reequipada, recebeu refor\u00e7o na escala de pediatras, com a contrata\u00e7\u00e3o de mais um profissional. Estamos reestruturando a Sala Vermelha, que hoje tem capacidade para cinco leitos com equipamentos para o suporte respirat\u00f3rio pedi\u00e1trico, como monitores e respiradores. Contamos ainda com uma equipe de assist\u00eancia que \u00e9 formada por: m\u00e9dicos pediatras, enfermeiros, fisioterapeutas, t\u00e9cnicos especializados em pediatria e assistente social\u201d, explicou Allan Jones<br aria-hidden=\"true\" \/><br aria-hidden=\"true\" \/>Inverno x Doen\u00e7as respirat\u00f3rias<br aria-hidden=\"true\" \/><br aria-hidden=\"true\" \/>No per\u00edodo que compreende os meses de maio, junho e julho, as temperaturas caem e favorecem a dissemina\u00e7\u00e3o dos v\u00edrus causadores de S\u00edndromes Respirat\u00f3rias como gripe, resfriado e at\u00e9 mesmo o Covid-19, que continua circulando. Al\u00e9m das infec\u00e7\u00f5es, neste per\u00edodo desencadeiam doen\u00e7as como sinusite, rinite e crises de asma e bronquite, em especial nos festejos juninos quando a popula\u00e7\u00e3o acende as fogueiras.<br aria-hidden=\"true\" \/><br aria-hidden=\"true\" \/>A Sesau alerta para evitar aglomera\u00e7\u00f5es, manter os locais ventilados, al\u00e9m de manter em dia o cart\u00e3o de vacina contra a gripe e a Covid-19.<\/p>\n","protected":false},"excerpt":{"rendered":"<p>A Prefeitura de Juazeiro, atrav\u00e9s da Secretaria de Sa\u00fade (Sesau), n\u00e3o mediu esfor\u00e7os e n\u00e3o descansou at\u00e9 conseguir a regula\u00e7\u00e3o das crian\u00e7as internadas na Unidade Pedi\u00e1trica (UPED) por complica\u00e7\u00f5es respirat\u00f3rias. As vagas para os leitos foram confirmadas pela Central de Regula\u00e7\u00e3o Interestadual de Leitos (CRIL) nesta quinta-feira (15) e Davy Miguel Monteiro dos Santos, foi [&hellip;]<\/p>\n","protected":false},"author":1,"featured_media":53755,"comment_status":"closed","ping_status":"open","sticky":false,"template":"","format":"standard","meta":{"_uag_custom_page_level_css":"","_monsterinsights_skip_tracking":false,"_monsterinsights_sitenote_active":false,"_monsterinsights_sitenote_note":"","_monsterinsights_sitenote_category":0,"jetpack_post_was_ever_published":false,"_jetpack_newsletter_access":"","_jetpack_dont_email_post_to_subs":false,"_jetpack_newsletter_tier_id":0,"_jetpack_memberships_contains_paywalled_content":false,"_jetpack_memberships_contains_paid_content":false,"footnotes":"","jetpack_publicize_message":"","jetpack_publicize_feature_enabled":true,"jetpack_social_post_already_shared":true,"jetpack_social_options":{"image_generator_settings":{"template":"highway","default_image_id":0,"font":"","enabled":false},"version":2}},"categories":[205],"tags":[],"class_list":["post-53753","post","type-post","status-publish","format-standard","has-post-thumbnail","hentry","category-saude"],"jetpack_publicize_connections":[],"jetpack_featured_media_url":"https:\/\/blogopara.com.br\/wp-content\/uploads\/2023\/06\/thumbnail_Uped-Sesau-1.jpg","uagb_featured_image_src":{"full":["https:\/\/blogopara.com.br\/wp-content\/uploads\/2023\/06\/thumbnail_Uped-Sesau-1.jpg",500,251,false],"thumbnail":["https:\/\/blogopara.com.br\/wp-content\/uploads\/2023\/06\/thumbnail_Uped-Sesau-1-150x150.jpg",150,150,true],"medium":["https:\/\/blogopara.com.br\/wp-content\/uploads\/2023\/06\/thumbnail_Uped-Sesau-1-300x151.jpg",300,151,true],"medium_large":["https:\/\/blogopara.com.br\/wp-content\/uploads\/2023\/06\/thumbnail_Uped-Sesau-1.jpg",500,251,false],"large":["https:\/\/blogopara.com.br\/wp-content\/uploads\/2023\/06\/thumbnail_Uped-Sesau-1.jpg",500,251,false],"1536x1536":["https:\/\/blogopara.com.br\/wp-content\/uploads\/2023\/06\/thumbnail_Uped-Sesau-1.jpg",500,251,false],"2048x2048":["https:\/\/blogopara.com.br\/wp-content\/uploads\/2023\/06\/thumbnail_Uped-Sesau-1.jpg",500,251,false],"mantranews-slider-large":["https:\/\/blogopara.com.br\/wp-content\/uploads\/2023\/06\/thumbnail_Uped-Sesau-1.jpg",500,251,false],"mantranews-featured-medium":["https:\/\/blogopara.com.br\/wp-content\/uploads\/2023\/06\/thumbnail_Uped-Sesau-1-420x251.jpg",420,251,true],"mantranews-featured-long":["https:\/\/blogopara.com.br\/wp-content\/uploads\/2023\/06\/thumbnail_Uped-Sesau-1-300x251.jpg",300,251,true],"mantranews-block-medium":["https:\/\/blogopara.com.br\/wp-content\/uploads\/2023\/06\/thumbnail_Uped-Sesau-1-464x251.jpg",464,251,true],"mantranews-carousel-image":["https:\/\/blogopara.com.br\/wp-content\/uploads\/2023\/06\/thumbnail_Uped-Sesau-1.jpg",500,251,false],"mantranews-block-thumb":["https:\/\/blogopara.com.br\/wp-content\/uploads\/2023\/06\/thumbnail_Uped-Sesau-1-322x230.jpg",322,230,true],"mantranews-single-large":["https:\/\/blogopara.com.br\/wp-content\/uploads\/2023\/06\/thumbnail_Uped-Sesau-1.jpg",500,251,false]},"uagb_author_info":{"display_name":"Reda\u00e7\u00e3o geral","author_link":"https:\/\/blogopara.com.br\/index.php\/author\/blogopara"},"uagb_comment_info":0,"uagb_excerpt":"A Prefeitura de Juazeiro, atrav\u00e9s da Secretaria de Sa\u00fade (Sesau), n\u00e3o mediu esfor\u00e7os e n\u00e3o descansou at\u00e9 conseguir a regula\u00e7\u00e3o das crian\u00e7as internadas na Unidade Pedi\u00e1trica (UPED) por complica\u00e7\u00f5es respirat\u00f3rias. As vagas para os leitos foram confirmadas pela Central de Regula\u00e7\u00e3o Interestadual de Leitos (CRIL) nesta quinta-feira (15) e Davy Miguel Monteiro dos Santos, foi&hellip;","jetpack_sharing_enabled":true,"jetpack_likes_enabled":true,"_links":{"self":[{"href":"https:\/\/blogopara.com.br\/index.php\/wp-json\/wp\/v2\/posts\/53753","targetHints":{"allow":["GET"]}}],"collection":[{"href":"https:\/\/blogopara.com.br\/index.php\/wp-json\/wp\/v2\/posts"}],"about":[{"href":"https:\/\/blogopara.com.br\/index.php\/wp-json\/wp\/v2\/types\/post"}],"author":[{"embeddable":true,"href":"https:\/\/blogopara.com.br\/index.php\/wp-json\/wp\/v2\/users\/1"}],"replies":[{"embeddable":true,"href":"https:\/\/blogopara.com.br\/index.php\/wp-json\/wp\/v2\/comments?post=53753"}],"version-history":[{"count":1,"href":"https:\/\/blogopara.com.br\/index.php\/wp-json\/wp\/v2\/posts\/53753\/revisions"}],"predecessor-version":[{"id":53756,"href":"https:\/\/blogopara.com.br\/index.php\/wp-json\/wp\/v2\/posts\/53753\/revisions\/53756"}],"wp:featuredmedia":[{"embeddable":true,"href":"https:\/\/blogopara.com.br\/index.php\/wp-json\/wp\/v2\/media\/53755"}],"wp:attachment":[{"href":"https:\/\/blogopara.com.br\/index.php\/wp-json\/wp\/v2\/media?parent=53753"}],"wp:term":[{"taxonomy":"category","embeddable":true,"href":"https:\/\/blogopara.com.br\/index.php\/wp-json\/wp\/v2\/categories?post=53753"},{"taxonomy":"post_tag","embeddable":true,"href":"https:\/\/blogopara.com.br\/index.php\/wp-json\/wp\/v2\/tags?post=53753"}],"curies":[{"name":"wp","href":"https:\/\/api.w.org\/{rel}","templated":true}]}}