{"id":53783,"date":"2023-06-17T10:23:00","date_gmt":"2023-06-17T13:23:00","guid":{"rendered":"https:\/\/blogopara.com.br\/?p=53783"},"modified":"2023-06-16T15:11:02","modified_gmt":"2023-06-16T18:11:02","slug":"sao-joao-de-juremal-comeca-hoje-sabado-com-programacao-diversificada","status":"publish","type":"post","link":"https:\/\/blogopara.com.br\/index.php\/2023\/06\/17\/sao-joao-de-juremal-comeca-hoje-sabado-com-programacao-diversificada","title":{"rendered":"S\u00e3o Jo\u00e3o de Juremal come\u00e7a hoje (s\u00e1bado) com programa\u00e7\u00e3o diversificada"},"content":{"rendered":"<p class=\"x_MsoNormal\" style=\"text-align: justify;\">A partir deste s\u00e1bado (17) o distrito de Juremal estar\u00e1 em festa com o in\u00edcio do Festival Cultural S\u00e3o Jo\u00e3o de Juremal. Realizado pela Prefeitura de Juazeiro, atrav\u00e9s da Secretaria de Cultura, Turismo e Esportes (Seculte), o festejo que vai at\u00e9 o dia 25 de junho, tem uma programa\u00e7\u00e3o diversificada com shows musicais e a apresenta\u00e7\u00e3o das quadrilhas vencedoras do Concurso de Quadrilhas Juninas de Juazeiro.<\/p>\n<p class=\"x_MsoNormal\" style=\"text-align: justify;\">O homenageado deste ano no S\u00e3o Jo\u00e3o \u00e9 Ademir Jos\u00e9 dos Reis, conhecido como \u2018Seu Dema\u2019, um grande nome da localidade que levou o nome de Juremal a v\u00e1rios cantos do pa\u00eds com sua m\u00fasica e sua preocupa\u00e7\u00e3o com a cultura popular.<\/p>\n<p class=\"x_MsoNormal\" style=\"text-align: justify;\">Neste s\u00e1bado, a S\u00e3o Jo\u00e3o de Juremal 2023 come\u00e7a \u00e0s 21h com Tom Bahia. \u00c0s 23h30 a festa segue com Rafinha. As quadrilhas campe\u00e3s ir\u00e3o se apresentar no dia 24. Confira a programa\u00e7\u00e3o completa:<\/p>\n<p class=\"x_MsoNormal\" style=\"text-align: justify;\"><u>17 de junho<\/u><\/p>\n<p class=\"x_MsoNormal\" style=\"text-align: justify;\">-Tom Bahia<\/p>\n<p class=\"x_MsoNormal\" style=\"text-align: justify;\">-Rafinha<\/p>\n<p class=\"x_MsoNormal\" style=\"text-align: justify;\"><u>18 de junho<\/u><\/p>\n<p class=\"x_MsoNormal\" style=\"text-align: justify;\">-Stylo.com<\/p>\n<p class=\"x_MsoNormal\" style=\"text-align: justify;\">-Dudu Almeida<\/p>\n<p class=\"x_MsoNormal\" style=\"text-align: justify;\"><u>23 de junho<\/u><\/p>\n<p class=\"x_MsoNormal\" style=\"text-align: justify;\">&#8211; Mega Top<\/p>\n<p class=\"x_MsoNormal\" style=\"text-align: justify;\">&#8211; Frank e Alex<\/p>\n<p class=\"x_MsoNormal\" style=\"text-align: justify;\">&#8211; Taty Vaqueira<\/p>\n<p class=\"x_MsoNormal\" style=\"text-align: justify;\">&#8211; Carlinhos Cai\u00e7ara<\/p>\n<p class=\"x_MsoNormal\" style=\"text-align: justify;\"><u>24 de junho<\/u><\/p>\n<p class=\"x_MsoNormal\" style=\"text-align: justify;\">&#8211; Apresenta\u00e7\u00e3o da Quadrilha Campe\u00e3<\/p>\n<p class=\"x_MsoNormal\" style=\"text-align: justify;\">-Edinho e Juju<\/p>\n<p class=\"x_MsoNormal\" style=\"text-align: justify;\">-J\u00f3 do Acordeon<\/p>\n<p class=\"x_MsoNormal\" style=\"text-align: justify;\"><u>25 de junho<\/u><\/p>\n<p class=\"x_MsoNormal\" style=\"text-align: justify;\">&#8211; Suzana Coelho<\/p>\n<p class=\"x_MsoNormal\" style=\"text-align: justify;\">&#8211; J\u00falio do Acordeon<\/p>\n<p class=\"x_MsoNormal\" style=\"text-align: justify;\">\n","protected":false},"excerpt":{"rendered":"<p>A partir deste s\u00e1bado (17) o distrito de Juremal estar\u00e1 em festa com o in\u00edcio do Festival Cultural S\u00e3o Jo\u00e3o de Juremal. Realizado pela Prefeitura de Juazeiro, atrav\u00e9s da Secretaria de Cultura, Turismo e Esportes (Seculte), o festejo que vai at\u00e9 o dia 25 de junho, tem uma programa\u00e7\u00e3o diversificada com shows musicais e a [&hellip;]<\/p>\n","protected":false},"author":1,"featured_media":53784,"comment_status":"closed","ping_status":"open","sticky":false,"template":"","format":"standard","meta":{"_uag_custom_page_level_css":"","_monsterinsights_skip_tracking":false,"_monsterinsights_sitenote_active":false,"_monsterinsights_sitenote_note":"","_monsterinsights_sitenote_category":0,"jetpack_post_was_ever_published":false,"_jetpack_newsletter_access":"","_jetpack_dont_email_post_to_subs":false,"_jetpack_newsletter_tier_id":0,"_jetpack_memberships_contains_paywalled_content":false,"_jetpack_memberships_contains_paid_content":false,"footnotes":"","jetpack_publicize_message":"","jetpack_publicize_feature_enabled":true,"jetpack_social_post_already_shared":true,"jetpack_social_options":{"image_generator_settings":{"template":"highway","default_image_id":0,"font":"","enabled":false},"version":2}},"categories":[1784],"tags":[],"class_list":["post-53783","post","type-post","status-publish","format-standard","has-post-thumbnail","hentry","category-cultura-2"],"jetpack_publicize_connections":[],"jetpack_featured_media_url":"https:\/\/blogopara.com.br\/wp-content\/uploads\/2023\/06\/thumbnail_card-capa-sj-juremal.jpg","uagb_featured_image_src":{"full":["https:\/\/blogopara.com.br\/wp-content\/uploads\/2023\/06\/thumbnail_card-capa-sj-juremal.jpg",500,500,false],"thumbnail":["https:\/\/blogopara.com.br\/wp-content\/uploads\/2023\/06\/thumbnail_card-capa-sj-juremal-150x150.jpg",150,150,true],"medium":["https:\/\/blogopara.com.br\/wp-content\/uploads\/2023\/06\/thumbnail_card-capa-sj-juremal-300x300.jpg",300,300,true],"medium_large":["https:\/\/blogopara.com.br\/wp-content\/uploads\/2023\/06\/thumbnail_card-capa-sj-juremal.jpg",500,500,false],"large":["https:\/\/blogopara.com.br\/wp-content\/uploads\/2023\/06\/thumbnail_card-capa-sj-juremal.jpg",500,500,false],"1536x1536":["https:\/\/blogopara.com.br\/wp-content\/uploads\/2023\/06\/thumbnail_card-capa-sj-juremal.jpg",500,500,false],"2048x2048":["https:\/\/blogopara.com.br\/wp-content\/uploads\/2023\/06\/thumbnail_card-capa-sj-juremal.jpg",500,500,false],"mantranews-slider-large":["https:\/\/blogopara.com.br\/wp-content\/uploads\/2023\/06\/thumbnail_card-capa-sj-juremal.jpg",500,500,false],"mantranews-featured-medium":["https:\/\/blogopara.com.br\/wp-content\/uploads\/2023\/06\/thumbnail_card-capa-sj-juremal-420x307.jpg",420,307,true],"mantranews-featured-long":["https:\/\/blogopara.com.br\/wp-content\/uploads\/2023\/06\/thumbnail_card-capa-sj-juremal-300x443.jpg",300,443,true],"mantranews-block-medium":["https:\/\/blogopara.com.br\/wp-content\/uploads\/2023\/06\/thumbnail_card-capa-sj-juremal-464x290.jpg",464,290,true],"mantranews-carousel-image":["https:\/\/blogopara.com.br\/wp-content\/uploads\/2023\/06\/thumbnail_card-capa-sj-juremal.jpg",500,500,false],"mantranews-block-thumb":["https:\/\/blogopara.com.br\/wp-content\/uploads\/2023\/06\/thumbnail_card-capa-sj-juremal-322x230.jpg",322,230,true],"mantranews-single-large":["https:\/\/blogopara.com.br\/wp-content\/uploads\/2023\/06\/thumbnail_card-capa-sj-juremal.jpg",500,500,false]},"uagb_author_info":{"display_name":"Reda\u00e7\u00e3o geral","author_link":"https:\/\/blogopara.com.br\/index.php\/author\/blogopara"},"uagb_comment_info":0,"uagb_excerpt":"A partir deste s\u00e1bado (17) o distrito de Juremal estar\u00e1 em festa com o in\u00edcio do Festival Cultural S\u00e3o Jo\u00e3o de Juremal. Realizado pela Prefeitura de Juazeiro, atrav\u00e9s da Secretaria de Cultura, Turismo e Esportes (Seculte), o festejo que vai at\u00e9 o dia 25 de junho, tem uma programa\u00e7\u00e3o diversificada com shows musicais e a&hellip;","jetpack_sharing_enabled":true,"jetpack_likes_enabled":true,"_links":{"self":[{"href":"https:\/\/blogopara.com.br\/index.php\/wp-json\/wp\/v2\/posts\/53783","targetHints":{"allow":["GET"]}}],"collection":[{"href":"https:\/\/blogopara.com.br\/index.php\/wp-json\/wp\/v2\/posts"}],"about":[{"href":"https:\/\/blogopara.com.br\/index.php\/wp-json\/wp\/v2\/types\/post"}],"author":[{"embeddable":true,"href":"https:\/\/blogopara.com.br\/index.php\/wp-json\/wp\/v2\/users\/1"}],"replies":[{"embeddable":true,"href":"https:\/\/blogopara.com.br\/index.php\/wp-json\/wp\/v2\/comments?post=53783"}],"version-history":[{"count":1,"href":"https:\/\/blogopara.com.br\/index.php\/wp-json\/wp\/v2\/posts\/53783\/revisions"}],"predecessor-version":[{"id":53785,"href":"https:\/\/blogopara.com.br\/index.php\/wp-json\/wp\/v2\/posts\/53783\/revisions\/53785"}],"wp:featuredmedia":[{"embeddable":true,"href":"https:\/\/blogopara.com.br\/index.php\/wp-json\/wp\/v2\/media\/53784"}],"wp:attachment":[{"href":"https:\/\/blogopara.com.br\/index.php\/wp-json\/wp\/v2\/media?parent=53783"}],"wp:term":[{"taxonomy":"category","embeddable":true,"href":"https:\/\/blogopara.com.br\/index.php\/wp-json\/wp\/v2\/categories?post=53783"},{"taxonomy":"post_tag","embeddable":true,"href":"https:\/\/blogopara.com.br\/index.php\/wp-json\/wp\/v2\/tags?post=53783"}],"curies":[{"name":"wp","href":"https:\/\/api.w.org\/{rel}","templated":true}]}}