{"id":53826,"date":"2023-06-18T12:01:00","date_gmt":"2023-06-18T15:01:00","guid":{"rendered":"https:\/\/blogopara.com.br\/?p=53826"},"modified":"2023-06-17T23:06:01","modified_gmt":"2023-06-18T02:06:01","slug":"associacao-de-professores-rebate-jeronimo-e-diz-que-precatorios-do-fundef-estao-disponiveis","status":"publish","type":"post","link":"https:\/\/blogopara.com.br\/index.php\/2023\/06\/18\/associacao-de-professores-rebate-jeronimo-e-diz-que-precatorios-do-fundef-estao-disponiveis","title":{"rendered":"Associa\u00e7\u00e3o de professores rebate Jer\u00f4nimo e diz que precat\u00f3rios do Fundef est\u00e3o dispon\u00edveis"},"content":{"rendered":"<p style=\"text-align: justify;\">A Associa\u00e7\u00e3o Classista da Educa\u00e7\u00e3o e Esporte da Bahia (ACEB)\u00a0rebateu as declara\u00e7\u00f5es do governador Jer\u00f4nimo Rodrigues (PT), acerca do pagamento dos precat\u00f3rios do Fundo de Manuten\u00e7\u00e3o e Desenvolvimento do Ensino Fundamental e de Valoriza\u00e7\u00e3o do Magist\u00e9rio (Fundef) (<a href=\"https:\/\/www.bahianoticias.com.br\/noticia\/281144-jeronimo-diz-que-aguarda-posicao-do-governo-federal-para-pagamento-de-precatorios-do-fundef\" target=\"_blank\" rel=\"noopener\">veja aqui<\/a>).<\/p>\n<p style=\"text-align: justify;\">A presidente da Associa\u00e7\u00e3o, Marinalva Nunes, revelou ao Bahia Not\u00edcias que os recursos j\u00e1 foram disponibilizados pelo Supremo Tribunal Federal (STF) para o rateio aos benefici\u00e1rios pelo\u00a0governo do estado.<\/p>\n<p style=\"text-align: justify;\">Segundo a sindicalista, um print de um dep\u00f3sito banc\u00e1rio no valor de R$ 3.109.493.316,41, feito no dia 30 de maio, justamente a quantia que ser\u00e1 distribu\u00edda aos professores, seria a prova da disponibilidade dos recursos.<\/p>\n<figure style=\"width: 1280px\" class=\"wp-caption aligncenter\"><img loading=\"lazy\" decoding=\"async\" src=\"https:\/\/www.bahianoticias.com.br\/fotos\/principal_noticias\/281235\/mg\/Montagem%20-%20BN.png\" alt=\"\" width=\"1280\" height=\"943\" \/><figcaption class=\"wp-caption-text\">Foto que, segundo Aceb, comprova recurso do Fundef na conta do Governo da Bahia<\/figcaption><\/figure>\n<p style=\"text-align: justify;\">&#8220;O governador est\u00e1 desconectado da situa\u00e7\u00e3o real. O dinheiro est\u00e1 disponibilizado. O governador Jer\u00f4nimo Rodrigues precisa cumprir o que determina a emenda 114 da Constitui\u00e7\u00e3o e encaminhar, em car\u00e1ter de urg\u00eancia, \u00e0 Assembleia Legislativa o projeto de lei para regulamenta\u00e7\u00e3o. A situa\u00e7\u00e3o dos precat\u00f3rios n\u00e3o carece de conversar com ningu\u00e9m. \u00c9 s\u00f3 cumprir a legisla\u00e7\u00e3o. No ano passado o entendimento foi o de n\u00e3o pagar o recurso com a corre\u00e7\u00e3o de juros e mora. Mas que s\u00f3 valeu para o entendimento do ano passado, conforme estabelecido no artigo 2\u00b0 da Lei Estadual 14.485\/22. Foi a forma que o governador Rui Costa encontrou para justificar o bloqueio dos acess\u00f3rios da d\u00edvida e nos diferenciar da compreens\u00e3o dos demais estados benefici\u00e1rios&#8221;, pontua Marinalva.<\/p>\n<p style=\"text-align: justify;\">A representante da ACEB \u00a0afirmou que o governador estaria &#8220;atrasado&#8221; em n\u00e3o encaminhar o PL \u00e0 Assembleia Legislativa da Bahia (AL-BA) com a corre\u00e7\u00e3o dos juros e mora para pagamento dos benefici\u00e1rios. Ela apontou que existe uma lista de todos os benefici\u00e1rios, publicada na portaria 002\/22, conjunta entre SAEB\/SEC. Segundo Nunes, essa seria a lista com os nomes de quem receberia pagamento neste ano e em 2024.<\/p>\n<p style=\"text-align: justify;\">&#8220;O governador tamb\u00e9m est\u00e1 desconhecendo um of\u00edcio da PGE que fala sobre essa situa\u00e7\u00e3o dos recursos para a conta espec\u00edfica do Estado e n\u00f3s n\u00e3o vamos arredar o p\u00e9 da Assembleia Legislativa da Bahia para pressionarmos os deputados para o cumprimento da legisla\u00e7\u00e3o&#8221;, assegura.<\/p>\n<p style=\"text-align: justify;\">As declara\u00e7\u00f5es da sindicalista chegam depois que o governador afirmou que o pagamento s\u00f3 poderia ser feito ap\u00f3s di\u00e1logo e autoriza\u00e7\u00e3o com o governo federal e acordo com entidades sindicais.<\/p>\n<p style=\"text-align: justify;\">&#8220;Tivemos uma reuni\u00e3o anteontem com o governo federal para ver se eles conseguem pagar a gente esse ano ou ent\u00e3o n\u00f3s ter\u00edamos que fazer uma negocia\u00e7\u00e3o para que o dinheiro fosse pago e naturalmente a gente vai sentar com a APLB para discutirmos o formato de pagamento. O governo federal repassando o recurso que \u00e9 de direito do Estado, a gente vai arcar com nossa responsabilidade&#8221;, disse o petista na quarta-feira (14).<\/p>\n<p style=\"text-align: justify;\">Em nota enviada ao Bahia Not\u00edcias, a Secretaria de Administra\u00e7\u00e3o do Estado (Saeb)\u00a0afirmou que os\u00a0recursos para o pagamento de nova parcela dos precat\u00f3rios Fundef ainda n\u00e3o est\u00e3o dispon\u00edveis. &#8220;O Governo do Estado est\u00e1 aguardando a confirma\u00e7\u00e3o da libera\u00e7\u00e3o desses recursos para adotar os procedimentos necess\u00e1rios para efetuar os pagamentos&#8221;.<\/p>\n<h4 style=\"text-align: justify;\">Entenda os valores<\/h4>\n<p style=\"text-align: justify;\">A cobran\u00e7a feita pela categoria \u00e9 referente a segunda das tr\u00eas parcelas dos R$ 8.767.153.945 que a Bahia tem direito do Fundef. A primeira parte, no valor de R$ 3.900.000.000 foi paga em 2022 e corresponde a 40% do valor total. Dessa quantia, 60% o que equivale a R$ 2.340.000.000, foram destinados aos profissionais da educa\u00e7\u00e3o, e os 40% restantes, para a manuten\u00e7\u00e3o de escolas.<\/p>\n<p style=\"text-align: justify;\">As duas parcelas restantes, ambas no valor de R$ 3.109.493.316,41, ser\u00e3o pagas em 2023 e 2024. Em cada ano, a quantia destinada para o rateio entre os professores ser\u00e1 de R$ 1.865.695.989,84.<\/p>\n<p><em>Fonte: Bahia Not\u00edcias<\/em><\/p>\n","protected":false},"excerpt":{"rendered":"<p>A Associa\u00e7\u00e3o Classista da Educa\u00e7\u00e3o e Esporte da Bahia (ACEB)\u00a0rebateu as declara\u00e7\u00f5es do governador Jer\u00f4nimo Rodrigues (PT), acerca do pagamento dos precat\u00f3rios do Fundo de Manuten\u00e7\u00e3o e Desenvolvimento do Ensino Fundamental e de Valoriza\u00e7\u00e3o do Magist\u00e9rio (Fundef) (veja aqui). A presidente da Associa\u00e7\u00e3o, Marinalva Nunes, revelou ao Bahia Not\u00edcias que os recursos j\u00e1 foram disponibilizados [&hellip;]<\/p>\n","protected":false},"author":1,"featured_media":29416,"comment_status":"closed","ping_status":"open","sticky":false,"template":"","format":"standard","meta":{"_uag_custom_page_level_css":"","_monsterinsights_skip_tracking":false,"_monsterinsights_sitenote_active":false,"_monsterinsights_sitenote_note":"","_monsterinsights_sitenote_category":0,"jetpack_post_was_ever_published":false,"_jetpack_newsletter_access":"","_jetpack_dont_email_post_to_subs":false,"_jetpack_newsletter_tier_id":0,"_jetpack_memberships_contains_paywalled_content":false,"_jetpack_memberships_contains_paid_content":false,"footnotes":"","jetpack_publicize_message":"","jetpack_publicize_feature_enabled":true,"jetpack_social_post_already_shared":true,"jetpack_social_options":{"image_generator_settings":{"template":"highway","default_image_id":0,"font":"","enabled":false},"version":2}},"categories":[199,209],"tags":[11,10939,8075,6067,27],"class_list":["post-53826","post","type-post","status-publish","format-standard","has-post-thumbnail","hentry","category-bahia","category-educacao","tag-bahia","tag-fundef","tag-jeronimo-rodrigues","tag-precatorios","tag-professores"],"jetpack_publicize_connections":[],"jetpack_featured_media_url":"https:\/\/blogopara.com.br\/wp-content\/uploads\/2021\/10\/thumbnail_Sala-de-aula.jpg","uagb_featured_image_src":{"full":["https:\/\/blogopara.com.br\/wp-content\/uploads\/2021\/10\/thumbnail_Sala-de-aula.jpg",500,333,false],"thumbnail":["https:\/\/blogopara.com.br\/wp-content\/uploads\/2021\/10\/thumbnail_Sala-de-aula-150x150.jpg",150,150,true],"medium":["https:\/\/blogopara.com.br\/wp-content\/uploads\/2021\/10\/thumbnail_Sala-de-aula-300x200.jpg",300,200,true],"medium_large":["https:\/\/blogopara.com.br\/wp-content\/uploads\/2021\/10\/thumbnail_Sala-de-aula.jpg",500,333,false],"large":["https:\/\/blogopara.com.br\/wp-content\/uploads\/2021\/10\/thumbnail_Sala-de-aula.jpg",500,333,false],"1536x1536":["https:\/\/blogopara.com.br\/wp-content\/uploads\/2021\/10\/thumbnail_Sala-de-aula.jpg",500,333,false],"2048x2048":["https:\/\/blogopara.com.br\/wp-content\/uploads\/2021\/10\/thumbnail_Sala-de-aula.jpg",500,333,false],"mantranews-slider-large":["https:\/\/blogopara.com.br\/wp-content\/uploads\/2021\/10\/thumbnail_Sala-de-aula.jpg",500,333,false],"mantranews-featured-medium":["https:\/\/blogopara.com.br\/wp-content\/uploads\/2021\/10\/thumbnail_Sala-de-aula-420x307.jpg",420,307,true],"mantranews-featured-long":["https:\/\/blogopara.com.br\/wp-content\/uploads\/2021\/10\/thumbnail_Sala-de-aula-300x333.jpg",300,333,true],"mantranews-block-medium":["https:\/\/blogopara.com.br\/wp-content\/uploads\/2021\/10\/thumbnail_Sala-de-aula-464x290.jpg",464,290,true],"mantranews-carousel-image":["https:\/\/blogopara.com.br\/wp-content\/uploads\/2021\/10\/thumbnail_Sala-de-aula.jpg",500,333,false],"mantranews-block-thumb":["https:\/\/blogopara.com.br\/wp-content\/uploads\/2021\/10\/thumbnail_Sala-de-aula-322x230.jpg",322,230,true],"mantranews-single-large":["https:\/\/blogopara.com.br\/wp-content\/uploads\/2021\/10\/thumbnail_Sala-de-aula.jpg",500,333,false]},"uagb_author_info":{"display_name":"Reda\u00e7\u00e3o geral","author_link":"https:\/\/blogopara.com.br\/index.php\/author\/blogopara"},"uagb_comment_info":0,"uagb_excerpt":"A Associa\u00e7\u00e3o Classista da Educa\u00e7\u00e3o e Esporte da Bahia (ACEB)\u00a0rebateu as declara\u00e7\u00f5es do governador Jer\u00f4nimo Rodrigues (PT), acerca do pagamento dos precat\u00f3rios do Fundo de Manuten\u00e7\u00e3o e Desenvolvimento do Ensino Fundamental e de Valoriza\u00e7\u00e3o do Magist\u00e9rio (Fundef) (veja aqui). A presidente da Associa\u00e7\u00e3o, Marinalva Nunes, revelou ao Bahia Not\u00edcias que os recursos j\u00e1 foram disponibilizados&hellip;","jetpack_sharing_enabled":true,"jetpack_likes_enabled":true,"_links":{"self":[{"href":"https:\/\/blogopara.com.br\/index.php\/wp-json\/wp\/v2\/posts\/53826","targetHints":{"allow":["GET"]}}],"collection":[{"href":"https:\/\/blogopara.com.br\/index.php\/wp-json\/wp\/v2\/posts"}],"about":[{"href":"https:\/\/blogopara.com.br\/index.php\/wp-json\/wp\/v2\/types\/post"}],"author":[{"embeddable":true,"href":"https:\/\/blogopara.com.br\/index.php\/wp-json\/wp\/v2\/users\/1"}],"replies":[{"embeddable":true,"href":"https:\/\/blogopara.com.br\/index.php\/wp-json\/wp\/v2\/comments?post=53826"}],"version-history":[{"count":1,"href":"https:\/\/blogopara.com.br\/index.php\/wp-json\/wp\/v2\/posts\/53826\/revisions"}],"predecessor-version":[{"id":53827,"href":"https:\/\/blogopara.com.br\/index.php\/wp-json\/wp\/v2\/posts\/53826\/revisions\/53827"}],"wp:featuredmedia":[{"embeddable":true,"href":"https:\/\/blogopara.com.br\/index.php\/wp-json\/wp\/v2\/media\/29416"}],"wp:attachment":[{"href":"https:\/\/blogopara.com.br\/index.php\/wp-json\/wp\/v2\/media?parent=53826"}],"wp:term":[{"taxonomy":"category","embeddable":true,"href":"https:\/\/blogopara.com.br\/index.php\/wp-json\/wp\/v2\/categories?post=53826"},{"taxonomy":"post_tag","embeddable":true,"href":"https:\/\/blogopara.com.br\/index.php\/wp-json\/wp\/v2\/tags?post=53826"}],"curies":[{"name":"wp","href":"https:\/\/api.w.org\/{rel}","templated":true}]}}