{"id":53873,"date":"2023-06-19T18:34:00","date_gmt":"2023-06-19T21:34:00","guid":{"rendered":"https:\/\/blogopara.com.br\/?p=53873"},"modified":"2023-06-19T10:38:21","modified_gmt":"2023-06-19T13:38:21","slug":"sao-joao-de-juremal-movimenta-o-distrito-juazeirense-neste-final-de-semana","status":"publish","type":"post","link":"https:\/\/blogopara.com.br\/index.php\/2023\/06\/19\/sao-joao-de-juremal-movimenta-o-distrito-juazeirense-neste-final-de-semana","title":{"rendered":"S\u00e3o Jo\u00e3o de Juremal movimenta o distrito juazeirense neste final de semana"},"content":{"rendered":"<p class=\"x_MsoNormal\" style=\"text-align: justify;\">O primeiro final de semana do Festival Cultural S\u00e3o Jo\u00e3o de Juremal foi um sucesso. A festa reuniu a comunidade de Juremal e de outras localidades de Juazeiro e mostrou que o festejo, que \u00e9 tradicional no distrito, ganhou mais notoriedade. Este \u00e9 o segundo ano do S\u00e3o de Juremal realizado na gest\u00e3o da prefeita Suzana Ramos, filha da terra.<\/p>\n<p class=\"x_MsoNormal\" style=\"text-align: justify;\">Neste domingo (18) quem animou o distrito de Juremal foi a banda Stylo.com e o cantor Dudu Almeida. No s\u00e1bado (17), abertura do festejo Tom Bahia fez muita gente dan\u00e7ar com um repert\u00f3rio ecl\u00e9tico, do arrocha, ao forr\u00f3 e montou at\u00e9 quadrilha junina. Quando Rafinha subiu ao palco, o p\u00fablico cantou todos os sucessos.<\/p>\n<p class=\"x_MsoNormal\" style=\"text-align: justify;\">\u201cA festa de S\u00e3o Jo\u00e3o, padroeiro de Juremal, \u00e9 uma tradi\u00e7\u00e3o forte e antiga no distrito. \u00c9 uma felicidade e uma honra hoje estar \u00e0 frente do munic\u00edpio e promover essa festa que para mim \u00e9 especial, pois representa a manuten\u00e7\u00e3o da nossa cultura e a religiosidade t\u00e3o t\u00edpica do nordestino e da nossa gente, destacou a prefeita, Suzana Ramos.<\/p>\n<p class=\"x_MsoNormal\" style=\"text-align: justify;\"><b>Ainda tem mais S\u00e3o Jo\u00e3o de Juremal<\/b><\/p>\n<p class=\"x_MsoNormal\" style=\"text-align: justify;\">O Festival Cultural S\u00e3o Jo\u00e3o de Juremal ainda ter\u00e1 mais tr\u00eas dias de festa, nos dias 23, 24 e 25 de junho, trazendo uma programa\u00e7\u00e3o diversificada, com shows musicais e a apresenta\u00e7\u00e3o das quadrilhas vencedoras do Concurso de Quadrilhas Juninas de Juazeiro. Confira a programa\u00e7\u00e3o:<\/p>\n<p class=\"x_MsoNormal\" style=\"text-align: justify;\">\n<p class=\"x_MsoNormal\" style=\"text-align: justify;\">23 de junho<\/p>\n<p class=\"x_MsoNormal\" style=\"text-align: justify;\">&#8211; Mega Top<\/p>\n<p class=\"x_MsoNormal\" style=\"text-align: justify;\">&#8211; Frank e Alex<\/p>\n<p class=\"x_MsoNormal\" style=\"text-align: justify;\">&#8211; Taty Vaqueira<\/p>\n<p class=\"x_MsoNormal\" style=\"text-align: justify;\">&#8211; Carlinhos Cai\u00e7ara<\/p>\n<p class=\"x_MsoNormal\" style=\"text-align: justify;\">24 de junho<\/p>\n<p class=\"x_MsoNormal\" style=\"text-align: justify;\">&#8211; Apresenta\u00e7\u00e3o da Quadrilha Campe\u00e3<\/p>\n<p class=\"x_MsoNormal\" style=\"text-align: justify;\">-Edinho e Juju<\/p>\n<p class=\"x_MsoNormal\" style=\"text-align: justify;\">-J\u00f3 do Acordeon<\/p>\n<p class=\"x_MsoNormal\" style=\"text-align: justify;\">25 de junho<\/p>\n<p class=\"x_MsoNormal\" style=\"text-align: justify;\">&#8211; Suzana Coelho<\/p>\n<p class=\"x_MsoNormal\" style=\"text-align: justify;\">&#8211; J\u00falio do Acordeon<\/p>\n","protected":false},"excerpt":{"rendered":"<p>O primeiro final de semana do Festival Cultural S\u00e3o Jo\u00e3o de Juremal foi um sucesso. A festa reuniu a comunidade de Juremal e de outras localidades de Juazeiro e mostrou que o festejo, que \u00e9 tradicional no distrito, ganhou mais notoriedade. Este \u00e9 o segundo ano do S\u00e3o de Juremal realizado na gest\u00e3o da prefeita [&hellip;]<\/p>\n","protected":false},"author":1,"featured_media":53874,"comment_status":"closed","ping_status":"open","sticky":false,"template":"","format":"standard","meta":{"_uag_custom_page_level_css":"","_monsterinsights_skip_tracking":false,"_monsterinsights_sitenote_active":false,"_monsterinsights_sitenote_note":"","_monsterinsights_sitenote_category":0,"jetpack_post_was_ever_published":false,"_jetpack_newsletter_access":"","_jetpack_dont_email_post_to_subs":false,"_jetpack_newsletter_tier_id":0,"_jetpack_memberships_contains_paywalled_content":false,"_jetpack_memberships_contains_paid_content":false,"footnotes":"","jetpack_publicize_message":"","jetpack_publicize_feature_enabled":true,"jetpack_social_post_already_shared":true,"jetpack_social_options":{"image_generator_settings":{"template":"highway","default_image_id":0,"font":"","enabled":false},"version":2}},"categories":[1784,217],"tags":[],"class_list":["post-53873","post","type-post","status-publish","format-standard","has-post-thumbnail","hentry","category-cultura-2","category-juremal"],"jetpack_publicize_connections":[],"jetpack_featured_media_url":"https:\/\/blogopara.com.br\/wp-content\/uploads\/2023\/06\/thumbnail_SJ-Juremal-3.jpg","uagb_featured_image_src":{"full":["https:\/\/blogopara.com.br\/wp-content\/uploads\/2023\/06\/thumbnail_SJ-Juremal-3.jpg",500,333,false],"thumbnail":["https:\/\/blogopara.com.br\/wp-content\/uploads\/2023\/06\/thumbnail_SJ-Juremal-3-150x150.jpg",150,150,true],"medium":["https:\/\/blogopara.com.br\/wp-content\/uploads\/2023\/06\/thumbnail_SJ-Juremal-3-300x200.jpg",300,200,true],"medium_large":["https:\/\/blogopara.com.br\/wp-content\/uploads\/2023\/06\/thumbnail_SJ-Juremal-3.jpg",500,333,false],"large":["https:\/\/blogopara.com.br\/wp-content\/uploads\/2023\/06\/thumbnail_SJ-Juremal-3.jpg",500,333,false],"1536x1536":["https:\/\/blogopara.com.br\/wp-content\/uploads\/2023\/06\/thumbnail_SJ-Juremal-3.jpg",500,333,false],"2048x2048":["https:\/\/blogopara.com.br\/wp-content\/uploads\/2023\/06\/thumbnail_SJ-Juremal-3.jpg",500,333,false],"mantranews-slider-large":["https:\/\/blogopara.com.br\/wp-content\/uploads\/2023\/06\/thumbnail_SJ-Juremal-3.jpg",500,333,false],"mantranews-featured-medium":["https:\/\/blogopara.com.br\/wp-content\/uploads\/2023\/06\/thumbnail_SJ-Juremal-3-420x307.jpg",420,307,true],"mantranews-featured-long":["https:\/\/blogopara.com.br\/wp-content\/uploads\/2023\/06\/thumbnail_SJ-Juremal-3-300x333.jpg",300,333,true],"mantranews-block-medium":["https:\/\/blogopara.com.br\/wp-content\/uploads\/2023\/06\/thumbnail_SJ-Juremal-3-464x290.jpg",464,290,true],"mantranews-carousel-image":["https:\/\/blogopara.com.br\/wp-content\/uploads\/2023\/06\/thumbnail_SJ-Juremal-3.jpg",500,333,false],"mantranews-block-thumb":["https:\/\/blogopara.com.br\/wp-content\/uploads\/2023\/06\/thumbnail_SJ-Juremal-3-322x230.jpg",322,230,true],"mantranews-single-large":["https:\/\/blogopara.com.br\/wp-content\/uploads\/2023\/06\/thumbnail_SJ-Juremal-3.jpg",500,333,false]},"uagb_author_info":{"display_name":"Reda\u00e7\u00e3o geral","author_link":"https:\/\/blogopara.com.br\/index.php\/author\/blogopara"},"uagb_comment_info":0,"uagb_excerpt":"O primeiro final de semana do Festival Cultural S\u00e3o Jo\u00e3o de Juremal foi um sucesso. A festa reuniu a comunidade de Juremal e de outras localidades de Juazeiro e mostrou que o festejo, que \u00e9 tradicional no distrito, ganhou mais notoriedade. Este \u00e9 o segundo ano do S\u00e3o de Juremal realizado na gest\u00e3o da prefeita&hellip;","jetpack_sharing_enabled":true,"jetpack_likes_enabled":true,"_links":{"self":[{"href":"https:\/\/blogopara.com.br\/index.php\/wp-json\/wp\/v2\/posts\/53873","targetHints":{"allow":["GET"]}}],"collection":[{"href":"https:\/\/blogopara.com.br\/index.php\/wp-json\/wp\/v2\/posts"}],"about":[{"href":"https:\/\/blogopara.com.br\/index.php\/wp-json\/wp\/v2\/types\/post"}],"author":[{"embeddable":true,"href":"https:\/\/blogopara.com.br\/index.php\/wp-json\/wp\/v2\/users\/1"}],"replies":[{"embeddable":true,"href":"https:\/\/blogopara.com.br\/index.php\/wp-json\/wp\/v2\/comments?post=53873"}],"version-history":[{"count":1,"href":"https:\/\/blogopara.com.br\/index.php\/wp-json\/wp\/v2\/posts\/53873\/revisions"}],"predecessor-version":[{"id":53875,"href":"https:\/\/blogopara.com.br\/index.php\/wp-json\/wp\/v2\/posts\/53873\/revisions\/53875"}],"wp:featuredmedia":[{"embeddable":true,"href":"https:\/\/blogopara.com.br\/index.php\/wp-json\/wp\/v2\/media\/53874"}],"wp:attachment":[{"href":"https:\/\/blogopara.com.br\/index.php\/wp-json\/wp\/v2\/media?parent=53873"}],"wp:term":[{"taxonomy":"category","embeddable":true,"href":"https:\/\/blogopara.com.br\/index.php\/wp-json\/wp\/v2\/categories?post=53873"},{"taxonomy":"post_tag","embeddable":true,"href":"https:\/\/blogopara.com.br\/index.php\/wp-json\/wp\/v2\/tags?post=53873"}],"curies":[{"name":"wp","href":"https:\/\/api.w.org\/{rel}","templated":true}]}}