{"id":53878,"date":"2023-06-19T12:49:00","date_gmt":"2023-06-19T15:49:00","guid":{"rendered":"https:\/\/blogopara.com.br\/?p=53878"},"modified":"2023-06-19T10:53:34","modified_gmt":"2023-06-19T13:53:34","slug":"sisu-2023-inscricao-comeca-nesta-segunda-saiba-como-funciona","status":"publish","type":"post","link":"https:\/\/blogopara.com.br\/index.php\/2023\/06\/19\/sisu-2023-inscricao-comeca-nesta-segunda-saiba-como-funciona","title":{"rendered":"Sisu 2023: inscri\u00e7\u00e3o come\u00e7a nesta segunda; saiba como funciona"},"content":{"rendered":"<div id=\"chunk-9ivd9\">\n<div class=\"mc-column content-text active-extra-styles active-capital-letter\" data-block-type=\"unstyled\" data-block-weight=\"34\" data-block-id=\"2\">\n<p class=\"content-text__container theme-color-primary-first-letter\" style=\"text-align: justify;\" data-track-category=\"Link no Texto\" data-track-links=\"\">O prazo de inscri\u00e7\u00e3o para o 2\u00ba semestre de 2023 do Sistema de Sele\u00e7\u00e3o Unificada (<a class=\"\" href=\"https:\/\/g1.globo.com\/tudo-sobre\/sisu\/\">Sisu<\/a>), processo seletivo para universidades p\u00fablicas,\u00a0<strong>come\u00e7a nesta segunda-feira (19)<\/strong>\u00a0e vai at\u00e9 as 23h59 de quinta-feira, dia 22.<\/p>\n<\/div>\n<\/div>\n<div class=\"wall protected-content\">\n<div id=\"chunk-tnhc\" style=\"text-align: justify;\">\n<div class=\"mc-column content-text active-extra-styles \" data-block-type=\"unstyled\" data-block-weight=\"31\" data-block-id=\"3\">\n<p class=\"content-text__container \" data-track-category=\"Link no Texto\" data-track-links=\"\">Para participar, o candidato deve entrar no site\u00a0<a class=\"\" href=\"https:\/\/acessounico.mec.gov.br\/sisu\" target=\"_blank\" rel=\"noopener\">https:\/\/acessounico.mec.gov.br\/sisu<\/a>. \u00c9<strong>\u00a0preciso ter feito o\u00a0<\/strong><a class=\"\" href=\"https:\/\/g1.globo.com\/tudo-sobre\/enem\/\"><strong>Enem<\/strong><\/a><strong>\u00a02022, n\u00e3o ter zerado na reda\u00e7\u00e3o<\/strong> e n\u00e3o ter prestado o exame na condi\u00e7\u00e3o de treineiro.<\/p>\n<\/div>\n<\/div>\n<div class=\"mc-column content-text active-extra-styles\" style=\"text-align: justify;\" data-block-type=\"raw\" data-block-weight=\"7\" data-block-id=\"4\">\n<div class=\"content-intertitle\">\n<h2><strong>\ud83d\udcdd Como funciona a inscri\u00e7\u00e3o no Sisu:<\/strong><\/h2>\n<\/div>\n<\/div>\n<div class=\"mc-column content-text active-extra-styles\" style=\"text-align: justify;\" data-block-type=\"raw\" data-block-weight=\"21\" data-block-id=\"5\">\n<p class=\"content-text__container\">\n<ul class=\"content-unordered-list\">\n<li><strong>LOGIN:<\/strong>\u00a0Na p\u00e1gina do Sisu, clique em\u00a0<strong>&#8220;Fazer Inscri\u00e7\u00e3o&#8221;<\/strong>\u00a0e, na pr\u00f3xima tela, clique em\u00a0<strong>&#8220;Entrar com gov.br<\/strong>\u00a0<strong>ou fazer cadastro&#8221;<\/strong>.<\/li>\n<\/ul>\n<\/div>\n<div class=\"mc-column content-text active-extra-styles\" style=\"text-align: justify;\" data-block-type=\"raw\" data-block-weight=\"23\" data-block-id=\"7\">\n<ul class=\"content-unordered-list\">\n<li><strong>DADOS:<\/strong>\u00a0Antes de come\u00e7ar, confirme os dados para o Sisu entrar em contato com voc\u00ea. \u00c9 poss\u00edvel alterar esses dados a qualquer momento.<\/li>\n<\/ul>\n<\/div>\n<div class=\"mc-column content-text active-extra-styles\" style=\"text-align: justify;\" data-block-type=\"raw\" data-block-weight=\"40\" data-block-id=\"10\">\n<ul class=\"content-unordered-list\">\n<li><strong>INSCRI\u00c7\u00c3O:<\/strong>\u00a0Na tela\u00a0<strong>&#8220;Minha inscri\u00e7\u00e3o&#8221;<\/strong>, voc\u00ea pode escolher at\u00e9 duas op\u00e7\u00f5es de curso. \u00c9 nesta tela que voc\u00ea vai acompanhar a sua inscri\u00e7\u00e3o ao longo de todo o processo. Para come\u00e7ar, \u00e9 s\u00f3 clicar em\u00a0<strong>&#8220;Fazer inscri\u00e7\u00e3o na 1\u00aa op\u00e7\u00e3o&#8221;<\/strong>.<\/li>\n<\/ul>\n<\/div>\n<div class=\"mc-column content-text active-extra-styles\" style=\"text-align: justify;\" data-block-type=\"raw\" data-block-weight=\"51\" data-block-id=\"13\">\n<ul class=\"content-unordered-list\">\n<li><strong>PESQUISA DE VAGAS:\u00a0<\/strong>\u00c9 poss\u00edvel pesquisar as vagas pelo nome do munic\u00edpio, nome da institui\u00e7\u00e3o ou nome do curso.<strong>\u00a0<\/strong>A recomenda\u00e7\u00e3o \u00e9<strong>\u00a0consultar quantas vagas<\/strong>\u00a0est\u00e3o dispon\u00edveis por curso e por modalidade e quais as\u00a0<strong>regras do processo seletivo<\/strong> de cada universidade (como notas m\u00ednimas exigidas ou regulamento para cotas sociais).<\/li>\n<\/ul>\n<\/div>\n<div class=\"mc-column content-text active-extra-styles\" style=\"text-align: justify;\" data-block-type=\"raw\" data-block-weight=\"15\" data-block-id=\"15\">\n<ul class=\"content-unordered-list\">\n<li><strong>DETALHES SOBRE AS VAGAS:<\/strong> Ao clicar no curso, aparecem mais detalhes e as modalidades dispon\u00edveis.<\/li>\n<\/ul>\n<\/div>\n<div class=\"mc-column content-text active-extra-styles\" style=\"text-align: justify;\" data-block-type=\"raw\" data-block-weight=\"39\" data-block-id=\"18\">\n<ul class=\"content-unordered-list\">\n<li><strong>MODALIDADE:\u00a0<\/strong>Leia com aten\u00e7\u00e3o as modalidades dispon\u00edveis para o curso, escolha uma das op\u00e7\u00f5es e clique em &#8220;Escolher esta modalidade&#8221; para continuar. Fique atento \u00e0s informa\u00e7\u00f5es exigidas para comprovar as a\u00e7\u00f5es afirmativas no momento da matr\u00edcula, caso seja selecionado.<\/li>\n<\/ul>\n<\/div>\n<div class=\"mc-column content-text active-extra-styles\" style=\"text-align: justify;\" data-block-type=\"raw\" data-block-weight=\"30\" data-block-id=\"20\">\n<ul class=\"content-unordered-list\">\n<li><strong>CONFIRMA\u00c7\u00c3O:\u00a0<\/strong>Confira os dados do curso e modalidade de vaga que voc\u00ea escolheu, a documenta\u00e7\u00e3o que ser\u00e1 exigida pela institui\u00e7\u00e3o na ato da matr\u00edcula e clique em \u201cConfirmar minha inscri\u00e7\u00e3o\u201d.<\/li>\n<\/ul>\n<\/div>\n<div class=\"mc-column content-text active-extra-styles\" style=\"text-align: justify;\" data-block-type=\"raw\" data-block-weight=\"36\" data-block-id=\"23\">\n<ul class=\"content-unordered-list\">\n<li><strong>CONCLUS\u00c3O DA INSCRI\u00c7\u00c3O:<\/strong> Ap\u00f3s confirmar sua inscri\u00e7\u00e3o, voc\u00ea voltar\u00e1 para a tela &#8220;Minha inscri\u00e7\u00e3o&#8221; e poder\u00e1 conferir as informa\u00e7\u00f5es da op\u00e7\u00e3o escolhida. Voc\u00ea pode mudar a suas op\u00e7\u00f5es durante todo o per\u00edodo de inscri\u00e7\u00f5es do Sisu.<\/li>\n<\/ul>\n<\/div>\n<div id=\"chunk-4ecu4\" style=\"text-align: justify;\">\n<div class=\"row medium-uncollapsed content-media content-photo\" data-block-type=\"backstage-photo\" data-block-id=\"24\">\n<div class=\" mc-column  content-media__container\">\n<div class=\"content-media-container glb-skeleton-box\">\n<figure class=\"content-media-figure\"><img decoding=\"async\" class=\"i-amphtml-fill-content i-amphtml-replaced-content\" src=\"https:\/\/s2-g1.glbimg.com\/vO68WwuFEdqbitJ7-7taYFWrkwk=\/0x0:329x217\/984x0\/smart\/filters:strip_icc()\/i.s3.glbimg.com\/v1\/AUTH_59edd422c0c84a879bd37670ae4f538a\/internal_photos\/bs\/2023\/w\/m\/9FJZcZQQSxX9ijhfbwAg\/sisu-inscricao-concluida.jpg\" sizes=\"(max-width: 1366px) 648px, 100vw\" srcset=\"https:\/\/s2-g1.glbimg.com\/OC0eIXIwd6F_8nDk9gnVTJ8PTc0=\/0x0:329x217\/1000x0\/smart\/filters:strip_icc()\/i.s3.glbimg.com\/v1\/AUTH_59edd422c0c84a879bd37670ae4f538a\/internal_photos\/bs\/2023\/w\/m\/9FJZcZQQSxX9ijhfbwAg\/sisu-inscricao-concluida.jpg 1000w, https:\/\/s2-g1.glbimg.com\/vO68WwuFEdqbitJ7-7taYFWrkwk=\/0x0:329x217\/984x0\/smart\/filters:strip_icc()\/i.s3.glbimg.com\/v1\/AUTH_59edd422c0c84a879bd37670ae4f538a\/internal_photos\/bs\/2023\/w\/m\/9FJZcZQQSxX9ijhfbwAg\/sisu-inscricao-concluida.jpg 984w, https:\/\/s2-g1.glbimg.com\/gqlE2beuRjuHliSZAd1miLWZL-o=\/0x0:329x217\/640x0\/smart\/filters:strip_icc()\/i.s3.glbimg.com\/v1\/AUTH_59edd422c0c84a879bd37670ae4f538a\/internal_photos\/bs\/2023\/w\/m\/9FJZcZQQSxX9ijhfbwAg\/sisu-inscricao-concluida.jpg 640w, https:\/\/s2-g1.glbimg.com\/tvUYVT0cAs7HDcN4ffDjdM5f2zs=\/0x0:329x217\/600x0\/smart\/filters:strip_icc()\/i.s3.glbimg.com\/v1\/AUTH_59edd422c0c84a879bd37670ae4f538a\/internal_photos\/bs\/2023\/w\/m\/9FJZcZQQSxX9ijhfbwAg\/sisu-inscricao-concluida.jpg 600w\" alt=\"Sisu: inscri\u00e7\u00e3o conclu\u00edda \u2014 Foto: Reprodu\u00e7\u00e3o\/Inep\" \/><\/figure>\n<\/div>\n<\/div>\n<\/div>\n<\/div>\n<div class=\"mc-column content-text active-extra-styles\" style=\"text-align: justify;\" data-block-type=\"raw\" data-block-weight=\"147\" data-block-id=\"25\">\n<ul class=\"content-unordered-list\">\n<li><strong>NOTAS DE CORTE:\u00a0<\/strong>Em Classifica\u00e7\u00e3o Parcial, voc\u00ea acompanha as notas de corte dos cursos e a sua classifica\u00e7\u00e3o parcial durante o per\u00edodo de inscri\u00e7\u00e3o.<\/li>\n<li>Num primeiro momento, n\u00e3o tem notas de corte, que s\u00f3 s\u00e3o disponibilizadas no segundo dia.<\/li>\n<li>A nota de corte leva em considera\u00e7\u00e3o o n\u00famero de interessados, as notas desses candidatos e a quantidade de vagas. Como os estudantes podem mudar as op\u00e7\u00f5es at\u00e9 o \u00faltimo dia do prazo, as<strong>\u00a0notas de corte parciais oscilam<\/strong>.<\/li>\n<li>Por isso, \u00e9 preciso\u00a0<strong>ficar atento sempre \u00e0s notas parciais divulgadas<\/strong>\u00a0diariamente ao longo do per\u00edodo de inscri\u00e7\u00e3o.<\/li>\n<li>A orienta\u00e7\u00e3o \u00e9 acompanhar as notas de corte dos cursos e a sua classifica\u00e7\u00e3o parcial durante o per\u00edodo de inscri\u00e7\u00e3o. Se perceber que tem pouca chance de conseguir a vaga, pode alterar a escolha do curso.<\/li>\n<li><strong><span class=\"highlight highlighted\">ATEN\u00c7\u00c3O:<\/span><\/strong>\u00a0Quando o prazo de inscri\u00e7\u00e3o se encerra, ficam valendo as\u00a0<strong>duas \u00faltimas op\u00e7\u00f5es salvas<\/strong>.<\/li>\n<\/ul>\n<\/div>\n<div id=\"chunk-99p8n\" style=\"text-align: justify;\">\n<div class=\"row medium-uncollapsed content-media content-photo\" data-block-type=\"backstage-photo\" data-block-id=\"27\">\n<div class=\" mc-column  content-media__container\">\n<div class=\"content-media-container glb-skeleton-box\">\n<figure class=\"content-media-figure\"><img decoding=\"async\" class=\"i-amphtml-fill-content i-amphtml-replaced-content\" src=\"https:\/\/s2-g1.glbimg.com\/Vuz12yxcZ0pFwlGbKFM_xGxxPoM=\/0x0:332x220\/984x0\/smart\/filters:strip_icc()\/i.s3.glbimg.com\/v1\/AUTH_59edd422c0c84a879bd37670ae4f538a\/internal_photos\/bs\/2023\/G\/f\/iMWrmuRo6BQiXGQcAJMQ\/sisu-classificacao-parcial.jpg\" sizes=\"(max-width: 1366px) 648px, 100vw\" srcset=\"https:\/\/s2-g1.glbimg.com\/M29fUy31Klyi7GMtY1_MTBRZ7n0=\/0x0:332x220\/1000x0\/smart\/filters:strip_icc()\/i.s3.glbimg.com\/v1\/AUTH_59edd422c0c84a879bd37670ae4f538a\/internal_photos\/bs\/2023\/G\/f\/iMWrmuRo6BQiXGQcAJMQ\/sisu-classificacao-parcial.jpg 1000w, https:\/\/s2-g1.glbimg.com\/Vuz12yxcZ0pFwlGbKFM_xGxxPoM=\/0x0:332x220\/984x0\/smart\/filters:strip_icc()\/i.s3.glbimg.com\/v1\/AUTH_59edd422c0c84a879bd37670ae4f538a\/internal_photos\/bs\/2023\/G\/f\/iMWrmuRo6BQiXGQcAJMQ\/sisu-classificacao-parcial.jpg 984w, https:\/\/s2-g1.glbimg.com\/P3e3jAUIMiESK1INaPmidkraCng=\/0x0:332x220\/640x0\/smart\/filters:strip_icc()\/i.s3.glbimg.com\/v1\/AUTH_59edd422c0c84a879bd37670ae4f538a\/internal_photos\/bs\/2023\/G\/f\/iMWrmuRo6BQiXGQcAJMQ\/sisu-classificacao-parcial.jpg 640w, https:\/\/s2-g1.glbimg.com\/7afWZSvYmj81G0eo_9I7KLAbrqI=\/0x0:332x220\/600x0\/smart\/filters:strip_icc()\/i.s3.glbimg.com\/v1\/AUTH_59edd422c0c84a879bd37670ae4f538a\/internal_photos\/bs\/2023\/G\/f\/iMWrmuRo6BQiXGQcAJMQ\/sisu-classificacao-parcial.jpg 600w\" alt=\"Sisu: tela da classifica\u00e7\u00e3o parcial \u2014 Foto: Reprodu\u00e7\u00e3o\/Inep\" \/><\/figure>\n<\/div>\n<p class=\"content-media__description  \"><span style=\"color: revert; font-size: revert; font-weight: revert;\">\ud83c\udfaf Resultados<\/span><\/p>\n<\/div>\n<\/div>\n<\/div>\n<div class=\"mc-column content-text active-extra-styles\" style=\"text-align: justify;\" data-block-type=\"raw\" data-block-weight=\"2\" data-block-id=\"28\">\n<p><span style=\"font-size: revert; color: initial;\">A lista de aprovados na chamada regular ser\u00e1 divulgada no dia <\/span><span class=\"highlight highlighted\" style=\"font-size: revert;\">27 de junho<\/span><span style=\"font-size: revert; color: initial;\">.<\/span><\/p>\n<\/div>\n<div id=\"chunk-dbr4u\" style=\"text-align: justify;\">\n<div class=\"mc-column content-text active-extra-styles \" data-block-type=\"unstyled\" data-block-weight=\"13\" data-block-id=\"30\">\n<p class=\"content-text__container \" data-track-category=\"Link no Texto\" data-track-links=\"\">O aluno s\u00f3 pode ser aprovado em um dos cursos marcados na inscri\u00e7\u00e3o:<\/p>\n<\/div>\n<\/div>\n<div class=\"mc-column content-text active-extra-styles\" style=\"text-align: justify;\" data-block-type=\"raw\" data-block-weight=\"28\" data-block-id=\"31\">\n<ul class=\"content-unordered-list\">\n<li>exclusivamente na 1\u00aa op\u00e7\u00e3o, caso tenha obtido nota suficiente;<\/li>\n<li>em sua 2\u00aa op\u00e7\u00e3o, caso a nota seja alta o bastante, e n\u00e3o tenha sido selecionado na 1\u00aa op\u00e7\u00e3o.<\/li>\n<\/ul>\n<p><span style=\"font-size: revert; color: initial;\">Para quem conseguiu \u00edndices suficientes nas duas op\u00e7\u00f5es de curso, o sistema permitir\u00e1 a matr\u00edcula apenas na que foi colocada como priorit\u00e1ria.<\/span><\/p>\n<\/div>\n<div id=\"chunk-enue6\" style=\"text-align: justify;\">\n<div class=\"mc-column content-text active-extra-styles \" data-block-type=\"unstyled\" data-block-weight=\"56\" data-block-id=\"33\">\n<p class=\"content-text__container \" data-track-category=\"Link no Texto\" data-track-links=\"\"><strong><span class=\"highlight highlighted\">Lista de espera:\u00a0<\/span><\/strong>O candidato que n\u00e3o conseguir uma vaga na chamada regular pode manifestar interesse para participar da lista de espera de um dos dois cursos de seu interesse. Esta etapa s\u00f3 acontece caso haja vagas que n\u00e3o forem preenchidas na 1\u00aa chamada e estar\u00e1 dispon\u00edvel de 27 de junho a 4 de julho.<\/p>\n<\/div>\n<\/div>\n<div class=\"mc-column content-text active-extra-styles\" style=\"text-align: justify;\" data-block-type=\"raw\" data-block-weight=\"6\" data-block-id=\"35\">\n<div class=\"content-intertitle\">\n<h2>Cronograma do Sisu do 2\u00ba semestre<\/h2>\n<\/div>\n<\/div>\n<div class=\"mc-column content-text active-extra-styles\" data-block-type=\"raw\" data-block-weight=\"30\" data-block-id=\"36\">\n<ul class=\"content-unordered-list\">\n<li style=\"text-align: justify;\"><strong>Inscri\u00e7\u00f5es:\u00a0<\/strong>de 19 a 22 de junho.<\/li>\n<li style=\"text-align: justify;\"><strong>Resultados:<\/strong>\u00a027 de junho.<\/li>\n<li style=\"text-align: justify;\"><strong>Manifesta\u00e7\u00e3o de interesse na lista de espera:\u00a0<\/strong>de 27 de junho a 4 de julho<\/li>\n<li style=\"text-align: justify;\"><strong>Nota considerada:<\/strong>\u00a0Enem 2022.<\/li>\n<\/ul>\n<\/div>\n<\/div>\n","protected":false},"excerpt":{"rendered":"<p>O prazo de inscri\u00e7\u00e3o para o 2\u00ba semestre de 2023 do Sistema de Sele\u00e7\u00e3o Unificada (Sisu), processo seletivo para universidades p\u00fablicas,\u00a0come\u00e7a nesta segunda-feira (19)\u00a0e vai at\u00e9 as 23h59 de quinta-feira, dia 22. Para participar, o candidato deve entrar no site\u00a0https:\/\/acessounico.mec.gov.br\/sisu. \u00c9\u00a0preciso ter feito o\u00a0Enem\u00a02022, n\u00e3o ter zerado na reda\u00e7\u00e3o e n\u00e3o ter prestado o exame [&hellip;]<\/p>\n","protected":false},"author":1,"featured_media":25658,"comment_status":"closed","ping_status":"open","sticky":false,"template":"","format":"standard","meta":{"_uag_custom_page_level_css":"","_monsterinsights_skip_tracking":false,"_monsterinsights_sitenote_active":false,"_monsterinsights_sitenote_note":"","_monsterinsights_sitenote_category":0,"jetpack_post_was_ever_published":false,"_jetpack_newsletter_access":"","_jetpack_dont_email_post_to_subs":false,"_jetpack_newsletter_tier_id":0,"_jetpack_memberships_contains_paywalled_content":false,"_jetpack_memberships_contains_paid_content":false,"footnotes":"","jetpack_publicize_message":"","jetpack_publicize_feature_enabled":true,"jetpack_social_post_already_shared":true,"jetpack_social_options":{"image_generator_settings":{"template":"highway","default_image_id":0,"font":"","enabled":false},"version":2}},"categories":[200,209],"tags":[],"class_list":["post-53878","post","type-post","status-publish","format-standard","has-post-thumbnail","hentry","category-brasil","category-educacao"],"jetpack_publicize_connections":[],"jetpack_featured_media_url":"https:\/\/blogopara.com.br\/wp-content\/uploads\/2021\/07\/taxa-do-Enem-696x416-1.jpg","uagb_featured_image_src":{"full":["https:\/\/blogopara.com.br\/wp-content\/uploads\/2021\/07\/taxa-do-Enem-696x416-1.jpg",500,298,false],"thumbnail":["https:\/\/blogopara.com.br\/wp-content\/uploads\/2021\/07\/taxa-do-Enem-696x416-1-150x150.jpg",150,150,true],"medium":["https:\/\/blogopara.com.br\/wp-content\/uploads\/2021\/07\/taxa-do-Enem-696x416-1-300x179.jpg",300,179,true],"medium_large":["https:\/\/blogopara.com.br\/wp-content\/uploads\/2021\/07\/taxa-do-Enem-696x416-1.jpg",500,298,false],"large":["https:\/\/blogopara.com.br\/wp-content\/uploads\/2021\/07\/taxa-do-Enem-696x416-1.jpg",500,298,false],"1536x1536":["https:\/\/blogopara.com.br\/wp-content\/uploads\/2021\/07\/taxa-do-Enem-696x416-1.jpg",500,298,false],"2048x2048":["https:\/\/blogopara.com.br\/wp-content\/uploads\/2021\/07\/taxa-do-Enem-696x416-1.jpg",500,298,false],"mantranews-slider-large":["https:\/\/blogopara.com.br\/wp-content\/uploads\/2021\/07\/taxa-do-Enem-696x416-1.jpg",500,298,false],"mantranews-featured-medium":["https:\/\/blogopara.com.br\/wp-content\/uploads\/2021\/07\/taxa-do-Enem-696x416-1-420x298.jpg",420,298,true],"mantranews-featured-long":["https:\/\/blogopara.com.br\/wp-content\/uploads\/2021\/07\/taxa-do-Enem-696x416-1-300x298.jpg",300,298,true],"mantranews-block-medium":["https:\/\/blogopara.com.br\/wp-content\/uploads\/2021\/07\/taxa-do-Enem-696x416-1-464x290.jpg",464,290,true],"mantranews-carousel-image":["https:\/\/blogopara.com.br\/wp-content\/uploads\/2021\/07\/taxa-do-Enem-696x416-1.jpg",500,298,false],"mantranews-block-thumb":["https:\/\/blogopara.com.br\/wp-content\/uploads\/2021\/07\/taxa-do-Enem-696x416-1-322x230.jpg",322,230,true],"mantranews-single-large":["https:\/\/blogopara.com.br\/wp-content\/uploads\/2021\/07\/taxa-do-Enem-696x416-1.jpg",500,298,false]},"uagb_author_info":{"display_name":"Reda\u00e7\u00e3o geral","author_link":"https:\/\/blogopara.com.br\/index.php\/author\/blogopara"},"uagb_comment_info":0,"uagb_excerpt":"O prazo de inscri\u00e7\u00e3o para o 2\u00ba semestre de 2023 do Sistema de Sele\u00e7\u00e3o Unificada (Sisu), processo seletivo para universidades p\u00fablicas,\u00a0come\u00e7a nesta segunda-feira (19)\u00a0e vai at\u00e9 as 23h59 de quinta-feira, dia 22. Para participar, o candidato deve entrar no site\u00a0https:\/\/acessounico.mec.gov.br\/sisu. \u00c9\u00a0preciso ter feito o\u00a0Enem\u00a02022, n\u00e3o ter zerado na reda\u00e7\u00e3o e n\u00e3o ter prestado o exame&hellip;","jetpack_sharing_enabled":true,"jetpack_likes_enabled":true,"_links":{"self":[{"href":"https:\/\/blogopara.com.br\/index.php\/wp-json\/wp\/v2\/posts\/53878","targetHints":{"allow":["GET"]}}],"collection":[{"href":"https:\/\/blogopara.com.br\/index.php\/wp-json\/wp\/v2\/posts"}],"about":[{"href":"https:\/\/blogopara.com.br\/index.php\/wp-json\/wp\/v2\/types\/post"}],"author":[{"embeddable":true,"href":"https:\/\/blogopara.com.br\/index.php\/wp-json\/wp\/v2\/users\/1"}],"replies":[{"embeddable":true,"href":"https:\/\/blogopara.com.br\/index.php\/wp-json\/wp\/v2\/comments?post=53878"}],"version-history":[{"count":1,"href":"https:\/\/blogopara.com.br\/index.php\/wp-json\/wp\/v2\/posts\/53878\/revisions"}],"predecessor-version":[{"id":53879,"href":"https:\/\/blogopara.com.br\/index.php\/wp-json\/wp\/v2\/posts\/53878\/revisions\/53879"}],"wp:featuredmedia":[{"embeddable":true,"href":"https:\/\/blogopara.com.br\/index.php\/wp-json\/wp\/v2\/media\/25658"}],"wp:attachment":[{"href":"https:\/\/blogopara.com.br\/index.php\/wp-json\/wp\/v2\/media?parent=53878"}],"wp:term":[{"taxonomy":"category","embeddable":true,"href":"https:\/\/blogopara.com.br\/index.php\/wp-json\/wp\/v2\/categories?post=53878"},{"taxonomy":"post_tag","embeddable":true,"href":"https:\/\/blogopara.com.br\/index.php\/wp-json\/wp\/v2\/tags?post=53878"}],"curies":[{"name":"wp","href":"https:\/\/api.w.org\/{rel}","templated":true}]}}