{"id":53884,"date":"2023-06-19T17:35:00","date_gmt":"2023-06-19T20:35:00","guid":{"rendered":"https:\/\/blogopara.com.br\/?p=53884"},"modified":"2023-06-19T11:06:58","modified_gmt":"2023-06-19T14:06:58","slug":"ataque-a-tiros-em-escola-estadual-do-parana-deixa-uma-crianca-morta-video","status":"publish","type":"post","link":"https:\/\/blogopara.com.br\/index.php\/2023\/06\/19\/ataque-a-tiros-em-escola-estadual-do-parana-deixa-uma-crianca-morta-video","title":{"rendered":"Ataque a tiros em escola estadual do Paran\u00e1 deixa uma crian\u00e7a morta; v\u00eddeo"},"content":{"rendered":"<p>Uma menina morreu e ao menos outra crian\u00e7a ficou ferida em um ataque a tiros no Col\u00e9gio Estadual Professora Helena Kolody, em Camb\u00e9, norte do Paran\u00e1. A informa\u00e7\u00e3o \u00e9 do Servi\u00e7o de Atendimento M\u00f3vel de Urg\u00eancia (Samu).<\/p>\n<div class=\"box-advertising\" data-v-7851be56=\"\">\n<div class=\"wrap lg:container lg:mx-auto\" data-v-7851be56=\"\">\n<div id=\"artigo_inread_retangulo_0\" class=\"min-h-[6.25rem] !mt-0 !mb-[0px] lg:!min-h-[16rem]\" data-v-7851be56=\"\" data-google-query-id=\"CLm4sfK_z_8CFY9E3QId3esCqw\"><span style=\"font-size: revert; color: initial;\">Atingido na cabe\u00e7a, um menino foi socorrido em estado grave e encaminhada ao Hospital Santa Casa de Miseric\u00f3rdia de Londrina. A idade das v\u00edtimas n\u00e3o havia sido divulgada at\u00e9 a \u00faltima atualiza\u00e7\u00e3o desta reportagem.<\/span><\/div>\n<\/div>\n<\/div>\n<p>A Pol\u00edcia Militar do Paran\u00e1 informou que um ex-aluno, de 21 anos, foi at\u00e9 a dire\u00e7\u00e3o do col\u00e9gio alegando que precisava de c\u00f3pias de documentos, quando come\u00e7ou a atirar. Ele foi preso.<\/p>\n<p>O governador Carlos Massa Ratinho Junior (PSD) decretou luto de tr\u00eas dias no Estado. A motiva\u00e7\u00e3o do crime n\u00e3o havia sido divulgada at\u00e9 a mais recente atualiza\u00e7\u00e3o desta reportagem.<\/p>\n<p>Fonte: O Tempo<\/p>\n","protected":false},"excerpt":{"rendered":"<p>Uma menina morreu e ao menos outra crian\u00e7a ficou ferida em um ataque a tiros no Col\u00e9gio Estadual Professora Helena Kolody, em Camb\u00e9, norte do Paran\u00e1. A informa\u00e7\u00e3o \u00e9 do Servi\u00e7o de Atendimento M\u00f3vel de Urg\u00eancia (Samu). Atingido na cabe\u00e7a, um menino foi socorrido em estado grave e encaminhada ao Hospital Santa Casa de Miseric\u00f3rdia [&hellip;]<\/p>\n","protected":false},"author":1,"featured_media":7286,"comment_status":"closed","ping_status":"open","sticky":false,"template":"","format":"standard","meta":{"_uag_custom_page_level_css":"","_monsterinsights_skip_tracking":false,"_monsterinsights_sitenote_active":false,"_monsterinsights_sitenote_note":"","_monsterinsights_sitenote_category":0,"jetpack_post_was_ever_published":false,"_jetpack_newsletter_access":"","_jetpack_dont_email_post_to_subs":false,"_jetpack_newsletter_tier_id":0,"_jetpack_memberships_contains_paywalled_content":false,"_jetpack_memberships_contains_paid_content":false,"footnotes":"","jetpack_publicize_message":"","jetpack_publicize_feature_enabled":true,"jetpack_social_post_already_shared":true,"jetpack_social_options":{"image_generator_settings":{"template":"highway","default_image_id":0,"font":"","enabled":false},"version":2}},"categories":[10104],"tags":[],"class_list":["post-53884","post","type-post","status-publish","format-standard","has-post-thumbnail","hentry","category-violencia"],"jetpack_publicize_connections":[],"jetpack_featured_media_url":"https:\/\/blogopara.com.br\/wp-content\/uploads\/2020\/02\/homicidio-violencia-e1666094574189.jpg","uagb_featured_image_src":{"full":["https:\/\/blogopara.com.br\/wp-content\/uploads\/2020\/02\/homicidio-violencia-e1666094574189.jpg",500,263,false],"thumbnail":["https:\/\/blogopara.com.br\/wp-content\/uploads\/2020\/02\/homicidio-violencia-e1528235328685-150x150.jpg",150,150,true],"medium":["https:\/\/blogopara.com.br\/wp-content\/uploads\/2020\/02\/homicidio-violencia-e1528235328685-300x158.jpg",300,158,true],"medium_large":["https:\/\/blogopara.com.br\/wp-content\/uploads\/2020\/02\/homicidio-violencia-e1666094574189.jpg",500,263,false],"large":["https:\/\/blogopara.com.br\/wp-content\/uploads\/2020\/02\/homicidio-violencia-e1666094574189.jpg",500,263,false],"1536x1536":["https:\/\/blogopara.com.br\/wp-content\/uploads\/2020\/02\/homicidio-violencia-e1666094574189.jpg",500,263,false],"2048x2048":["https:\/\/blogopara.com.br\/wp-content\/uploads\/2020\/02\/homicidio-violencia-e1666094574189.jpg",500,263,false],"mantranews-slider-large":["https:\/\/blogopara.com.br\/wp-content\/uploads\/2020\/02\/homicidio-violencia-e1666094574189.jpg",500,263,false],"mantranews-featured-medium":["https:\/\/blogopara.com.br\/wp-content\/uploads\/2020\/02\/homicidio-violencia-e1666094574189.jpg",420,221,false],"mantranews-featured-long":["https:\/\/blogopara.com.br\/wp-content\/uploads\/2020\/02\/homicidio-violencia-e1666094574189.jpg",300,158,false],"mantranews-block-medium":["https:\/\/blogopara.com.br\/wp-content\/uploads\/2020\/02\/homicidio-violencia-e1666094574189.jpg",464,244,false],"mantranews-carousel-image":["https:\/\/blogopara.com.br\/wp-content\/uploads\/2020\/02\/homicidio-violencia-e1666094574189.jpg",500,263,false],"mantranews-block-thumb":["https:\/\/blogopara.com.br\/wp-content\/uploads\/2020\/02\/homicidio-violencia-e1666094574189.jpg",322,169,false],"mantranews-single-large":["https:\/\/blogopara.com.br\/wp-content\/uploads\/2020\/02\/homicidio-violencia-e1666094574189.jpg",500,263,false]},"uagb_author_info":{"display_name":"Reda\u00e7\u00e3o geral","author_link":"https:\/\/blogopara.com.br\/index.php\/author\/blogopara"},"uagb_comment_info":0,"uagb_excerpt":"Uma menina morreu e ao menos outra crian\u00e7a ficou ferida em um ataque a tiros no Col\u00e9gio Estadual Professora Helena Kolody, em Camb\u00e9, norte do Paran\u00e1. A informa\u00e7\u00e3o \u00e9 do Servi\u00e7o de Atendimento M\u00f3vel de Urg\u00eancia (Samu). Atingido na cabe\u00e7a, um menino foi socorrido em estado grave e encaminhada ao Hospital Santa Casa de Miseric\u00f3rdia&hellip;","jetpack_sharing_enabled":true,"jetpack_likes_enabled":true,"_links":{"self":[{"href":"https:\/\/blogopara.com.br\/index.php\/wp-json\/wp\/v2\/posts\/53884","targetHints":{"allow":["GET"]}}],"collection":[{"href":"https:\/\/blogopara.com.br\/index.php\/wp-json\/wp\/v2\/posts"}],"about":[{"href":"https:\/\/blogopara.com.br\/index.php\/wp-json\/wp\/v2\/types\/post"}],"author":[{"embeddable":true,"href":"https:\/\/blogopara.com.br\/index.php\/wp-json\/wp\/v2\/users\/1"}],"replies":[{"embeddable":true,"href":"https:\/\/blogopara.com.br\/index.php\/wp-json\/wp\/v2\/comments?post=53884"}],"version-history":[{"count":2,"href":"https:\/\/blogopara.com.br\/index.php\/wp-json\/wp\/v2\/posts\/53884\/revisions"}],"predecessor-version":[{"id":53886,"href":"https:\/\/blogopara.com.br\/index.php\/wp-json\/wp\/v2\/posts\/53884\/revisions\/53886"}],"wp:featuredmedia":[{"embeddable":true,"href":"https:\/\/blogopara.com.br\/index.php\/wp-json\/wp\/v2\/media\/7286"}],"wp:attachment":[{"href":"https:\/\/blogopara.com.br\/index.php\/wp-json\/wp\/v2\/media?parent=53884"}],"wp:term":[{"taxonomy":"category","embeddable":true,"href":"https:\/\/blogopara.com.br\/index.php\/wp-json\/wp\/v2\/categories?post=53884"},{"taxonomy":"post_tag","embeddable":true,"href":"https:\/\/blogopara.com.br\/index.php\/wp-json\/wp\/v2\/tags?post=53884"}],"curies":[{"name":"wp","href":"https:\/\/api.w.org\/{rel}","templated":true}]}}