{"id":53906,"date":"2023-06-20T11:34:00","date_gmt":"2023-06-20T14:34:00","guid":{"rendered":"https:\/\/blogopara.com.br\/?p=53906"},"modified":"2023-06-19T19:01:28","modified_gmt":"2023-06-19T22:01:28","slug":"sao-joao-de-petrolina-efetividade-do-esquema-de-seguranca-proporciona-tranquilidade-ao-publico","status":"publish","type":"post","link":"https:\/\/blogopara.com.br\/index.php\/2023\/06\/20\/sao-joao-de-petrolina-efetividade-do-esquema-de-seguranca-proporciona-tranquilidade-ao-publico","title":{"rendered":"S\u00e3o Jo\u00e3o de Petrolina: efetividade do esquema de seguran\u00e7a proporciona tranquilidade ao p\u00fablico"},"content":{"rendered":"<p class=\"xmsonormal\" style=\"text-align: justify;\"><span class=\"xcontentpasted0\">Os tr\u00eas primeiros dias do S\u00e3o Jo\u00e3o de Petrolina transcorreram sem maiores intercorr\u00eancias em rela\u00e7\u00e3o a seguran\u00e7a. A Secretaria Executiva de Seguran\u00e7a P\u00fablica divulgou, nesta segunda-feira (19), um balan\u00e7o das ocorr\u00eancias durante os dias da festa junina e nenhum fato mais grave foi registrado. \u00a0<\/span><\/p>\n<p style=\"text-align: justify;\">\n<p class=\"xmsonormal\" style=\"text-align: justify;\"><span class=\"xcontentpasted0\">A Guarda Civil Municipal (GCM) realizou mais de 80 abordagens em pessoas em atitude suspeita, 10 media\u00e7\u00e3o de conflitos e registro de tr\u00eas celulares roubados. N\u00e3o houve nenhuma deten\u00e7\u00e3o. Esse \u00e9 o resultado da grande efetividade do esquema de seguran\u00e7a, fruto de planejamento e a\u00e7\u00e3o integrada de todos os \u00f3rg\u00e3os, para garantir uma experi\u00eancia positiva ao p\u00fablico que prestigia as atra\u00e7\u00f5es no P\u00e1tio Ana das Carrancas. \u00a0<\/span><\/p>\n<p class=\"xmsonormal\" style=\"text-align: justify;\"><span class=\"xcontentpasted0\">\u201cA operacionaliza\u00e7\u00e3o do plano de seguran\u00e7a inclui recursos humanos e tecnol\u00f3gicos, para cobertura de cada espa\u00e7o do evento e suas adjac\u00eancias. Seguindo a orienta\u00e7\u00e3o do prefeito Sim\u00e3o Durando estamos realizando patrulhamentos preventivos, observa\u00e7\u00e3o estrat\u00e9gica em postos elevados, monitoramento, em tempo real, das imagens captadas pelas diversas c\u00e2meras\u201d, enfatizou o secret\u00e1rio executivo de Seguran\u00e7a P\u00fablica, Luiz Cl\u00e1udio. \u00a0<\/span><\/p>\n<div class=\"google-auto-placed ap_container\">\n<p class=\"xmsonormal\" style=\"text-align: justify;\"><span class=\"xcontentpasted0\">Para os pr\u00f3ximos dias de programa\u00e7\u00e3o, o secret\u00e1rio enfatiza que as equipes est\u00e3o preparadas para atuar em prol da tranquilidade do evento. &#8220;Estamos cada dia mais preparados e atentos para atuar com assertividade, tamb\u00e9m, de maneira que mantenhamos a tranquilidade com a qual vem ocorrendo essa grande festa&#8221;, afirma Silvio Prado.\u00a0<\/span><\/p>\n<p class=\"xmsonormal\" style=\"text-align: justify;\"><span class=\"xcontentpasted0\">O S\u00e3o Jo\u00e3o de Petrolina conta com o importante apoio das Pol\u00edcias Militar (PM), Civil (PC), Rodovi\u00e1ria Federal (PRF); Corpo de Bombeiros; o Servi\u00e7o de Atendimento M\u00f3vel de Urg\u00eancia (SAMU); Autarquia Municipal de Mobilidade de Petrolina (AMMPLA) e Ag\u00eancia Municipal de Vigil\u00e2ncia Sanit\u00e1ria. \u00a0<\/span><\/p>\n<\/div>\n","protected":false},"excerpt":{"rendered":"<p>Os tr\u00eas primeiros dias do S\u00e3o Jo\u00e3o de Petrolina transcorreram sem maiores intercorr\u00eancias em rela\u00e7\u00e3o a seguran\u00e7a. A Secretaria Executiva de Seguran\u00e7a P\u00fablica divulgou, nesta segunda-feira (19), um balan\u00e7o das ocorr\u00eancias durante os dias da festa junina e nenhum fato mais grave foi registrado. \u00a0 A Guarda Civil Municipal (GCM) realizou mais de 80 abordagens [&hellip;]<\/p>\n","protected":false},"author":1,"featured_media":53907,"comment_status":"closed","ping_status":"open","sticky":false,"template":"","format":"standard","meta":{"_uag_custom_page_level_css":"","_monsterinsights_skip_tracking":false,"_monsterinsights_sitenote_active":false,"_monsterinsights_sitenote_note":"","_monsterinsights_sitenote_category":0,"jetpack_post_was_ever_published":false,"_jetpack_newsletter_access":"","_jetpack_dont_email_post_to_subs":false,"_jetpack_newsletter_tier_id":0,"_jetpack_memberships_contains_paywalled_content":false,"_jetpack_memberships_contains_paid_content":false,"footnotes":"","jetpack_publicize_message":"","jetpack_publicize_feature_enabled":true,"jetpack_social_post_already_shared":true,"jetpack_social_options":{"image_generator_settings":{"template":"highway","default_image_id":0,"font":"","enabled":false},"version":2}},"categories":[851,1623],"tags":[],"class_list":["post-53906","post","type-post","status-publish","format-standard","has-post-thumbnail","hentry","category-petrolina","category-seguranca-publica"],"jetpack_publicize_connections":[],"jetpack_featured_media_url":"https:\/\/blogopara.com.br\/wp-content\/uploads\/2023\/06\/Deivid-Menezes-Seguranca-Sao-Joao-Petrolina-5.jpeg","uagb_featured_image_src":{"full":["https:\/\/blogopara.com.br\/wp-content\/uploads\/2023\/06\/Deivid-Menezes-Seguranca-Sao-Joao-Petrolina-5.jpeg",500,332,false],"thumbnail":["https:\/\/blogopara.com.br\/wp-content\/uploads\/2023\/06\/Deivid-Menezes-Seguranca-Sao-Joao-Petrolina-5-150x150.jpeg",150,150,true],"medium":["https:\/\/blogopara.com.br\/wp-content\/uploads\/2023\/06\/Deivid-Menezes-Seguranca-Sao-Joao-Petrolina-5-300x199.jpeg",300,199,true],"medium_large":["https:\/\/blogopara.com.br\/wp-content\/uploads\/2023\/06\/Deivid-Menezes-Seguranca-Sao-Joao-Petrolina-5.jpeg",500,332,false],"large":["https:\/\/blogopara.com.br\/wp-content\/uploads\/2023\/06\/Deivid-Menezes-Seguranca-Sao-Joao-Petrolina-5.jpeg",500,332,false],"1536x1536":["https:\/\/blogopara.com.br\/wp-content\/uploads\/2023\/06\/Deivid-Menezes-Seguranca-Sao-Joao-Petrolina-5.jpeg",500,332,false],"2048x2048":["https:\/\/blogopara.com.br\/wp-content\/uploads\/2023\/06\/Deivid-Menezes-Seguranca-Sao-Joao-Petrolina-5.jpeg",500,332,false],"mantranews-slider-large":["https:\/\/blogopara.com.br\/wp-content\/uploads\/2023\/06\/Deivid-Menezes-Seguranca-Sao-Joao-Petrolina-5.jpeg",500,332,false],"mantranews-featured-medium":["https:\/\/blogopara.com.br\/wp-content\/uploads\/2023\/06\/Deivid-Menezes-Seguranca-Sao-Joao-Petrolina-5-420x307.jpeg",420,307,true],"mantranews-featured-long":["https:\/\/blogopara.com.br\/wp-content\/uploads\/2023\/06\/Deivid-Menezes-Seguranca-Sao-Joao-Petrolina-5-300x332.jpeg",300,332,true],"mantranews-block-medium":["https:\/\/blogopara.com.br\/wp-content\/uploads\/2023\/06\/Deivid-Menezes-Seguranca-Sao-Joao-Petrolina-5-464x290.jpeg",464,290,true],"mantranews-carousel-image":["https:\/\/blogopara.com.br\/wp-content\/uploads\/2023\/06\/Deivid-Menezes-Seguranca-Sao-Joao-Petrolina-5.jpeg",500,332,false],"mantranews-block-thumb":["https:\/\/blogopara.com.br\/wp-content\/uploads\/2023\/06\/Deivid-Menezes-Seguranca-Sao-Joao-Petrolina-5-322x230.jpeg",322,230,true],"mantranews-single-large":["https:\/\/blogopara.com.br\/wp-content\/uploads\/2023\/06\/Deivid-Menezes-Seguranca-Sao-Joao-Petrolina-5.jpeg",500,332,false]},"uagb_author_info":{"display_name":"Reda\u00e7\u00e3o geral","author_link":"https:\/\/blogopara.com.br\/index.php\/author\/blogopara"},"uagb_comment_info":0,"uagb_excerpt":"Os tr\u00eas primeiros dias do S\u00e3o Jo\u00e3o de Petrolina transcorreram sem maiores intercorr\u00eancias em rela\u00e7\u00e3o a seguran\u00e7a. A Secretaria Executiva de Seguran\u00e7a P\u00fablica divulgou, nesta segunda-feira (19), um balan\u00e7o das ocorr\u00eancias durante os dias da festa junina e nenhum fato mais grave foi registrado. \u00a0 A Guarda Civil Municipal (GCM) realizou mais de 80 abordagens&hellip;","jetpack_sharing_enabled":true,"jetpack_likes_enabled":true,"_links":{"self":[{"href":"https:\/\/blogopara.com.br\/index.php\/wp-json\/wp\/v2\/posts\/53906","targetHints":{"allow":["GET"]}}],"collection":[{"href":"https:\/\/blogopara.com.br\/index.php\/wp-json\/wp\/v2\/posts"}],"about":[{"href":"https:\/\/blogopara.com.br\/index.php\/wp-json\/wp\/v2\/types\/post"}],"author":[{"embeddable":true,"href":"https:\/\/blogopara.com.br\/index.php\/wp-json\/wp\/v2\/users\/1"}],"replies":[{"embeddable":true,"href":"https:\/\/blogopara.com.br\/index.php\/wp-json\/wp\/v2\/comments?post=53906"}],"version-history":[{"count":1,"href":"https:\/\/blogopara.com.br\/index.php\/wp-json\/wp\/v2\/posts\/53906\/revisions"}],"predecessor-version":[{"id":53908,"href":"https:\/\/blogopara.com.br\/index.php\/wp-json\/wp\/v2\/posts\/53906\/revisions\/53908"}],"wp:featuredmedia":[{"embeddable":true,"href":"https:\/\/blogopara.com.br\/index.php\/wp-json\/wp\/v2\/media\/53907"}],"wp:attachment":[{"href":"https:\/\/blogopara.com.br\/index.php\/wp-json\/wp\/v2\/media?parent=53906"}],"wp:term":[{"taxonomy":"category","embeddable":true,"href":"https:\/\/blogopara.com.br\/index.php\/wp-json\/wp\/v2\/categories?post=53906"},{"taxonomy":"post_tag","embeddable":true,"href":"https:\/\/blogopara.com.br\/index.php\/wp-json\/wp\/v2\/tags?post=53906"}],"curies":[{"name":"wp","href":"https:\/\/api.w.org\/{rel}","templated":true}]}}