{"id":53910,"date":"2023-06-20T12:26:00","date_gmt":"2023-06-20T15:26:00","guid":{"rendered":"https:\/\/blogopara.com.br\/?p=53910"},"modified":"2023-06-19T19:10:37","modified_gmt":"2023-06-19T22:10:37","slug":"governo-da-bahia-anuncia-convocacao-de-candidatos-excedentes-dos-concursos-publicos-da-policia-civil-e-policia-militar","status":"publish","type":"post","link":"https:\/\/blogopara.com.br\/index.php\/2023\/06\/20\/governo-da-bahia-anuncia-convocacao-de-candidatos-excedentes-dos-concursos-publicos-da-policia-civil-e-policia-militar","title":{"rendered":"Governo da Bahia anuncia convoca\u00e7\u00e3o de candidatos excedentes dos concursos p\u00fablicos da Pol\u00edcia Civil e Pol\u00edcia Militar"},"content":{"rendered":"<div id=\"chunk-fpb65\">\n<div class=\"mc-column content-text active-extra-styles \" data-block-type=\"unstyled\" data-block-weight=\"31\" data-block-id=\"3\">\n<p class=\"content-text__container \" style=\"text-align: justify;\" data-track-category=\"Link no Texto\" data-track-links=\"\">O Governo da Bahia, por meio da Secretaria da Administra\u00e7\u00e3o (Saeb), anunciou a convoca\u00e7\u00e3o de 388 candidatos excedentes habilitados no concurso p\u00fablico para o provimento de cargos na Pol\u00edcia Civil.<\/p>\n<\/div>\n<\/div>\n<div class=\"wall protected-content\">\n<div id=\"chunk-87r9t\" style=\"text-align: justify;\">\n<div class=\"mc-column content-text active-extra-styles \" data-block-type=\"unstyled\" data-block-weight=\"36\" data-block-id=\"4\">\n<p class=\"content-text__container \" data-track-category=\"Link no Texto\" data-track-links=\"\">O governador Jer\u00f4nimo Rodrigues (PT) autorizou a convoca\u00e7\u00e3o de 128 delegados e 260 investigadores de pol\u00edcia. Al\u00e9m disso, foram 47 convocados candidatos excedentes do Curso de Forma\u00e7\u00e3o de Oficiais 2022 da Pol\u00edcia Militar da Bahia.<\/p>\n<\/div>\n<\/div>\n<div id=\"chunk-88b5s\">\n<div class=\"mc-column content-text active-extra-styles \" data-block-type=\"unstyled\" data-block-weight=\"47\" data-block-id=\"5\">\n<p class=\"content-text__container \" style=\"text-align: justify;\" data-track-category=\"Link no Texto\" data-track-links=\"\">A convoca\u00e7\u00e3o dos excedentes tem como objetivo ampliar o quadro de efetivo na Seguran\u00e7a P\u00fablica do Estado, em cumprimento aos Projetos de Lei 24.876 e 24.868 aprovados em maio deste ano, que projetam, respectivamente, reestrutura\u00e7\u00f5es organizacionais da Secretaria de Seguran\u00e7a P\u00fablica (SSP) e da Pol\u00edcia Civil.<\/p>\n<\/div>\n<\/div>\n<\/div>\n","protected":false},"excerpt":{"rendered":"<p>O Governo da Bahia, por meio da Secretaria da Administra\u00e7\u00e3o (Saeb), anunciou a convoca\u00e7\u00e3o de 388 candidatos excedentes habilitados no concurso p\u00fablico para o provimento de cargos na Pol\u00edcia Civil. O governador Jer\u00f4nimo Rodrigues (PT) autorizou a convoca\u00e7\u00e3o de 128 delegados e 260 investigadores de pol\u00edcia. Al\u00e9m disso, foram 47 convocados candidatos excedentes do Curso [&hellip;]<\/p>\n","protected":false},"author":1,"featured_media":11355,"comment_status":"closed","ping_status":"open","sticky":false,"template":"","format":"standard","meta":{"_uag_custom_page_level_css":"","_monsterinsights_skip_tracking":false,"_monsterinsights_sitenote_active":false,"_monsterinsights_sitenote_note":"","_monsterinsights_sitenote_category":0,"jetpack_post_was_ever_published":false,"_jetpack_newsletter_access":"","_jetpack_dont_email_post_to_subs":false,"_jetpack_newsletter_tier_id":0,"_jetpack_memberships_contains_paywalled_content":false,"_jetpack_memberships_contains_paid_content":false,"footnotes":"","jetpack_publicize_message":"","jetpack_publicize_feature_enabled":true,"jetpack_social_post_already_shared":true,"jetpack_social_options":{"image_generator_settings":{"template":"highway","default_image_id":0,"font":"","enabled":false},"version":2}},"categories":[203],"tags":[],"class_list":["post-53910","post","type-post","status-publish","format-standard","has-post-thumbnail","hentry","category-juazeiro"],"jetpack_publicize_connections":[],"jetpack_featured_media_url":"https:\/\/blogopara.com.br\/wp-content\/uploads\/2020\/06\/1570566085policia-militar-pm-bahia-750x422-2.jpg","uagb_featured_image_src":{"full":["https:\/\/blogopara.com.br\/wp-content\/uploads\/2020\/06\/1570566085policia-militar-pm-bahia-750x422-2.jpg",500,281,false],"thumbnail":["https:\/\/blogopara.com.br\/wp-content\/uploads\/2020\/06\/1570566085policia-militar-pm-bahia-750x422-2-150x150.jpg",150,150,true],"medium":["https:\/\/blogopara.com.br\/wp-content\/uploads\/2020\/06\/1570566085policia-militar-pm-bahia-750x422-2-300x169.jpg",300,169,true],"medium_large":["https:\/\/blogopara.com.br\/wp-content\/uploads\/2020\/06\/1570566085policia-militar-pm-bahia-750x422-2.jpg",500,281,false],"large":["https:\/\/blogopara.com.br\/wp-content\/uploads\/2020\/06\/1570566085policia-militar-pm-bahia-750x422-2.jpg",500,281,false],"1536x1536":["https:\/\/blogopara.com.br\/wp-content\/uploads\/2020\/06\/1570566085policia-militar-pm-bahia-750x422-2.jpg",500,281,false],"2048x2048":["https:\/\/blogopara.com.br\/wp-content\/uploads\/2020\/06\/1570566085policia-militar-pm-bahia-750x422-2.jpg",500,281,false],"mantranews-slider-large":["https:\/\/blogopara.com.br\/wp-content\/uploads\/2020\/06\/1570566085policia-militar-pm-bahia-750x422-2.jpg",500,281,false],"mantranews-featured-medium":["https:\/\/blogopara.com.br\/wp-content\/uploads\/2020\/06\/1570566085policia-militar-pm-bahia-750x422-2-420x281.jpg",420,281,true],"mantranews-featured-long":["https:\/\/blogopara.com.br\/wp-content\/uploads\/2020\/06\/1570566085policia-militar-pm-bahia-750x422-2-300x281.jpg",300,281,true],"mantranews-block-medium":["https:\/\/blogopara.com.br\/wp-content\/uploads\/2020\/06\/1570566085policia-militar-pm-bahia-750x422-2-464x281.jpg",464,281,true],"mantranews-carousel-image":["https:\/\/blogopara.com.br\/wp-content\/uploads\/2020\/06\/1570566085policia-militar-pm-bahia-750x422-2.jpg",500,281,false],"mantranews-block-thumb":["https:\/\/blogopara.com.br\/wp-content\/uploads\/2020\/06\/1570566085policia-militar-pm-bahia-750x422-2.jpg",322,181,false],"mantranews-single-large":["https:\/\/blogopara.com.br\/wp-content\/uploads\/2020\/06\/1570566085policia-militar-pm-bahia-750x422-2.jpg",500,281,false]},"uagb_author_info":{"display_name":"Reda\u00e7\u00e3o geral","author_link":"https:\/\/blogopara.com.br\/index.php\/author\/blogopara"},"uagb_comment_info":0,"uagb_excerpt":"O Governo da Bahia, por meio da Secretaria da Administra\u00e7\u00e3o (Saeb), anunciou a convoca\u00e7\u00e3o de 388 candidatos excedentes habilitados no concurso p\u00fablico para o provimento de cargos na Pol\u00edcia Civil. O governador Jer\u00f4nimo Rodrigues (PT) autorizou a convoca\u00e7\u00e3o de 128 delegados e 260 investigadores de pol\u00edcia. Al\u00e9m disso, foram 47 convocados candidatos excedentes do Curso&hellip;","jetpack_sharing_enabled":true,"jetpack_likes_enabled":true,"_links":{"self":[{"href":"https:\/\/blogopara.com.br\/index.php\/wp-json\/wp\/v2\/posts\/53910","targetHints":{"allow":["GET"]}}],"collection":[{"href":"https:\/\/blogopara.com.br\/index.php\/wp-json\/wp\/v2\/posts"}],"about":[{"href":"https:\/\/blogopara.com.br\/index.php\/wp-json\/wp\/v2\/types\/post"}],"author":[{"embeddable":true,"href":"https:\/\/blogopara.com.br\/index.php\/wp-json\/wp\/v2\/users\/1"}],"replies":[{"embeddable":true,"href":"https:\/\/blogopara.com.br\/index.php\/wp-json\/wp\/v2\/comments?post=53910"}],"version-history":[{"count":1,"href":"https:\/\/blogopara.com.br\/index.php\/wp-json\/wp\/v2\/posts\/53910\/revisions"}],"predecessor-version":[{"id":53911,"href":"https:\/\/blogopara.com.br\/index.php\/wp-json\/wp\/v2\/posts\/53910\/revisions\/53911"}],"wp:featuredmedia":[{"embeddable":true,"href":"https:\/\/blogopara.com.br\/index.php\/wp-json\/wp\/v2\/media\/11355"}],"wp:attachment":[{"href":"https:\/\/blogopara.com.br\/index.php\/wp-json\/wp\/v2\/media?parent=53910"}],"wp:term":[{"taxonomy":"category","embeddable":true,"href":"https:\/\/blogopara.com.br\/index.php\/wp-json\/wp\/v2\/categories?post=53910"},{"taxonomy":"post_tag","embeddable":true,"href":"https:\/\/blogopara.com.br\/index.php\/wp-json\/wp\/v2\/tags?post=53910"}],"curies":[{"name":"wp","href":"https:\/\/api.w.org\/{rel}","templated":true}]}}