{"id":53959,"date":"2023-06-21T18:29:00","date_gmt":"2023-06-21T21:29:00","guid":{"rendered":"https:\/\/blogopara.com.br\/?p=53959"},"modified":"2023-06-20T19:33:54","modified_gmt":"2023-06-20T22:33:54","slug":"prefeitura-de-juazeiro-intensifica-fiscalizacao-no-transito-apos-suspensao-da-zona-azul","status":"publish","type":"post","link":"https:\/\/blogopara.com.br\/index.php\/2023\/06\/21\/prefeitura-de-juazeiro-intensifica-fiscalizacao-no-transito-apos-suspensao-da-zona-azul","title":{"rendered":"Prefeitura de Juazeiro intensifica fiscaliza\u00e7\u00e3o no tr\u00e2nsito ap\u00f3s suspens\u00e3o da Zona Azul"},"content":{"rendered":"<p dir=\"ltr\">A Prefeitura de Juazeiro, atrav\u00e9s da Companhia de Seguran\u00e7a, Tr\u00e2nsito e Transporte (CSTT), intensificou a fiscaliza\u00e7\u00e3o para assegurar o ordenamento do tr\u00e2nsito ap\u00f3s a suspens\u00e3o tempor\u00e1ria da Zona Azul.<\/p>\n<p dir=\"ltr\">Nesta segunda-feira (19) as equipes estiveram presentes na Pra\u00e7a da Miseric\u00f3rdia e na Pra\u00e7a Bar\u00e3o do Rio Branco com abordagem educativa, na ter\u00e7a-feira(20) a equipe de fiscaliza\u00e7\u00e3o esteve na Pra\u00e7a do Jacar\u00e9 e na Orla da cidade.<\/p>\n<p dir=\"ltr\">O diretor presidente da CSTT, Ten\u00f3rio Filho, ressalta a import\u00e2ncia das a\u00e7\u00f5es educativas e de fiscaliza\u00e7\u00e3o. \u201cA suspens\u00e3o da Zona Azul est\u00e1 agradando os condutores, no entanto \u00e9 preciso que os motoristas observem as regras de sinaliza\u00e7\u00e3o para que o tr\u00e2nsito permane\u00e7a ordenado. Al\u00e9m da a\u00e7\u00e3o educativa, a equipe de fiscaliza\u00e7\u00e3o da CSTT est\u00e1 redobrada para garantir a mobilidade dos pedestres e o bom funcionamento do tr\u00e2nsito\u201d, disse Ten\u00f3rio Filho.<\/p>\n<p dir=\"ltr\">As blitz educativas, que contam com a participa\u00e7\u00e3o do palha\u00e7o Pouquinho, est\u00e3o levando orienta\u00e7\u00f5es de seguran\u00e7a, alertando para as regras de tr\u00e2nsito e para que sejam respeitadas as vagas destinadas para idosos e pessoas com defici\u00eancia.<\/p>\n<p dir=\"ltr\">Suspens\u00e3o da Zona Azul<\/p>\n<p dir=\"ltr\">A suspens\u00e3o preventiva da empresa Sinalvida Juazeiro Solu\u00e7\u00f5es Vi\u00e1ria SPE\/SA, respons\u00e1vel pela operacionaliza\u00e7\u00e3o da Zona Azul, iniciou no dia 14 de junho. A decis\u00e3o foi publicada na edi\u00e7\u00e3o do Di\u00e1rio Oficial da CSTT do dia 13, e se deu devido a instaura\u00e7\u00e3o de processo administrativo contra a empresa em raz\u00e3o de irregularidades na presta\u00e7\u00e3o de servi\u00e7o \u00e0 popula\u00e7\u00e3o. A suspens\u00e3o preventiva acontecer\u00e1 pelo per\u00edodo de 30 dias, prazo de tramita\u00e7\u00e3o do processo e logo ap\u00f3s ser\u00e1 comunicada a decis\u00e3o final.<\/p>\n","protected":false},"excerpt":{"rendered":"<p>A Prefeitura de Juazeiro, atrav\u00e9s da Companhia de Seguran\u00e7a, Tr\u00e2nsito e Transporte (CSTT), intensificou a fiscaliza\u00e7\u00e3o para assegurar o ordenamento do tr\u00e2nsito ap\u00f3s a suspens\u00e3o tempor\u00e1ria da Zona Azul. Nesta segunda-feira (19) as equipes estiveram presentes na Pra\u00e7a da Miseric\u00f3rdia e na Pra\u00e7a Bar\u00e3o do Rio Branco com abordagem educativa, na ter\u00e7a-feira(20) a equipe de [&hellip;]<\/p>\n","protected":false},"author":1,"featured_media":53960,"comment_status":"closed","ping_status":"open","sticky":false,"template":"","format":"standard","meta":{"_uag_custom_page_level_css":"","_monsterinsights_skip_tracking":false,"_monsterinsights_sitenote_active":false,"_monsterinsights_sitenote_note":"","_monsterinsights_sitenote_category":0,"jetpack_post_was_ever_published":false,"_jetpack_newsletter_access":"","_jetpack_dont_email_post_to_subs":false,"_jetpack_newsletter_tier_id":0,"_jetpack_memberships_contains_paywalled_content":false,"_jetpack_memberships_contains_paid_content":false,"footnotes":"","jetpack_publicize_message":"","jetpack_publicize_feature_enabled":true,"jetpack_social_post_already_shared":true,"jetpack_social_options":{"image_generator_settings":{"template":"highway","default_image_id":0,"font":"","enabled":false},"version":2}},"categories":[203],"tags":[],"class_list":["post-53959","post","type-post","status-publish","format-standard","has-post-thumbnail","hentry","category-juazeiro"],"jetpack_publicize_connections":[],"jetpack_featured_media_url":"https:\/\/blogopara.com.br\/wp-content\/uploads\/2023\/06\/thumbnail_52988880570_eeaa0de33d_k.jpg","uagb_featured_image_src":{"full":["https:\/\/blogopara.com.br\/wp-content\/uploads\/2023\/06\/thumbnail_52988880570_eeaa0de33d_k.jpg",500,333,false],"thumbnail":["https:\/\/blogopara.com.br\/wp-content\/uploads\/2023\/06\/thumbnail_52988880570_eeaa0de33d_k-150x150.jpg",150,150,true],"medium":["https:\/\/blogopara.com.br\/wp-content\/uploads\/2023\/06\/thumbnail_52988880570_eeaa0de33d_k-300x200.jpg",300,200,true],"medium_large":["https:\/\/blogopara.com.br\/wp-content\/uploads\/2023\/06\/thumbnail_52988880570_eeaa0de33d_k.jpg",500,333,false],"large":["https:\/\/blogopara.com.br\/wp-content\/uploads\/2023\/06\/thumbnail_52988880570_eeaa0de33d_k.jpg",500,333,false],"1536x1536":["https:\/\/blogopara.com.br\/wp-content\/uploads\/2023\/06\/thumbnail_52988880570_eeaa0de33d_k.jpg",500,333,false],"2048x2048":["https:\/\/blogopara.com.br\/wp-content\/uploads\/2023\/06\/thumbnail_52988880570_eeaa0de33d_k.jpg",500,333,false],"mantranews-slider-large":["https:\/\/blogopara.com.br\/wp-content\/uploads\/2023\/06\/thumbnail_52988880570_eeaa0de33d_k.jpg",500,333,false],"mantranews-featured-medium":["https:\/\/blogopara.com.br\/wp-content\/uploads\/2023\/06\/thumbnail_52988880570_eeaa0de33d_k-420x307.jpg",420,307,true],"mantranews-featured-long":["https:\/\/blogopara.com.br\/wp-content\/uploads\/2023\/06\/thumbnail_52988880570_eeaa0de33d_k-300x333.jpg",300,333,true],"mantranews-block-medium":["https:\/\/blogopara.com.br\/wp-content\/uploads\/2023\/06\/thumbnail_52988880570_eeaa0de33d_k-464x290.jpg",464,290,true],"mantranews-carousel-image":["https:\/\/blogopara.com.br\/wp-content\/uploads\/2023\/06\/thumbnail_52988880570_eeaa0de33d_k.jpg",500,333,false],"mantranews-block-thumb":["https:\/\/blogopara.com.br\/wp-content\/uploads\/2023\/06\/thumbnail_52988880570_eeaa0de33d_k-322x230.jpg",322,230,true],"mantranews-single-large":["https:\/\/blogopara.com.br\/wp-content\/uploads\/2023\/06\/thumbnail_52988880570_eeaa0de33d_k.jpg",500,333,false]},"uagb_author_info":{"display_name":"Reda\u00e7\u00e3o geral","author_link":"https:\/\/blogopara.com.br\/index.php\/author\/blogopara"},"uagb_comment_info":0,"uagb_excerpt":"A Prefeitura de Juazeiro, atrav\u00e9s da Companhia de Seguran\u00e7a, Tr\u00e2nsito e Transporte (CSTT), intensificou a fiscaliza\u00e7\u00e3o para assegurar o ordenamento do tr\u00e2nsito ap\u00f3s a suspens\u00e3o tempor\u00e1ria da Zona Azul. Nesta segunda-feira (19) as equipes estiveram presentes na Pra\u00e7a da Miseric\u00f3rdia e na Pra\u00e7a Bar\u00e3o do Rio Branco com abordagem educativa, na ter\u00e7a-feira(20) a equipe de&hellip;","jetpack_sharing_enabled":true,"jetpack_likes_enabled":true,"_links":{"self":[{"href":"https:\/\/blogopara.com.br\/index.php\/wp-json\/wp\/v2\/posts\/53959","targetHints":{"allow":["GET"]}}],"collection":[{"href":"https:\/\/blogopara.com.br\/index.php\/wp-json\/wp\/v2\/posts"}],"about":[{"href":"https:\/\/blogopara.com.br\/index.php\/wp-json\/wp\/v2\/types\/post"}],"author":[{"embeddable":true,"href":"https:\/\/blogopara.com.br\/index.php\/wp-json\/wp\/v2\/users\/1"}],"replies":[{"embeddable":true,"href":"https:\/\/blogopara.com.br\/index.php\/wp-json\/wp\/v2\/comments?post=53959"}],"version-history":[{"count":1,"href":"https:\/\/blogopara.com.br\/index.php\/wp-json\/wp\/v2\/posts\/53959\/revisions"}],"predecessor-version":[{"id":53961,"href":"https:\/\/blogopara.com.br\/index.php\/wp-json\/wp\/v2\/posts\/53959\/revisions\/53961"}],"wp:featuredmedia":[{"embeddable":true,"href":"https:\/\/blogopara.com.br\/index.php\/wp-json\/wp\/v2\/media\/53960"}],"wp:attachment":[{"href":"https:\/\/blogopara.com.br\/index.php\/wp-json\/wp\/v2\/media?parent=53959"}],"wp:term":[{"taxonomy":"category","embeddable":true,"href":"https:\/\/blogopara.com.br\/index.php\/wp-json\/wp\/v2\/categories?post=53959"},{"taxonomy":"post_tag","embeddable":true,"href":"https:\/\/blogopara.com.br\/index.php\/wp-json\/wp\/v2\/tags?post=53959"}],"curies":[{"name":"wp","href":"https:\/\/api.w.org\/{rel}","templated":true}]}}