{"id":53973,"date":"2023-06-22T08:41:00","date_gmt":"2023-06-22T11:41:00","guid":{"rendered":"https:\/\/blogopara.com.br\/?p=53973"},"modified":"2023-06-21T13:44:24","modified_gmt":"2023-06-21T16:44:24","slug":"ginastas-baianas-sao-convocadas-para-representar-o-brasil-no-campeonato-mundial-juvenil-de-ginastica-ritmica","status":"publish","type":"post","link":"https:\/\/blogopara.com.br\/index.php\/2023\/06\/22\/ginastas-baianas-sao-convocadas-para-representar-o-brasil-no-campeonato-mundial-juvenil-de-ginastica-ritmica","title":{"rendered":"Ginastas baianas s\u00e3o convocadas para representar o Brasil no Campeonato Mundial Juvenil de Gin\u00e1stica R\u00edtmica"},"content":{"rendered":"<p class=\"xmsonormal\" style=\"text-align: justify;\"><span class=\"xcontentpasted0\">As ginastas baianas Keila Santos e Maria Paula Caminha, ambas de 15 anos, foram convocadas para representar a delega\u00e7\u00e3o brasileira de gin\u00e1stica r\u00edtmica nas varia\u00e7\u00f5es individual e conjunto, respectivamente, no Campeonato Mundial Juvenil de Gin\u00e1stica R\u00edtmica, previsto para 07 a 09 de julho, na cidade de Cluj-Napoca, na Rom\u00eania. Elas v\u00eam de bons resultados representando o Brasil no Campeonato Pan-Americano da modalidade entre 7 a 13 de junho, em Guadalajara, no M\u00e9xico.\u00a0<\/span><\/p>\n<p class=\"xmsonormal\" style=\"text-align: justify;\"><span class=\"xcontentpasted0\">Contemplada pelo programa de incentivo do Governo do Estado, FazAtleta, Keila conquistou a medalha de bronze nas provas de arco e equipe, al\u00e9m de chegar em 4\u00ba lugar na bola, em que quase subiu ao p\u00f3dio, e nas ma\u00e7as. Para completar, ficou com o 5\u00ba lugar nas fitas. Com estes resultados, terminou tamb\u00e9m em 5\u00ba lugar no geral, somando todas as pontua\u00e7\u00f5es, como a melhor brasileira da categoria juvenil individual.\u00a0<\/span><\/p>\n<p id=\"geom_inter_1687307541575_58_17\" class=\"xmsonormal\" style=\"text-align: justify;\"><span id=\"geom_inter_1687307541575_71_16\"><span class=\"xcontentpasted0\">J\u00e1 Maria Paula, que faz parte da equipe de conjuntos com mais quatro meninas, consagrou-se campe\u00e3 nas provas de bola e geral, nas quais competiu. De acordo a t\u00e9cnica, Joseane Coelho, que as acompanha e faz parte do quadro t\u00e9cnico da Federa\u00e7\u00e3o Baiana de Gin\u00e1stica (FBG), essas conquistas s\u00f3 foram poss\u00edveis gra\u00e7as aos apoios da FBG e da Superintend\u00eancia dos Desportos do Estado da Bahia (Sudesb), autarquia da Secretaria do Trabalho, Emprego, Renda e Esporte (Setre), com a concess\u00e3o de passagens a\u00e9reas antes de incorporarem a equipe brasileira.\u00a0<\/span><\/span><\/p>\n<div class=\"google-auto-placed ap_container\" style=\"text-align: justify;\"><ins class=\"adsbygoogle adsbygoogle-noablate\" data-ad-format=\"auto\" data-ad-client=\"ca-pub-3187545117466394\" data-adsbygoogle-status=\"done\" data-ad-status=\"unfilled\"><\/p>\n<div id=\"aswift_3_host\" tabindex=\"0\" title=\"Advertisement\" aria-label=\"Advertisement\"><iframe loading=\"lazy\" id=\"aswift_3\" src=\"https:\/\/googleads.g.doubleclick.net\/pagead\/ads?client=ca-pub-3187545117466394&amp;output=html&amp;h=280&amp;adk=1404605709&amp;adf=1447483824&amp;pi=t.aa~a.289897897~i.15~rp.4&amp;w=640&amp;fwrn=4&amp;fwrnh=100&amp;lmt=1687322693&amp;num_ads=1&amp;rafmt=1&amp;armr=3&amp;sem=mc&amp;pwprc=7709801406&amp;ad_type=text_image&amp;format=640x280&amp;url=https%3A%2F%2Fvaleemfoco18.blogspot.com%2F2023%2F06%2Fginastas-baianas-sao-convocadas-para.html&amp;host=ca-host-pub-1556223355139109&amp;fwr=0&amp;pra=3&amp;rh=160&amp;rw=640&amp;rpe=1&amp;resp_fmts=3&amp;wgl=1&amp;fa=27&amp;adsid=ChAI8L_KpAYQ_PmD8_nLkqBPEj0AJQBTLkZzy3qb7pBwcovofuDptg1u7X79TG5MMe1u1de1W951pExzcrUV3L7fvi3VFHlepK6_Y9Ehc9TW&amp;uach=WyJXaW5kb3dzIiwiMTAuMC4wIiwieDg2IiwiIiwiMTE0LjAuNTczNS4xMzQiLFtdLDAsbnVsbCwiNjQiLFtbIk5vdC5BL0JyYW5kIiwiOC4wLjAuMCJdLFsiQ2hyb21pdW0iLCIxMTQuMC41NzM1LjEzNCJdLFsiR29vZ2xlIENocm9tZSIsIjExNC4wLjU3MzUuMTM0Il1dLDBd&amp;dt=1687365679946&amp;bpp=2&amp;bdt=4878&amp;idt=2&amp;shv=r20230615&amp;mjsv=m202306160701&amp;ptt=9&amp;saldr=aa&amp;abxe=1&amp;prev_fmts=640x160%2C640x280%2C0x0&amp;nras=2&amp;correlator=5924095150783&amp;frm=20&amp;pv=1&amp;ga_vid=873284096.1687211920&amp;ga_sid=1687365679&amp;ga_hid=1415655796&amp;ga_fc=1&amp;u_tz=-180&amp;u_his=1&amp;u_h=768&amp;u_w=1366&amp;u_ah=728&amp;u_aw=1366&amp;u_cd=24&amp;u_sd=0.9&amp;dmc=4&amp;adx=264&amp;ady=2000&amp;biw=1498&amp;bih=666&amp;scr_x=0&amp;scr_y=0&amp;eid=42532280%2C44759876%2C44759927%2C44759842%2C42532278%2C31071756%2C31075471%2C44788441&amp;oid=2&amp;pvsid=1602032394755443&amp;tmod=454135146&amp;uas=0&amp;nvt=1&amp;fc=384&amp;brdim=0%2C0%2C0%2C0%2C1366%2C0%2C1366%2C728%2C1517%2C666&amp;vis=1&amp;rsz=%7C%7Cs%7C&amp;abl=NS&amp;cms=1&amp;fu=128&amp;bc=31&amp;jar=2023-06-20-13&amp;ifi=4&amp;uci=a!4&amp;btvi=3&amp;fsb=1&amp;xpc=LZfkf7B8fY&amp;p=https%3A\/\/valeemfoco18.blogspot.com&amp;dtd=9\" name=\"aswift_3\" width=\"640\" height=\"0\" frameborder=\"0\" marginwidth=\"0\" marginheight=\"0\" scrolling=\"no\" sandbox=\"allow-forms allow-popups allow-popups-to-escape-sandbox allow-same-origin allow-scripts allow-top-navigation-by-user-activation\" data-google-container-id=\"a!4\" data-google-query-id=\"CPH-vv_m1P8CFVXGvQod9ZcKdw\" data-load-complete=\"true\" data-mce-fragment=\"1\"><\/iframe><\/div>\n<p><\/ins><\/div>\n<p class=\"xmsonormal\" style=\"text-align: justify;\"><span id=\"geom_inter_1687307541576_52_18\"><span class=\"xcontentpasted0\">\u201cA convoca\u00e7\u00e3o foi a coroa\u00e7\u00e3o com o campeonato agora. Keila tem acumulado grandes resultados desde o pr\u00e9-infantil, sendo, inclusive, campe\u00e3 sul-americana da modalidade. Ela desde pequeninha vem batalhando e lutando por isso com o apoio da Sudesb. Esse ano a expectativa \u00e9 melhorar com o patroc\u00ednio do FazAtleta. Maria Paula se classificou ap\u00f3s uma dif\u00edcil seletiva e tem treinado com a sele\u00e7\u00e3o em Aracaju\u201d, comenta Joseane.\u00a0<\/span><\/span><\/p>\n<p id=\"geom_inter_1687307543485_47_26\" class=\"xmsonormal\" style=\"text-align: justify;\"><span id=\"geom_inter_1687307541576_2_19\"><span class=\"xcontentpasted0\">Por causa dos desempenhos nas competi\u00e7\u00f5es anteriores, as atletas baianas est\u00e3o viajando pela Confedera\u00e7\u00e3o Brasileira de Gin\u00e1stica (CBG). Para a pr\u00f3xima competi\u00e7\u00e3o, elas v\u00e3o embarcar no dia 01 de julho, acompanhada pela t\u00e9cnica Joseane, para a prepara\u00e7\u00e3o em solos romenos, com as expectativas em alta.\u00a0<\/span><\/span><\/p>\n<p id=\"geom_inter_1687307542526_49_25\" class=\"xmsonormal\" style=\"text-align: justify;\"><span id=\"geom_inter_1687307542513_54_20\"><span class=\"xcontentpasted0\">\u201cComo eu falo sempre, sem o apoio incondicional que temos recebido da Sudesb com Keila e as meninas, n\u00f3s com certeza n\u00e3o ter\u00edamos chegado onde chegamos. Para mim, \u00e9 um orgulho enorme porque tenho duas ginastas juvenis para o evento mundial. S\u00e3o duas meninas trabalhadoras que v\u00eam fazendo hist\u00f3ria e v\u00e3o fazer muito mais\u201d, finaliza a t\u00e9cnica.\u00a0<\/span><\/span><\/p>\n<p class=\"xmsonormal\" style=\"text-align: justify;\"><span class=\"xcontentpasted0\"><i>Ascom Sudesb\u00a0<\/i><\/span><\/p>\n","protected":false},"excerpt":{"rendered":"<p>As ginastas baianas Keila Santos e Maria Paula Caminha, ambas de 15 anos, foram convocadas para representar a delega\u00e7\u00e3o brasileira de gin\u00e1stica r\u00edtmica nas varia\u00e7\u00f5es individual e conjunto, respectivamente, no Campeonato Mundial Juvenil de Gin\u00e1stica R\u00edtmica, previsto para 07 a 09 de julho, na cidade de Cluj-Napoca, na Rom\u00eania. Elas v\u00eam de bons resultados representando [&hellip;]<\/p>\n","protected":false},"author":1,"featured_media":53974,"comment_status":"closed","ping_status":"open","sticky":false,"template":"","format":"standard","meta":{"_uag_custom_page_level_css":"","_monsterinsights_skip_tracking":false,"_monsterinsights_sitenote_active":false,"_monsterinsights_sitenote_note":"","_monsterinsights_sitenote_category":0,"jetpack_post_was_ever_published":false,"_jetpack_newsletter_access":"","_jetpack_dont_email_post_to_subs":false,"_jetpack_newsletter_tier_id":0,"_jetpack_memberships_contains_paywalled_content":false,"_jetpack_memberships_contains_paid_content":false,"footnotes":"","jetpack_publicize_message":"","jetpack_publicize_feature_enabled":true,"jetpack_social_post_already_shared":true,"jetpack_social_options":{"image_generator_settings":{"template":"highway","default_image_id":0,"font":"","enabled":false},"version":2}},"categories":[199,208],"tags":[],"class_list":["post-53973","post","type-post","status-publish","format-standard","has-post-thumbnail","hentry","category-bahia","category-esporte"],"jetpack_publicize_connections":[],"jetpack_featured_media_url":"https:\/\/blogopara.com.br\/wp-content\/uploads\/2023\/06\/ginastica-ritmica-3.jpeg","uagb_featured_image_src":{"full":["https:\/\/blogopara.com.br\/wp-content\/uploads\/2023\/06\/ginastica-ritmica-3.jpeg",500,292,false],"thumbnail":["https:\/\/blogopara.com.br\/wp-content\/uploads\/2023\/06\/ginastica-ritmica-3-150x150.jpeg",150,150,true],"medium":["https:\/\/blogopara.com.br\/wp-content\/uploads\/2023\/06\/ginastica-ritmica-3-300x175.jpeg",300,175,true],"medium_large":["https:\/\/blogopara.com.br\/wp-content\/uploads\/2023\/06\/ginastica-ritmica-3.jpeg",500,292,false],"large":["https:\/\/blogopara.com.br\/wp-content\/uploads\/2023\/06\/ginastica-ritmica-3.jpeg",500,292,false],"1536x1536":["https:\/\/blogopara.com.br\/wp-content\/uploads\/2023\/06\/ginastica-ritmica-3.jpeg",500,292,false],"2048x2048":["https:\/\/blogopara.com.br\/wp-content\/uploads\/2023\/06\/ginastica-ritmica-3.jpeg",500,292,false],"mantranews-slider-large":["https:\/\/blogopara.com.br\/wp-content\/uploads\/2023\/06\/ginastica-ritmica-3.jpeg",500,292,false],"mantranews-featured-medium":["https:\/\/blogopara.com.br\/wp-content\/uploads\/2023\/06\/ginastica-ritmica-3-420x292.jpeg",420,292,true],"mantranews-featured-long":["https:\/\/blogopara.com.br\/wp-content\/uploads\/2023\/06\/ginastica-ritmica-3-300x292.jpeg",300,292,true],"mantranews-block-medium":["https:\/\/blogopara.com.br\/wp-content\/uploads\/2023\/06\/ginastica-ritmica-3-464x290.jpeg",464,290,true],"mantranews-carousel-image":["https:\/\/blogopara.com.br\/wp-content\/uploads\/2023\/06\/ginastica-ritmica-3.jpeg",500,292,false],"mantranews-block-thumb":["https:\/\/blogopara.com.br\/wp-content\/uploads\/2023\/06\/ginastica-ritmica-3-322x230.jpeg",322,230,true],"mantranews-single-large":["https:\/\/blogopara.com.br\/wp-content\/uploads\/2023\/06\/ginastica-ritmica-3.jpeg",500,292,false]},"uagb_author_info":{"display_name":"Reda\u00e7\u00e3o geral","author_link":"https:\/\/blogopara.com.br\/index.php\/author\/blogopara"},"uagb_comment_info":0,"uagb_excerpt":"As ginastas baianas Keila Santos e Maria Paula Caminha, ambas de 15 anos, foram convocadas para representar a delega\u00e7\u00e3o brasileira de gin\u00e1stica r\u00edtmica nas varia\u00e7\u00f5es individual e conjunto, respectivamente, no Campeonato Mundial Juvenil de Gin\u00e1stica R\u00edtmica, previsto para 07 a 09 de julho, na cidade de Cluj-Napoca, na Rom\u00eania. Elas v\u00eam de bons resultados representando&hellip;","jetpack_sharing_enabled":true,"jetpack_likes_enabled":true,"_links":{"self":[{"href":"https:\/\/blogopara.com.br\/index.php\/wp-json\/wp\/v2\/posts\/53973","targetHints":{"allow":["GET"]}}],"collection":[{"href":"https:\/\/blogopara.com.br\/index.php\/wp-json\/wp\/v2\/posts"}],"about":[{"href":"https:\/\/blogopara.com.br\/index.php\/wp-json\/wp\/v2\/types\/post"}],"author":[{"embeddable":true,"href":"https:\/\/blogopara.com.br\/index.php\/wp-json\/wp\/v2\/users\/1"}],"replies":[{"embeddable":true,"href":"https:\/\/blogopara.com.br\/index.php\/wp-json\/wp\/v2\/comments?post=53973"}],"version-history":[{"count":1,"href":"https:\/\/blogopara.com.br\/index.php\/wp-json\/wp\/v2\/posts\/53973\/revisions"}],"predecessor-version":[{"id":53975,"href":"https:\/\/blogopara.com.br\/index.php\/wp-json\/wp\/v2\/posts\/53973\/revisions\/53975"}],"wp:featuredmedia":[{"embeddable":true,"href":"https:\/\/blogopara.com.br\/index.php\/wp-json\/wp\/v2\/media\/53974"}],"wp:attachment":[{"href":"https:\/\/blogopara.com.br\/index.php\/wp-json\/wp\/v2\/media?parent=53973"}],"wp:term":[{"taxonomy":"category","embeddable":true,"href":"https:\/\/blogopara.com.br\/index.php\/wp-json\/wp\/v2\/categories?post=53973"},{"taxonomy":"post_tag","embeddable":true,"href":"https:\/\/blogopara.com.br\/index.php\/wp-json\/wp\/v2\/tags?post=53973"}],"curies":[{"name":"wp","href":"https:\/\/api.w.org\/{rel}","templated":true}]}}