{"id":53983,"date":"2023-06-22T11:07:00","date_gmt":"2023-06-22T14:07:00","guid":{"rendered":"https:\/\/blogopara.com.br\/?p=53983"},"modified":"2023-06-21T14:12:22","modified_gmt":"2023-06-21T17:12:22","slug":"provavel-futuro-ministro-de-lula-vai-a-festa-de-petistas-com-dirceu-e-lira","status":"publish","type":"post","link":"https:\/\/blogopara.com.br\/index.php\/2023\/06\/22\/provavel-futuro-ministro-de-lula-vai-a-festa-de-petistas-com-dirceu-e-lira","title":{"rendered":"Prov\u00e1vel futuro ministro de Lula vai a festa de petistas com Dirceu e Lira"},"content":{"rendered":"<p style=\"text-align: justify;\">Do ex-ministro Jos\u00e9 Dirceu ao presidente da C\u00e2mara, Arthur Lira (PP-AL), a celebra\u00e7\u00e3o do anivers\u00e1rio de dois petistas contou com a presen\u00e7a de pol\u00edticos de diferentes matizes na noite desta ter\u00e7a-feira (20), em Bras\u00edlia.<\/p>\n<p style=\"text-align: justify;\">Cotado para assumir o Minist\u00e9rio do Turismo, o deputado federal Celso Sabino (Uni\u00e3o Brasil-PA) tamb\u00e9m marcou presen\u00e7a no anivers\u00e1rio de Jilmar Tatto (PT-SP) e Odair Cunha (PT-MG). A titular da pasta, Daniela Carneiro (RJ), n\u00e3o participou da confraterniza\u00e7\u00e3o, ocorrida em um bar da capital.<\/p>\n<p style=\"text-align: justify;\">Como usava uma camisa vermelha, Sabino provocou brincadeiras entre os convidados. Um dos l\u00edderes do centr\u00e3o, Elmar Nascimento (Uni\u00e3o Brasil-BA) foi, segundo os presentes, um dos que comentaram a op\u00e7\u00e3o pela cor associada ao PT.<\/p>\n<p style=\"text-align: justify;\">Sabino exaltou em conversas o poder de convencimento do presidente Lula (PT). Segundo outros convidados, repetiu que quem n\u00e3o gosta de Lula n\u00e3o deve conversar com ele para n\u00e3o ser conquistado pelo presidente.<\/p>\n<p style=\"text-align: justify;\">Em outra roda de conversas, Elmar minimizava sua rivalidade com o ex-governador da Bahia e chefe da Casa Civil, Rui Costa, atribuindo a diverg\u00eancias regionais. Rui Costa n\u00e3o foi \u00e0 comemora\u00e7\u00e3o.<\/p>\n<p style=\"text-align: justify;\">O ministro das Rela\u00e7\u00f5es Institucionais, Alexandre Padilha, chegou ao bar no fim da noite ap\u00f3s passar por outra reuni\u00e3o da capital. A presidente do PT,<\/p>\n<p style=\"text-align: justify;\">\n<p style=\"text-align: justify;\"><span class=\"assinatura_exclusiva\">Catia Seabra\/Folhapress<\/span><\/p>\n<div class=\"carregar-mais\" style=\"text-align: justify;\"><\/div>\n","protected":false},"excerpt":{"rendered":"<p>Do ex-ministro Jos\u00e9 Dirceu ao presidente da C\u00e2mara, Arthur Lira (PP-AL), a celebra\u00e7\u00e3o do anivers\u00e1rio de dois petistas contou com a presen\u00e7a de pol\u00edticos de diferentes matizes na noite desta ter\u00e7a-feira (20), em Bras\u00edlia. Cotado para assumir o Minist\u00e9rio do Turismo, o deputado federal Celso Sabino (Uni\u00e3o Brasil-PA) tamb\u00e9m marcou presen\u00e7a no anivers\u00e1rio de Jilmar [&hellip;]<\/p>\n","protected":false},"author":1,"featured_media":53984,"comment_status":"closed","ping_status":"open","sticky":false,"template":"","format":"standard","meta":{"_uag_custom_page_level_css":"","_monsterinsights_skip_tracking":false,"_monsterinsights_sitenote_active":false,"_monsterinsights_sitenote_note":"","_monsterinsights_sitenote_category":0,"jetpack_post_was_ever_published":false,"_jetpack_newsletter_access":"","_jetpack_dont_email_post_to_subs":false,"_jetpack_newsletter_tier_id":0,"_jetpack_memberships_contains_paywalled_content":false,"_jetpack_memberships_contains_paid_content":false,"footnotes":"","jetpack_publicize_message":"","jetpack_publicize_feature_enabled":true,"jetpack_social_post_already_shared":true,"jetpack_social_options":{"image_generator_settings":{"template":"highway","default_image_id":0,"font":"","enabled":false},"version":2}},"categories":[200,197],"tags":[],"class_list":["post-53983","post","type-post","status-publish","format-standard","has-post-thumbnail","hentry","category-brasil","category-politica"],"jetpack_publicize_connections":[],"jetpack_featured_media_url":"https:\/\/blogopara.com.br\/wp-content\/uploads\/2023\/06\/kkkkkkkkkkkkkkkkkkkkkkkkkk.jpg","uagb_featured_image_src":{"full":["https:\/\/blogopara.com.br\/wp-content\/uploads\/2023\/06\/kkkkkkkkkkkkkkkkkkkkkkkkkk.jpg",400,266,false],"thumbnail":["https:\/\/blogopara.com.br\/wp-content\/uploads\/2023\/06\/kkkkkkkkkkkkkkkkkkkkkkkkkk-150x150.jpg",150,150,true],"medium":["https:\/\/blogopara.com.br\/wp-content\/uploads\/2023\/06\/kkkkkkkkkkkkkkkkkkkkkkkkkk-300x200.jpg",300,200,true],"medium_large":["https:\/\/blogopara.com.br\/wp-content\/uploads\/2023\/06\/kkkkkkkkkkkkkkkkkkkkkkkkkk.jpg",400,266,false],"large":["https:\/\/blogopara.com.br\/wp-content\/uploads\/2023\/06\/kkkkkkkkkkkkkkkkkkkkkkkkkk.jpg",400,266,false],"1536x1536":["https:\/\/blogopara.com.br\/wp-content\/uploads\/2023\/06\/kkkkkkkkkkkkkkkkkkkkkkkkkk.jpg",400,266,false],"2048x2048":["https:\/\/blogopara.com.br\/wp-content\/uploads\/2023\/06\/kkkkkkkkkkkkkkkkkkkkkkkkkk.jpg",400,266,false],"mantranews-slider-large":["https:\/\/blogopara.com.br\/wp-content\/uploads\/2023\/06\/kkkkkkkkkkkkkkkkkkkkkkkkkk.jpg",400,266,false],"mantranews-featured-medium":["https:\/\/blogopara.com.br\/wp-content\/uploads\/2023\/06\/kkkkkkkkkkkkkkkkkkkkkkkkkk.jpg",400,266,false],"mantranews-featured-long":["https:\/\/blogopara.com.br\/wp-content\/uploads\/2023\/06\/kkkkkkkkkkkkkkkkkkkkkkkkkk-300x266.jpg",300,266,true],"mantranews-block-medium":["https:\/\/blogopara.com.br\/wp-content\/uploads\/2023\/06\/kkkkkkkkkkkkkkkkkkkkkkkkkk.jpg",400,266,false],"mantranews-carousel-image":["https:\/\/blogopara.com.br\/wp-content\/uploads\/2023\/06\/kkkkkkkkkkkkkkkkkkkkkkkkkk.jpg",400,266,false],"mantranews-block-thumb":["https:\/\/blogopara.com.br\/wp-content\/uploads\/2023\/06\/kkkkkkkkkkkkkkkkkkkkkkkkkk-322x230.jpg",322,230,true],"mantranews-single-large":["https:\/\/blogopara.com.br\/wp-content\/uploads\/2023\/06\/kkkkkkkkkkkkkkkkkkkkkkkkkk.jpg",400,266,false]},"uagb_author_info":{"display_name":"Reda\u00e7\u00e3o geral","author_link":"https:\/\/blogopara.com.br\/index.php\/author\/blogopara"},"uagb_comment_info":0,"uagb_excerpt":"Do ex-ministro Jos\u00e9 Dirceu ao presidente da C\u00e2mara, Arthur Lira (PP-AL), a celebra\u00e7\u00e3o do anivers\u00e1rio de dois petistas contou com a presen\u00e7a de pol\u00edticos de diferentes matizes na noite desta ter\u00e7a-feira (20), em Bras\u00edlia. Cotado para assumir o Minist\u00e9rio do Turismo, o deputado federal Celso Sabino (Uni\u00e3o Brasil-PA) tamb\u00e9m marcou presen\u00e7a no anivers\u00e1rio de Jilmar&hellip;","jetpack_sharing_enabled":true,"jetpack_likes_enabled":true,"_links":{"self":[{"href":"https:\/\/blogopara.com.br\/index.php\/wp-json\/wp\/v2\/posts\/53983","targetHints":{"allow":["GET"]}}],"collection":[{"href":"https:\/\/blogopara.com.br\/index.php\/wp-json\/wp\/v2\/posts"}],"about":[{"href":"https:\/\/blogopara.com.br\/index.php\/wp-json\/wp\/v2\/types\/post"}],"author":[{"embeddable":true,"href":"https:\/\/blogopara.com.br\/index.php\/wp-json\/wp\/v2\/users\/1"}],"replies":[{"embeddable":true,"href":"https:\/\/blogopara.com.br\/index.php\/wp-json\/wp\/v2\/comments?post=53983"}],"version-history":[{"count":1,"href":"https:\/\/blogopara.com.br\/index.php\/wp-json\/wp\/v2\/posts\/53983\/revisions"}],"predecessor-version":[{"id":53985,"href":"https:\/\/blogopara.com.br\/index.php\/wp-json\/wp\/v2\/posts\/53983\/revisions\/53985"}],"wp:featuredmedia":[{"embeddable":true,"href":"https:\/\/blogopara.com.br\/index.php\/wp-json\/wp\/v2\/media\/53984"}],"wp:attachment":[{"href":"https:\/\/blogopara.com.br\/index.php\/wp-json\/wp\/v2\/media?parent=53983"}],"wp:term":[{"taxonomy":"category","embeddable":true,"href":"https:\/\/blogopara.com.br\/index.php\/wp-json\/wp\/v2\/categories?post=53983"},{"taxonomy":"post_tag","embeddable":true,"href":"https:\/\/blogopara.com.br\/index.php\/wp-json\/wp\/v2\/tags?post=53983"}],"curies":[{"name":"wp","href":"https:\/\/api.w.org\/{rel}","templated":true}]}}