{"id":53993,"date":"2023-06-22T08:57:51","date_gmt":"2023-06-22T11:57:51","guid":{"rendered":"https:\/\/blogopara.com.br\/?p=53993"},"modified":"2023-06-22T09:02:03","modified_gmt":"2023-06-22T12:02:03","slug":"gestao-suzana-ramos-garante-mais-assistencia-a-saude-com-a-aquisicao-de-equipamentos","status":"publish","type":"post","link":"https:\/\/blogopara.com.br\/index.php\/2023\/06\/22\/gestao-suzana-ramos-garante-mais-assistencia-a-saude-com-a-aquisicao-de-equipamentos","title":{"rendered":"Gest\u00e3o Suzana Ramos garante mais assist\u00eancia \u00e0 sa\u00fade com a aquisi\u00e7\u00e3o de equipamentos"},"content":{"rendered":"<p style=\"text-align: justify;\">A gest\u00e3o Suzana Ramos trata a sa\u00fade com mais cuidado e investimentos. Uma demonstra\u00e7\u00e3o clara desta afirma\u00e7\u00e3o \u00e9 a entrega oficial realizada pela Prefeitura de Juazeiro, atrav\u00e9s da Secretaria de Sa\u00fade (Sesau), nesta quarta-feira (21), de equipamentos que j\u00e1 est\u00e3o melhorando a assist\u00eancia especializada \u00e0s crian\u00e7as atendidas na Unidade Pedi\u00e1trica de Juazeiro \u2013 UPED, as m\u00e3es e rec\u00e9m-nascidos na Maternidade de Juazeiro, e os populares que utilizam o Servi\u00e7o de Atendimento M\u00f3vel de Urg\u00eancia \u2013 SAMU. &nbsp;<br aria-hidden=\"true\"><br aria-hidden=\"true\">\u201c\u00c9 uma felicidade poder assistir e acolher a popula\u00e7\u00e3o como ela precisa. Sabemos da import\u00e2ncia dos equipamentos, por\u00e9m mais do que estrutura, \u00e9 o \u2018olhar\u2019 para quem realmente precisa.&nbsp; A Sala Vermelha da UPED, hoje, tem cinco leitos completos, compat\u00edveis com um atendimento de UTI. As crian\u00e7as que necessitam aguardar regula\u00e7\u00e3o ser\u00e3o atendidas com equipamentos que v\u00e3o mant\u00ea-las est\u00e1veis at\u00e9 o surgimento das vagas nas unidades hospitalares de refer\u00eancia da rede PEBA. A Maternidade de Juazeiro tamb\u00e9m j\u00e1 pode cuidar melhor dos beb\u00eas que necessitam da fototerapia, tratamento que evita problemas neurol\u00f3gicos, al\u00e9m de acolher melhor nossas gestantes na sala de triagem. E o SAMU, que n\u00e3o atende s\u00f3 Juazeiro, mas outros munic\u00edpios da regi\u00e3o norte, est\u00e1 com macas novas. Com a superlota\u00e7\u00e3o dos hospitais da rede PEBA, muitas vezes as macas servem de leitos para os pacientes, o que causa transtorno na hora de um chamado. Ainda temos muito o que fazer, e vamos fazer, mas devemos comemorar as boas not\u00edcias\u201d, declarou a prefeita Suzana Ramos.<br aria-hidden=\"true\"><br aria-hidden=\"true\">Lais Silva Oliveira, m\u00e3e de Maria Luiza, de apenas 3 meses, relata que a filha chegou com falta de ar e foi diagnosticada com bronquiolite. \u201cCom dois dias de tratamento ela j\u00e1 apresentou melhora. Estamos aqui h\u00e1 cinco dias e minha filha est\u00e1 muito bem, o atendimento daqui \u00e9 excelente, os profissionais est\u00e3o sempre buscando os pacientes, dando assist\u00eancia\u201d, disse.<br aria-hidden=\"true\"><br aria-hidden=\"true\"><b>Sala Vermelha UPED<\/b><br aria-hidden=\"true\"><br aria-hidden=\"true\">A sala vermelha da Unidade Pedi\u00e1trica de Juazeiro (UPED) est\u00e1 com cinco leitos completos, compat\u00edveis aos equipamentos utilizados em UTIs. Os leitos s\u00e3o compostos de monitores que controlam a press\u00e3o, frequ\u00eancia card\u00edaca e temperatura do paciente; os ventiladores pulmonares que auxiliam os pacientes que apresentem insufici\u00eancia respirat\u00f3ria e necessitam de oxigenoterapia. Al\u00e9m disso, o local est\u00e1 equipado com aspiradores e bombas de infus\u00e3o. A sala tamb\u00e9m disp\u00f5e de carrinho de emerg\u00eancia (CE) ou carrinho de parada. &nbsp;<br aria-hidden=\"true\"><br aria-hidden=\"true\"><br aria-hidden=\"true\"><b>Aparelhos de Fototerapia<\/b><br aria-hidden=\"true\"><br aria-hidden=\"true\">A Prefeitura Municipal tamb\u00e9m adquiriu com recursos pr\u00f3prios para a Maternidade de Juazeiro, novos aparelhos de fototerapia que v\u00e3o garantir mais cuidado com os beb\u00eas nascidos na unidade. Os aparelhos s\u00e3o destinados para o tratamento de rec\u00e9m-nascidos que tenham complica\u00e7\u00f5es patol\u00f3gicas da \u201cicter\u00edcia\u201d, doen\u00e7a causada pela alta concentra\u00e7\u00e3o de bilirrubina na corrente sangu\u00ednea e que pode resultar em danos neurol\u00f3gicos permanentes nas crian\u00e7as.<\/p>\n<div style=\"text-align: justify;\"><br aria-hidden=\"true\">Al\u00e9m dos dois aparelhos, a gest\u00e3o da prefeita Suzana Ramos adquiriu 10 poltronas hospitalares de descanso para que as gestantes que aguardam na triagem tenham mais conforto.<br aria-hidden=\"true\"><br aria-hidden=\"true\"><b>SAMU<\/b><br aria-hidden=\"true\"><br aria-hidden=\"true\">Com a superlota\u00e7\u00e3o dos hospitais que atendem a rede PEBA, muitas vezes as macas ficam com os pacientes nas unidades de sa\u00fade servindo de leito. Devido a esse cen\u00e1rio, a gest\u00e3o da prefeita Suzana Ramos comprou mais cinco macas para que o atendimento do SAMU opere normalmente. Hoje, o munic\u00edpio tem 15 macas para a troca no atendimento. Al\u00e9m disso, a gest\u00e3o recuperou ambul\u00e2ncias e seis est\u00e3o em opera\u00e7\u00e3o, duas unidades avan\u00e7adas para transporte de paciente de um territ\u00f3rio para outro e quatro de base. O SAMU de Juazeiro atende mais 11 munic\u00edpios da regi\u00e3o norte. &nbsp; &nbsp;<br aria-hidden=\"true\"><br aria-hidden=\"true\">O Secret\u00e1rio de Sa\u00fade Allan Jones visitou todas as unidades especializadas do munic\u00edpio e refor\u00e7ou o compromisso da gest\u00e3o Suzana Ramos em continuar investindo na sa\u00fade. \u201cA sa\u00fade de um modo geral enfrenta in\u00fameras dificuldades especialmente nesse per\u00edodo de mais ocorr\u00eancia da S\u00edndrome Respirat\u00f3ria. Entregamos a sala vermelha da UPED com capacidade de assistir \u00e0s nossas crian\u00e7as at\u00e9 cinco leitos, equipamentos modernos instalados e trabalhando com a preven\u00e7\u00e3o. No SAMU de Juazeiro entregamos cinco macas novas, modernas, um total de 15 macas no munic\u00edpio de Juazeiro. O problema n\u00e3o \u00e9 a falta de macas, e sim leitos insuficientes na rede que atende os munic\u00edpios da regi\u00e3o dos estados da Bahia e Pernambuco que v\u00eam fazendo com que as macas fiquem retidas nos hospitais. Na Maternidade recentemente a gest\u00e3o adquiriu equipamentos para realizar a fototerapia reduzindo a necessidade dos pacientes serem regulados\u201d, pontuou.<br aria-hidden=\"true\"><br aria-hidden=\"true\"><b>Outras a\u00e7\u00f5es<\/b><br aria-hidden=\"true\"><br aria-hidden=\"true\">A prefeitura de Juazeiro j\u00e1 reativou 20 consult\u00f3rios odontol\u00f3gicos nas Unidades B\u00e1sicas de Sa\u00fade e at\u00e9 o m\u00eas de julho ser\u00e3o 32 consult\u00f3rios recuperados; O programa Sa\u00fade em Movimento, que oferece in\u00fameros servi\u00e7os de sa\u00fade nas comunidades, entre eles, exames de imagem, pequenas cirurgias e consultas com m\u00e9dicos especialistas j\u00e1 atendeu nas duas edi\u00e7\u00f5es deste ano mais de 700 pessoas.<br aria-hidden=\"true\"><br aria-hidden=\"true\">Foi implementado tamb\u00e9m o APS Itinerante, programa que realiza um mutir\u00e3o de atendimentos espec\u00edficos nas unidades de sa\u00fade para otimizar alguns tipos de exames e consultas de acordo com a demanda na \u00e1rea. Tamb\u00e9m foi implementado o Laborat\u00f3rio Itinerante, a\u00e7\u00e3o criada para ir at\u00e9 as comunidades para coleta de material para exames laboratoriais, resguardando aquele cidad\u00e3o que n\u00e3o tem dificuldades de locomo\u00e7\u00e3o ou transporte.<br aria-hidden=\"true\"><br aria-hidden=\"true\">No in\u00edcio de julho ainda vai ser lan\u00e7ado o programa \u2018Consult\u00f3rio na Rua\u2019, para atender as pessoas em situa\u00e7\u00e3o de rua que tamb\u00e9m necessitam de cuidados com a sa\u00fade.<\/div>\n","protected":false},"excerpt":{"rendered":"<p>A gest\u00e3o Suzana Ramos trata a sa\u00fade com mais cuidado e investimentos. Uma demonstra\u00e7\u00e3o clara desta afirma\u00e7\u00e3o \u00e9 a entrega oficial realizada pela Prefeitura de Juazeiro, atrav\u00e9s da Secretaria de Sa\u00fade (Sesau), nesta quarta-feira (21), de equipamentos que j\u00e1 est\u00e3o melhorando a assist\u00eancia especializada \u00e0s crian\u00e7as atendidas na Unidade Pedi\u00e1trica de Juazeiro \u2013 UPED, as [&hellip;]<\/p>\n","protected":false},"author":1,"featured_media":53994,"comment_status":"closed","ping_status":"open","sticky":false,"template":"","format":"standard","meta":{"_uag_custom_page_level_css":"","_monsterinsights_skip_tracking":false,"_monsterinsights_sitenote_active":false,"_monsterinsights_sitenote_note":"","_monsterinsights_sitenote_category":0,"jetpack_post_was_ever_published":false,"_jetpack_newsletter_access":"","_jetpack_dont_email_post_to_subs":false,"_jetpack_newsletter_tier_id":0,"_jetpack_memberships_contains_paywalled_content":false,"_jetpack_memberships_contains_paid_content":false,"footnotes":"","jetpack_publicize_message":"","jetpack_publicize_feature_enabled":true,"jetpack_social_post_already_shared":true,"jetpack_social_options":{"image_generator_settings":{"template":"highway","default_image_id":0,"font":"","enabled":false},"version":2}},"categories":[203,205],"tags":[595],"class_list":["post-53993","post","type-post","status-publish","format-standard","has-post-thumbnail","hentry","category-juazeiro","category-saude","tag-allan-jones"],"jetpack_publicize_connections":[],"jetpack_featured_media_url":"https:\/\/blogopara.com.br\/wp-content\/uploads\/2023\/06\/thumbnail_52991305664_d9badd7667_k.jpg","uagb_featured_image_src":{"full":["https:\/\/blogopara.com.br\/wp-content\/uploads\/2023\/06\/thumbnail_52991305664_d9badd7667_k.jpg",500,333,false],"thumbnail":["https:\/\/blogopara.com.br\/wp-content\/uploads\/2023\/06\/thumbnail_52991305664_d9badd7667_k-150x150.jpg",150,150,true],"medium":["https:\/\/blogopara.com.br\/wp-content\/uploads\/2023\/06\/thumbnail_52991305664_d9badd7667_k-300x200.jpg",300,200,true],"medium_large":["https:\/\/blogopara.com.br\/wp-content\/uploads\/2023\/06\/thumbnail_52991305664_d9badd7667_k.jpg",500,333,false],"large":["https:\/\/blogopara.com.br\/wp-content\/uploads\/2023\/06\/thumbnail_52991305664_d9badd7667_k.jpg",500,333,false],"1536x1536":["https:\/\/blogopara.com.br\/wp-content\/uploads\/2023\/06\/thumbnail_52991305664_d9badd7667_k.jpg",500,333,false],"2048x2048":["https:\/\/blogopara.com.br\/wp-content\/uploads\/2023\/06\/thumbnail_52991305664_d9badd7667_k.jpg",500,333,false],"mantranews-slider-large":["https:\/\/blogopara.com.br\/wp-content\/uploads\/2023\/06\/thumbnail_52991305664_d9badd7667_k.jpg",500,333,false],"mantranews-featured-medium":["https:\/\/blogopara.com.br\/wp-content\/uploads\/2023\/06\/thumbnail_52991305664_d9badd7667_k-420x307.jpg",420,307,true],"mantranews-featured-long":["https:\/\/blogopara.com.br\/wp-content\/uploads\/2023\/06\/thumbnail_52991305664_d9badd7667_k-300x333.jpg",300,333,true],"mantranews-block-medium":["https:\/\/blogopara.com.br\/wp-content\/uploads\/2023\/06\/thumbnail_52991305664_d9badd7667_k-464x290.jpg",464,290,true],"mantranews-carousel-image":["https:\/\/blogopara.com.br\/wp-content\/uploads\/2023\/06\/thumbnail_52991305664_d9badd7667_k.jpg",500,333,false],"mantranews-block-thumb":["https:\/\/blogopara.com.br\/wp-content\/uploads\/2023\/06\/thumbnail_52991305664_d9badd7667_k-322x230.jpg",322,230,true],"mantranews-single-large":["https:\/\/blogopara.com.br\/wp-content\/uploads\/2023\/06\/thumbnail_52991305664_d9badd7667_k.jpg",500,333,false]},"uagb_author_info":{"display_name":"Reda\u00e7\u00e3o geral","author_link":"https:\/\/blogopara.com.br\/index.php\/author\/blogopara"},"uagb_comment_info":0,"uagb_excerpt":"A gest\u00e3o Suzana Ramos trata a sa\u00fade com mais cuidado e investimentos. Uma demonstra\u00e7\u00e3o clara desta afirma\u00e7\u00e3o \u00e9 a entrega oficial realizada pela Prefeitura de Juazeiro, atrav\u00e9s da Secretaria de Sa\u00fade (Sesau), nesta quarta-feira (21), de equipamentos que j\u00e1 est\u00e3o melhorando a assist\u00eancia especializada \u00e0s crian\u00e7as atendidas na Unidade Pedi\u00e1trica de Juazeiro \u2013 UPED, as&hellip;","jetpack_sharing_enabled":true,"jetpack_likes_enabled":true,"_links":{"self":[{"href":"https:\/\/blogopara.com.br\/index.php\/wp-json\/wp\/v2\/posts\/53993","targetHints":{"allow":["GET"]}}],"collection":[{"href":"https:\/\/blogopara.com.br\/index.php\/wp-json\/wp\/v2\/posts"}],"about":[{"href":"https:\/\/blogopara.com.br\/index.php\/wp-json\/wp\/v2\/types\/post"}],"author":[{"embeddable":true,"href":"https:\/\/blogopara.com.br\/index.php\/wp-json\/wp\/v2\/users\/1"}],"replies":[{"embeddable":true,"href":"https:\/\/blogopara.com.br\/index.php\/wp-json\/wp\/v2\/comments?post=53993"}],"version-history":[{"count":2,"href":"https:\/\/blogopara.com.br\/index.php\/wp-json\/wp\/v2\/posts\/53993\/revisions"}],"predecessor-version":[{"id":53996,"href":"https:\/\/blogopara.com.br\/index.php\/wp-json\/wp\/v2\/posts\/53993\/revisions\/53996"}],"wp:featuredmedia":[{"embeddable":true,"href":"https:\/\/blogopara.com.br\/index.php\/wp-json\/wp\/v2\/media\/53994"}],"wp:attachment":[{"href":"https:\/\/blogopara.com.br\/index.php\/wp-json\/wp\/v2\/media?parent=53993"}],"wp:term":[{"taxonomy":"category","embeddable":true,"href":"https:\/\/blogopara.com.br\/index.php\/wp-json\/wp\/v2\/categories?post=53993"},{"taxonomy":"post_tag","embeddable":true,"href":"https:\/\/blogopara.com.br\/index.php\/wp-json\/wp\/v2\/tags?post=53993"}],"curies":[{"name":"wp","href":"https:\/\/api.w.org\/{rel}","templated":true}]}}