{"id":54015,"date":"2023-06-23T10:00:00","date_gmt":"2023-06-23T13:00:00","guid":{"rendered":"https:\/\/blogopara.com.br\/?p=54015"},"modified":"2023-06-23T12:03:07","modified_gmt":"2023-06-23T15:03:07","slug":"escola-estacao-do-saber-comemora-festa-da-colheita","status":"publish","type":"post","link":"https:\/\/blogopara.com.br\/index.php\/2023\/06\/23\/escola-estacao-do-saber-comemora-festa-da-colheita","title":{"rendered":"Escola Esta\u00e7\u00e3o do Saber comemora Festa da Colheita"},"content":{"rendered":"<p class=\"x_MsoNormal\" style=\"text-align: justify;\">A alegria foi o ingrediente especial na \u2018Festa da Colheita\u2019 da Escola Municipal Esta\u00e7\u00e3o do Saber Jos\u00e9 Carlos Tanuri. A comemora\u00e7\u00e3o, realizada nesta quarta-feira (21), contou com muita m\u00fasica, comidas t\u00edpicas, apresenta\u00e7\u00f5es art\u00edsticas dos estudantes, quadrilha e participa\u00e7\u00e3o especial dos sanfoneiros Fl\u00e1vio Bai\u00e3o, Gervilson Duarte e Matheus do Acordeon.<\/p>\n<p class=\"x_MsoNormal\" style=\"text-align: justify;\">&nbsp;A gestora da escola, Virna Sarissa, falou sobre a rela\u00e7\u00e3o da festa com o trabalho pedag\u00f3gico feito pela unidade escolar. \u201cN\u00f3s trabalhamos com um projeto chamado \u2018Eu giro o mundo e construo saberes\u2019 e o recorte que fizemos esse ano foi o continente africano. Ent\u00e3o, a Festa da Colheita \u00e9 algo que tamb\u00e9m acontece na \u00c1frica, assim como o milho \u00e9 um protagonista l\u00e1. Esse foi um dos elementos que trabalhamos na sala de aula, de forma interdisciplinar, e agora realizamos a culmin\u00e2ncia desse aprendizado\u201d, explicou a gestora.<\/p>\n<p class=\"x_MsoNormal\" style=\"text-align: justify;\">&nbsp;A programa\u00e7\u00e3o incluiu apresenta\u00e7\u00f5es dos sanfoneiros convidados, o encanto da quadrilha \u2018Junina Na\u00e7\u00e3o Nordestina, do bairro Quid\u00e9, e toda a anima\u00e7\u00e3o dos estudantes que dan\u00e7aram ao som de m\u00fasicas tradicionais de forr\u00f3. \u201cEu adorei a festa, n\u00f3s aprendemos muito sobre as comidas t\u00edpicas, sobrea cultura e ensaiamos a quadrilha para essa apresenta\u00e7\u00e3o que eu gostei muito\u201d, contou a estudante do 3\u00ba ano, Laura Taciane Gomes Ribeiro.<\/p>\n<p class=\"x_MsoNormal\" style=\"text-align: justify;\">A festa contou ainda com a presen\u00e7a da superintendente de Ensino da Secretaria de Educa\u00e7\u00e3o e Juventude (Seduc), Willany Cunha, da superintendente de Gest\u00e3o Escolar, Programas e Projetos, Alexandrina Ara\u00fajo e de outros representantes da Seduc.<\/p>\n<p class=\"x_MsoNormal\" style=\"text-align: justify;\"><b>Homenagens<\/b><\/p>\n<p class=\"x_MsoNormal\" style=\"text-align: justify;\">Durante a festa, os alunos homenagearam Fl\u00e1vio Bai\u00e3o, Gervilson Duarte e Matheus do Acordeon, m\u00fasicos inclu\u00eddos no trabalho pedag\u00f3gico da Esta\u00e7\u00e3o do Saber. \u201cLevamos o projeto \u2018Mala Viajante\u2019, para alguns dos grandes sanfoneiros da regi\u00e3o, momento em que eles contam sua hist\u00f3ria e falam sobre a sua contribui\u00e7\u00e3o para a cultura do munic\u00edpio. \u00c9 uma maneira de fazer com que as crian\u00e7as conhe\u00e7am esses artistas e tamb\u00e9m de homenage\u00e1-los\u201d, frisou Virna Sarissa.<\/p>\n<p class=\"x_MsoNormal\" style=\"text-align: justify;\">Enquanto falava aos estudantes, Gervilson Duarte, agradeceu a homenagem e destacou a import\u00e2ncia desse tipo de atividade para a preserva\u00e7\u00e3o da cultura. \u201cEu fico muito grato com essa homenagem e levar esse conhecimento para as crian\u00e7as \u00e9 fundamental para que a nossa cultura perdure por muitos e muitos anos\u201d, pontuou o sanfoneiro.<\/p>\n<p class=\"x_MsoNormal\" style=\"text-align: justify;\" aria-hidden=\"true\">\n","protected":false},"excerpt":{"rendered":"<p>A alegria foi o ingrediente especial na \u2018Festa da Colheita\u2019 da Escola Municipal Esta\u00e7\u00e3o do Saber Jos\u00e9 Carlos Tanuri. A comemora\u00e7\u00e3o, realizada nesta quarta-feira (21), contou com muita m\u00fasica, comidas t\u00edpicas, apresenta\u00e7\u00f5es art\u00edsticas dos estudantes, quadrilha e participa\u00e7\u00e3o especial dos sanfoneiros Fl\u00e1vio Bai\u00e3o, Gervilson Duarte e Matheus do Acordeon. &nbsp;A gestora da escola, Virna Sarissa, [&hellip;]<\/p>\n","protected":false},"author":1,"featured_media":54079,"comment_status":"closed","ping_status":"open","sticky":false,"template":"","format":"standard","meta":{"_uag_custom_page_level_css":"","_monsterinsights_skip_tracking":false,"_monsterinsights_sitenote_active":false,"_monsterinsights_sitenote_note":"","_monsterinsights_sitenote_category":0,"jetpack_post_was_ever_published":false,"_jetpack_newsletter_access":"","_jetpack_dont_email_post_to_subs":false,"_jetpack_newsletter_tier_id":0,"_jetpack_memberships_contains_paywalled_content":false,"_jetpack_memberships_contains_paid_content":false,"footnotes":"","jetpack_publicize_message":"","jetpack_publicize_feature_enabled":true,"jetpack_social_post_already_shared":true,"jetpack_social_options":{"image_generator_settings":{"template":"highway","default_image_id":0,"font":"","enabled":false},"version":2}},"categories":[209],"tags":[],"class_list":["post-54015","post","type-post","status-publish","format-standard","has-post-thumbnail","hentry","category-educacao"],"jetpack_publicize_connections":[],"jetpack_featured_media_url":"https:\/\/blogopara.com.br\/wp-content\/uploads\/2023\/06\/thumbnail_52991691637_5fd6b07779_k-1210x642-1.jpg","uagb_featured_image_src":{"full":["https:\/\/blogopara.com.br\/wp-content\/uploads\/2023\/06\/thumbnail_52991691637_5fd6b07779_k-1210x642-1.jpg",500,265,false],"thumbnail":["https:\/\/blogopara.com.br\/wp-content\/uploads\/2023\/06\/thumbnail_52991691637_5fd6b07779_k-1210x642-1-150x150.jpg",150,150,true],"medium":["https:\/\/blogopara.com.br\/wp-content\/uploads\/2023\/06\/thumbnail_52991691637_5fd6b07779_k-1210x642-1-300x159.jpg",300,159,true],"medium_large":["https:\/\/blogopara.com.br\/wp-content\/uploads\/2023\/06\/thumbnail_52991691637_5fd6b07779_k-1210x642-1.jpg",500,265,false],"large":["https:\/\/blogopara.com.br\/wp-content\/uploads\/2023\/06\/thumbnail_52991691637_5fd6b07779_k-1210x642-1.jpg",500,265,false],"1536x1536":["https:\/\/blogopara.com.br\/wp-content\/uploads\/2023\/06\/thumbnail_52991691637_5fd6b07779_k-1210x642-1.jpg",500,265,false],"2048x2048":["https:\/\/blogopara.com.br\/wp-content\/uploads\/2023\/06\/thumbnail_52991691637_5fd6b07779_k-1210x642-1.jpg",500,265,false],"mantranews-slider-large":["https:\/\/blogopara.com.br\/wp-content\/uploads\/2023\/06\/thumbnail_52991691637_5fd6b07779_k-1210x642-1.jpg",500,265,false],"mantranews-featured-medium":["https:\/\/blogopara.com.br\/wp-content\/uploads\/2023\/06\/thumbnail_52991691637_5fd6b07779_k-1210x642-1-420x265.jpg",420,265,true],"mantranews-featured-long":["https:\/\/blogopara.com.br\/wp-content\/uploads\/2023\/06\/thumbnail_52991691637_5fd6b07779_k-1210x642-1-300x265.jpg",300,265,true],"mantranews-block-medium":["https:\/\/blogopara.com.br\/wp-content\/uploads\/2023\/06\/thumbnail_52991691637_5fd6b07779_k-1210x642-1-464x265.jpg",464,265,true],"mantranews-carousel-image":["https:\/\/blogopara.com.br\/wp-content\/uploads\/2023\/06\/thumbnail_52991691637_5fd6b07779_k-1210x642-1.jpg",500,265,false],"mantranews-block-thumb":["https:\/\/blogopara.com.br\/wp-content\/uploads\/2023\/06\/thumbnail_52991691637_5fd6b07779_k-1210x642-1-322x230.jpg",322,230,true],"mantranews-single-large":["https:\/\/blogopara.com.br\/wp-content\/uploads\/2023\/06\/thumbnail_52991691637_5fd6b07779_k-1210x642-1.jpg",500,265,false]},"uagb_author_info":{"display_name":"Reda\u00e7\u00e3o geral","author_link":"https:\/\/blogopara.com.br\/index.php\/author\/blogopara"},"uagb_comment_info":0,"uagb_excerpt":"A alegria foi o ingrediente especial na \u2018Festa da Colheita\u2019 da Escola Municipal Esta\u00e7\u00e3o do Saber Jos\u00e9 Carlos Tanuri. A comemora\u00e7\u00e3o, realizada nesta quarta-feira (21), contou com muita m\u00fasica, comidas t\u00edpicas, apresenta\u00e7\u00f5es art\u00edsticas dos estudantes, quadrilha e participa\u00e7\u00e3o especial dos sanfoneiros Fl\u00e1vio Bai\u00e3o, Gervilson Duarte e Matheus do Acordeon. &nbsp;A gestora da escola, Virna Sarissa,&hellip;","jetpack_sharing_enabled":true,"jetpack_likes_enabled":true,"_links":{"self":[{"href":"https:\/\/blogopara.com.br\/index.php\/wp-json\/wp\/v2\/posts\/54015","targetHints":{"allow":["GET"]}}],"collection":[{"href":"https:\/\/blogopara.com.br\/index.php\/wp-json\/wp\/v2\/posts"}],"about":[{"href":"https:\/\/blogopara.com.br\/index.php\/wp-json\/wp\/v2\/types\/post"}],"author":[{"embeddable":true,"href":"https:\/\/blogopara.com.br\/index.php\/wp-json\/wp\/v2\/users\/1"}],"replies":[{"embeddable":true,"href":"https:\/\/blogopara.com.br\/index.php\/wp-json\/wp\/v2\/comments?post=54015"}],"version-history":[{"count":2,"href":"https:\/\/blogopara.com.br\/index.php\/wp-json\/wp\/v2\/posts\/54015\/revisions"}],"predecessor-version":[{"id":54080,"href":"https:\/\/blogopara.com.br\/index.php\/wp-json\/wp\/v2\/posts\/54015\/revisions\/54080"}],"wp:featuredmedia":[{"embeddable":true,"href":"https:\/\/blogopara.com.br\/index.php\/wp-json\/wp\/v2\/media\/54079"}],"wp:attachment":[{"href":"https:\/\/blogopara.com.br\/index.php\/wp-json\/wp\/v2\/media?parent=54015"}],"wp:term":[{"taxonomy":"category","embeddable":true,"href":"https:\/\/blogopara.com.br\/index.php\/wp-json\/wp\/v2\/categories?post=54015"},{"taxonomy":"post_tag","embeddable":true,"href":"https:\/\/blogopara.com.br\/index.php\/wp-json\/wp\/v2\/tags?post=54015"}],"curies":[{"name":"wp","href":"https:\/\/api.w.org\/{rel}","templated":true}]}}