{"id":54021,"date":"2023-06-23T09:37:00","date_gmt":"2023-06-23T12:37:00","guid":{"rendered":"https:\/\/blogopara.com.br\/?p=54021"},"modified":"2023-06-22T21:48:56","modified_gmt":"2023-06-23T00:48:56","slug":"reforma-tributaria-sera-votada-no-inicio-de-julho-preve-arthur-lira","status":"publish","type":"post","link":"https:\/\/blogopara.com.br\/index.php\/2023\/06\/23\/reforma-tributaria-sera-votada-no-inicio-de-julho-preve-arthur-lira","title":{"rendered":"Reforma tribut\u00e1ria ser\u00e1 votada no in\u00edcio de julho, prev\u00ea Arthur Lira"},"content":{"rendered":"<p style=\"text-align: justify;\">O presidente da C\u00e2mara dos Deputados, Arthur Lira (PP-AL), disse nesta quinta-feira (22) que a proposta de reforma tribut\u00e1ria deve ser analisada na primeira semana de julho pelo plen\u00e1rio da Casa. O texto da proposta foi discutido pela manh\u00e3 com governadores e outros representantes dos 26 estados e do Distrito Federal.<\/p>\n<p style=\"text-align: justify;\">\u201cO texto ser\u00e1 disponibilizado para que todos possam criticar, e n\u00e3o ser\u00e1 o que vai ser votado. Na reuni\u00e3o foram feitas sugest\u00f5es e eu entendo que ser\u00e3o acomodadas diante do texto. \u00c9 um tema complexo, e o momento \u00e9 agora e temos a obriga\u00e7\u00e3o de entregar a melhor reforma\u201d, afirmou o parlamentar. De acordo com Lira, o relator da proposta, deputado Aguinaldo Ribeiro (PP-PB), apresentar\u00e1 o texto da reforma ainda nesta semana.<\/p>\n<h2 style=\"text-align: justify;\">Fundo de Desenvolvimento Regional<\/h2>\n<p style=\"text-align: justify;\">Entre os principais pontos de discuss\u00e3o est\u00e1 a cria\u00e7\u00e3o do Fundo de Desenvolvimento Regional. A medida permitiria aos estados reduzir al\u00edquotas do imposto sobre Circula\u00e7\u00e3o de Mercadorias e Servi\u00e7os (ICMS) para atrair investimentos.<\/p>\n<p style=\"text-align: justify;\">Segundo o governador de Goi\u00e1s, Ronaldo Caiado, o dispositivo seria uma forma de compensar a arrecada\u00e7\u00e3o de estados produtores, como os do Centro-Oeste e do Norte. Em outra frente, o fundo poderia destinar recursos para os estados consumidores, que atualmente concedem benef\u00edcios fiscais.<\/p>\n<p style=\"text-align: justify;\">\u201cComo estados que n\u00e3o t\u00eam estrutura de outros poder\u00e3o crescer? Precisamos de outra pol\u00edtica para termos capacidade de crescimento\u201d, defendeu Caiado, ap\u00f3s o encontro.<\/p>\n<p style=\"text-align: justify;\">A proposta em discuss\u00e3o prev\u00ea a cria\u00e7\u00e3o do Imposto sobre Bens e Servi\u00e7os (IBS). O tributo substituiria duas contribui\u00e7\u00f5es \u2013 o Programa de Integra\u00e7\u00e3o Social (PIS) e a Contribui\u00e7\u00e3o para o Financiamento da Seguridade Social (Cofins) \u2013 e tr\u00eas impostos \u2013 o Imposto sobre Produtos Industrializados (IPI), o Imposto sobre Servi\u00e7os (ISS) e o ICMS.<\/p>\n<p style=\"text-align: justify;\">Atualmente, as contribui\u00e7\u00f5es ficam inteiramente com a Uni\u00e3o. OIPI \u00e9 partilhado entre Uni\u00e3o e governos locais, o ICMS fica com os estados; e o ISS, com os munic\u00edpios.<\/p>\n","protected":false},"excerpt":{"rendered":"<p>O presidente da C\u00e2mara dos Deputados, Arthur Lira (PP-AL), disse nesta quinta-feira (22) que a proposta de reforma tribut\u00e1ria deve ser analisada na primeira semana de julho pelo plen\u00e1rio da Casa. O texto da proposta foi discutido pela manh\u00e3 com governadores e outros representantes dos 26 estados e do Distrito Federal. \u201cO texto ser\u00e1 disponibilizado [&hellip;]<\/p>\n","protected":false},"author":1,"featured_media":54022,"comment_status":"closed","ping_status":"open","sticky":false,"template":"","format":"standard","meta":{"_uag_custom_page_level_css":"","_monsterinsights_skip_tracking":false,"_monsterinsights_sitenote_active":false,"_monsterinsights_sitenote_note":"","_monsterinsights_sitenote_category":0,"jetpack_post_was_ever_published":false,"_jetpack_newsletter_access":"","_jetpack_dont_email_post_to_subs":false,"_jetpack_newsletter_tier_id":0,"_jetpack_memberships_contains_paywalled_content":false,"_jetpack_memberships_contains_paid_content":false,"footnotes":"","jetpack_publicize_message":"","jetpack_publicize_feature_enabled":true,"jetpack_social_post_already_shared":true,"jetpack_social_options":{"image_generator_settings":{"template":"highway","default_image_id":0,"font":"","enabled":false},"version":2}},"categories":[200,206],"tags":[],"class_list":["post-54021","post","type-post","status-publish","format-standard","has-post-thumbnail","hentry","category-brasil","category-economia"],"jetpack_publicize_connections":[],"jetpack_featured_media_url":"https:\/\/blogopara.com.br\/wp-content\/uploads\/2023\/06\/1504cecd65981355d73d76181afe7ca4.jpeg","uagb_featured_image_src":{"full":["https:\/\/blogopara.com.br\/wp-content\/uploads\/2023\/06\/1504cecd65981355d73d76181afe7ca4.jpeg",500,332,false],"thumbnail":["https:\/\/blogopara.com.br\/wp-content\/uploads\/2023\/06\/1504cecd65981355d73d76181afe7ca4-150x150.jpeg",150,150,true],"medium":["https:\/\/blogopara.com.br\/wp-content\/uploads\/2023\/06\/1504cecd65981355d73d76181afe7ca4-300x199.jpeg",300,199,true],"medium_large":["https:\/\/blogopara.com.br\/wp-content\/uploads\/2023\/06\/1504cecd65981355d73d76181afe7ca4.jpeg",500,332,false],"large":["https:\/\/blogopara.com.br\/wp-content\/uploads\/2023\/06\/1504cecd65981355d73d76181afe7ca4.jpeg",500,332,false],"1536x1536":["https:\/\/blogopara.com.br\/wp-content\/uploads\/2023\/06\/1504cecd65981355d73d76181afe7ca4.jpeg",500,332,false],"2048x2048":["https:\/\/blogopara.com.br\/wp-content\/uploads\/2023\/06\/1504cecd65981355d73d76181afe7ca4.jpeg",500,332,false],"mantranews-slider-large":["https:\/\/blogopara.com.br\/wp-content\/uploads\/2023\/06\/1504cecd65981355d73d76181afe7ca4.jpeg",500,332,false],"mantranews-featured-medium":["https:\/\/blogopara.com.br\/wp-content\/uploads\/2023\/06\/1504cecd65981355d73d76181afe7ca4-420x307.jpeg",420,307,true],"mantranews-featured-long":["https:\/\/blogopara.com.br\/wp-content\/uploads\/2023\/06\/1504cecd65981355d73d76181afe7ca4-300x332.jpeg",300,332,true],"mantranews-block-medium":["https:\/\/blogopara.com.br\/wp-content\/uploads\/2023\/06\/1504cecd65981355d73d76181afe7ca4-464x290.jpeg",464,290,true],"mantranews-carousel-image":["https:\/\/blogopara.com.br\/wp-content\/uploads\/2023\/06\/1504cecd65981355d73d76181afe7ca4.jpeg",500,332,false],"mantranews-block-thumb":["https:\/\/blogopara.com.br\/wp-content\/uploads\/2023\/06\/1504cecd65981355d73d76181afe7ca4-322x230.jpeg",322,230,true],"mantranews-single-large":["https:\/\/blogopara.com.br\/wp-content\/uploads\/2023\/06\/1504cecd65981355d73d76181afe7ca4.jpeg",500,332,false]},"uagb_author_info":{"display_name":"Reda\u00e7\u00e3o geral","author_link":"https:\/\/blogopara.com.br\/index.php\/author\/blogopara"},"uagb_comment_info":0,"uagb_excerpt":"O presidente da C\u00e2mara dos Deputados, Arthur Lira (PP-AL), disse nesta quinta-feira (22) que a proposta de reforma tribut\u00e1ria deve ser analisada na primeira semana de julho pelo plen\u00e1rio da Casa. O texto da proposta foi discutido pela manh\u00e3 com governadores e outros representantes dos 26 estados e do Distrito Federal. \u201cO texto ser\u00e1 disponibilizado&hellip;","jetpack_sharing_enabled":true,"jetpack_likes_enabled":true,"_links":{"self":[{"href":"https:\/\/blogopara.com.br\/index.php\/wp-json\/wp\/v2\/posts\/54021","targetHints":{"allow":["GET"]}}],"collection":[{"href":"https:\/\/blogopara.com.br\/index.php\/wp-json\/wp\/v2\/posts"}],"about":[{"href":"https:\/\/blogopara.com.br\/index.php\/wp-json\/wp\/v2\/types\/post"}],"author":[{"embeddable":true,"href":"https:\/\/blogopara.com.br\/index.php\/wp-json\/wp\/v2\/users\/1"}],"replies":[{"embeddable":true,"href":"https:\/\/blogopara.com.br\/index.php\/wp-json\/wp\/v2\/comments?post=54021"}],"version-history":[{"count":1,"href":"https:\/\/blogopara.com.br\/index.php\/wp-json\/wp\/v2\/posts\/54021\/revisions"}],"predecessor-version":[{"id":54023,"href":"https:\/\/blogopara.com.br\/index.php\/wp-json\/wp\/v2\/posts\/54021\/revisions\/54023"}],"wp:featuredmedia":[{"embeddable":true,"href":"https:\/\/blogopara.com.br\/index.php\/wp-json\/wp\/v2\/media\/54022"}],"wp:attachment":[{"href":"https:\/\/blogopara.com.br\/index.php\/wp-json\/wp\/v2\/media?parent=54021"}],"wp:term":[{"taxonomy":"category","embeddable":true,"href":"https:\/\/blogopara.com.br\/index.php\/wp-json\/wp\/v2\/categories?post=54021"},{"taxonomy":"post_tag","embeddable":true,"href":"https:\/\/blogopara.com.br\/index.php\/wp-json\/wp\/v2\/tags?post=54021"}],"curies":[{"name":"wp","href":"https:\/\/api.w.org\/{rel}","templated":true}]}}