{"id":54070,"date":"2023-06-24T15:49:00","date_gmt":"2023-06-24T18:49:00","guid":{"rendered":"https:\/\/blogopara.com.br\/?p=54070"},"modified":"2023-06-23T12:11:33","modified_gmt":"2023-06-23T15:11:33","slug":"tcm-aprova-contas-do-presidente-da-camara-de-vereadores-de-juazeiro-berg-da-carnaiba","status":"publish","type":"post","link":"https:\/\/blogopara.com.br\/index.php\/2023\/06\/24\/tcm-aprova-contas-do-presidente-da-camara-de-vereadores-de-juazeiro-berg-da-carnaiba","title":{"rendered":"TCM aprova contas do Presidente da C\u00e2mara de Vereadores de Juazeiro, Berg da Carna\u00edba"},"content":{"rendered":"<p style=\"text-align: justify;\">O Tribunal de Contas dos Munic\u00edpios (TCM) aprovou, sem ressalvas, a presta\u00e7\u00e3o de contas do Presidente da C\u00e2mara Municipal de Juazeiro, Berg da Carna\u00edba, referente ao exerc\u00edcio financeiro de 2021.\u00a0 A aprova\u00e7\u00e3o foi publicada nessa quarta-feira (21).<\/p>\n<p style=\"text-align: justify;\">Berg da Carna\u00edba recebeu ainda uma avalia\u00e7\u00e3o considerada desejada, com \u00edndice de transpar\u00eancia de 9,44, de uma escala de 0 a 10, sendo umas das mais altas da regi\u00e3o.<\/p>\n<p style=\"text-align: justify;\">O TCM destacou ainda que n\u00e3o foram constatadas, at\u00e9 presente data, pend\u00eancias<\/p>\n<p style=\"text-align: justify;\">O Tribunal de Contas dos Munic\u00edpios (TCM) aprovou, sem ressalvas, a presta\u00e7\u00e3o de contas do Presidente da C\u00e2mara Municipal de Juazeiro, Berg da Carna\u00edba, referente ao exerc\u00edcio financeiro de 2021.\u00a0 A aprova\u00e7\u00e3o foi publicada nessa quarta-feira (21).<\/p>\n<p style=\"text-align: justify;\">Berg da Carna\u00edba recebeu ainda uma avalia\u00e7\u00e3o considerada desejada, com \u00edndice de transpar\u00eancia de 9,44, de uma escala de 0 a 10, sendo umas das mais altas da regi\u00e3o.<\/p>\n<p style=\"text-align: justify;\">O TCM destacou ainda que n\u00e3o foram constatadas, at\u00e9 presente data, pend\u00eancias de multa ou de ressarcimento contra o Presidente da CMJ, Berg da Carna\u00edba.<\/p>\n<p style=\"text-align: justify;\">\u201cRecebo essa aprova\u00e7\u00e3o com muita felicidade e sensa\u00e7\u00e3o de dever cumprido, pois temos primado pela transpar\u00eancia e seriedade na utiliza\u00e7\u00e3o dos recursos p\u00fablicos. Desta forma, o TCM atesta o nosso trabalho na condu\u00e7\u00e3o da casa povo de Juazeiro. Divido esta satisfa\u00e7\u00e3o com meus pares, os vereadores, e tamb\u00e9m com a popula\u00e7\u00e3o juazeirense\u201d, declarou Berg da Carna\u00edba.<\/p>\n<p style=\"text-align: justify;\">de multa ou de ressarcimento contra o Presidente da CMJ, Berg da Carna\u00edba.<\/p>\n<p style=\"text-align: justify;\">\u201cRecebo essa aprova\u00e7\u00e3o com muita felicidade e sensa\u00e7\u00e3o de dever cumprido, pois temos primado pela transpar\u00eancia e seriedade na utiliza\u00e7\u00e3o dos recursos p\u00fablicos. Desta forma, o TCM atesta o nosso trabalho na condu\u00e7\u00e3o da casa povo de Juazeiro. Divido esta satisfa\u00e7\u00e3o com meus pares, os vereadores, e tamb\u00e9m com a popula\u00e7\u00e3o juazeirense\u201d, declarou Berg da Carna\u00edba.<\/p>\n","protected":false},"excerpt":{"rendered":"<p>O Tribunal de Contas dos Munic\u00edpios (TCM) aprovou, sem ressalvas, a presta\u00e7\u00e3o de contas do Presidente da C\u00e2mara Municipal de Juazeiro, Berg da Carna\u00edba, referente ao exerc\u00edcio financeiro de 2021.\u00a0 A aprova\u00e7\u00e3o foi publicada nessa quarta-feira (21). Berg da Carna\u00edba recebeu ainda uma avalia\u00e7\u00e3o considerada desejada, com \u00edndice de transpar\u00eancia de 9,44, de uma escala [&hellip;]<\/p>\n","protected":false},"author":1,"featured_media":39768,"comment_status":"closed","ping_status":"open","sticky":false,"template":"","format":"standard","meta":{"_uag_custom_page_level_css":"","_monsterinsights_skip_tracking":false,"_monsterinsights_sitenote_active":false,"_monsterinsights_sitenote_note":"","_monsterinsights_sitenote_category":0,"jetpack_post_was_ever_published":false,"_jetpack_newsletter_access":"","_jetpack_dont_email_post_to_subs":false,"_jetpack_newsletter_tier_id":0,"_jetpack_memberships_contains_paywalled_content":false,"_jetpack_memberships_contains_paid_content":false,"footnotes":"","jetpack_publicize_message":"","jetpack_publicize_feature_enabled":true,"jetpack_social_post_already_shared":true,"jetpack_social_options":{"image_generator_settings":{"template":"highway","default_image_id":0,"font":"","enabled":false},"version":2}},"categories":[203,197],"tags":[],"class_list":["post-54070","post","type-post","status-publish","format-standard","has-post-thumbnail","hentry","category-juazeiro","category-politica"],"jetpack_publicize_connections":[],"jetpack_featured_media_url":"https:\/\/blogopara.com.br\/wp-content\/uploads\/2022\/07\/BERG.jpg","uagb_featured_image_src":{"full":["https:\/\/blogopara.com.br\/wp-content\/uploads\/2022\/07\/BERG.jpg",500,333,false],"thumbnail":["https:\/\/blogopara.com.br\/wp-content\/uploads\/2022\/07\/BERG-150x150.jpg",150,150,true],"medium":["https:\/\/blogopara.com.br\/wp-content\/uploads\/2022\/07\/BERG-300x200.jpg",300,200,true],"medium_large":["https:\/\/blogopara.com.br\/wp-content\/uploads\/2022\/07\/BERG.jpg",500,333,false],"large":["https:\/\/blogopara.com.br\/wp-content\/uploads\/2022\/07\/BERG.jpg",500,333,false],"1536x1536":["https:\/\/blogopara.com.br\/wp-content\/uploads\/2022\/07\/BERG.jpg",500,333,false],"2048x2048":["https:\/\/blogopara.com.br\/wp-content\/uploads\/2022\/07\/BERG.jpg",500,333,false],"mantranews-slider-large":["https:\/\/blogopara.com.br\/wp-content\/uploads\/2022\/07\/BERG.jpg",500,333,false],"mantranews-featured-medium":["https:\/\/blogopara.com.br\/wp-content\/uploads\/2022\/07\/BERG-420x307.jpg",420,307,true],"mantranews-featured-long":["https:\/\/blogopara.com.br\/wp-content\/uploads\/2022\/07\/BERG-300x333.jpg",300,333,true],"mantranews-block-medium":["https:\/\/blogopara.com.br\/wp-content\/uploads\/2022\/07\/BERG-464x290.jpg",464,290,true],"mantranews-carousel-image":["https:\/\/blogopara.com.br\/wp-content\/uploads\/2022\/07\/BERG.jpg",500,333,false],"mantranews-block-thumb":["https:\/\/blogopara.com.br\/wp-content\/uploads\/2022\/07\/BERG-322x230.jpg",322,230,true],"mantranews-single-large":["https:\/\/blogopara.com.br\/wp-content\/uploads\/2022\/07\/BERG.jpg",500,333,false]},"uagb_author_info":{"display_name":"Reda\u00e7\u00e3o geral","author_link":"https:\/\/blogopara.com.br\/index.php\/author\/blogopara"},"uagb_comment_info":0,"uagb_excerpt":"O Tribunal de Contas dos Munic\u00edpios (TCM) aprovou, sem ressalvas, a presta\u00e7\u00e3o de contas do Presidente da C\u00e2mara Municipal de Juazeiro, Berg da Carna\u00edba, referente ao exerc\u00edcio financeiro de 2021.\u00a0 A aprova\u00e7\u00e3o foi publicada nessa quarta-feira (21). Berg da Carna\u00edba recebeu ainda uma avalia\u00e7\u00e3o considerada desejada, com \u00edndice de transpar\u00eancia de 9,44, de uma escala&hellip;","jetpack_sharing_enabled":true,"jetpack_likes_enabled":true,"_links":{"self":[{"href":"https:\/\/blogopara.com.br\/index.php\/wp-json\/wp\/v2\/posts\/54070","targetHints":{"allow":["GET"]}}],"collection":[{"href":"https:\/\/blogopara.com.br\/index.php\/wp-json\/wp\/v2\/posts"}],"about":[{"href":"https:\/\/blogopara.com.br\/index.php\/wp-json\/wp\/v2\/types\/post"}],"author":[{"embeddable":true,"href":"https:\/\/blogopara.com.br\/index.php\/wp-json\/wp\/v2\/users\/1"}],"replies":[{"embeddable":true,"href":"https:\/\/blogopara.com.br\/index.php\/wp-json\/wp\/v2\/comments?post=54070"}],"version-history":[{"count":1,"href":"https:\/\/blogopara.com.br\/index.php\/wp-json\/wp\/v2\/posts\/54070\/revisions"}],"predecessor-version":[{"id":54071,"href":"https:\/\/blogopara.com.br\/index.php\/wp-json\/wp\/v2\/posts\/54070\/revisions\/54071"}],"wp:featuredmedia":[{"embeddable":true,"href":"https:\/\/blogopara.com.br\/index.php\/wp-json\/wp\/v2\/media\/39768"}],"wp:attachment":[{"href":"https:\/\/blogopara.com.br\/index.php\/wp-json\/wp\/v2\/media?parent=54070"}],"wp:term":[{"taxonomy":"category","embeddable":true,"href":"https:\/\/blogopara.com.br\/index.php\/wp-json\/wp\/v2\/categories?post=54070"},{"taxonomy":"post_tag","embeddable":true,"href":"https:\/\/blogopara.com.br\/index.php\/wp-json\/wp\/v2\/tags?post=54070"}],"curies":[{"name":"wp","href":"https:\/\/api.w.org\/{rel}","templated":true}]}}