{"id":54103,"date":"2023-06-25T08:57:00","date_gmt":"2023-06-25T11:57:00","guid":{"rendered":"https:\/\/blogopara.com.br\/?p=54103"},"modified":"2023-06-24T11:24:52","modified_gmt":"2023-06-24T14:24:52","slug":"juazeiro-vereador-lourival-quirino-indica-pavimentacao-em-diversas-ruas-nos-bairros-da-periferia-da-cidade","status":"publish","type":"post","link":"https:\/\/blogopara.com.br\/index.php\/2023\/06\/25\/juazeiro-vereador-lourival-quirino-indica-pavimentacao-em-diversas-ruas-nos-bairros-da-periferia-da-cidade","title":{"rendered":"Juazeiro: Vereador Lourival Quirino indica pavimenta\u00e7\u00e3o em diversas ruas nos bairros da periferia da cidade"},"content":{"rendered":"<p style=\"text-align: justify;\"><span style=\"font-size: revert; color: initial;\">O vereador Lourival Quirino (Sem partido) em reuni\u00e3o com a prefeita Suzana Ramos (PSDB) fez indica\u00e7\u00f5es para pavimenta\u00e7\u00e3o de diversas ruas na periferia da cidade.<\/span><\/p>\n<div class=\"news-corpo\">\n<div class=\"container\">\n<div class=\"row cartao\">\n<div class=\"col-12\">\n<div class=\"elemento elemento-texto-imagem\">\n<p style=\"text-align: justify;\">Dentre as localidades citadas por Lourival, est\u00e3o as ruas F e Pe. Clemente e a avenida da Paz, no Bairro Malhada da Areia, sete ruas no bairro Jardim Primavera, entre elas as ruas E &#8211; EMEI e a 18, no bairro Argemiro ser\u00e3o quatro ruas, entre elas, as ruas Sete de Setembro e a Belo Jardim; no bairro da Pedra do Lord ser\u00e3o tr\u00eas ruas, entre elas, a rua Leopoldo Celso da Cunha e no bairro Ant\u00f4nio Guilhermino ser\u00e3o tr\u00eas ruas, entre elas, as ruas Um e a 18.<\/p>\n<p style=\"text-align: justify;\">O vereador informou que se tratam de vias p\u00fablicas em \u00e1reas residenciais importantes e em cont\u00ednuo desenvolvimento. \u201cOs moradores destas localidades s\u00e3o cidad\u00e3os trabalhadores que regularmente contribuem com recolhimento de tributos aos cofres p\u00fablicos. Assim, a pavimenta\u00e7\u00e3o das ruas para garantir dignidade, bem-estar e melhor qualidade de vida a estes contribuintes e suas fam\u00edlias\u201d, justificou o vereador.<\/p>\n<\/div>\n<\/div>\n<\/div>\n<\/div>\n<\/div>\n","protected":false},"excerpt":{"rendered":"<p>O vereador Lourival Quirino (Sem partido) em reuni\u00e3o com a prefeita Suzana Ramos (PSDB) fez indica\u00e7\u00f5es para pavimenta\u00e7\u00e3o de diversas ruas na periferia da cidade. Dentre as localidades citadas por Lourival, est\u00e3o as ruas F e Pe. Clemente e a avenida da Paz, no Bairro Malhada da Areia, sete ruas no bairro Jardim Primavera, entre [&hellip;]<\/p>\n","protected":false},"author":1,"featured_media":46447,"comment_status":"closed","ping_status":"open","sticky":false,"template":"","format":"standard","meta":{"_uag_custom_page_level_css":"","_monsterinsights_skip_tracking":false,"_monsterinsights_sitenote_active":false,"_monsterinsights_sitenote_note":"","_monsterinsights_sitenote_category":0,"jetpack_post_was_ever_published":false,"_jetpack_newsletter_access":"","_jetpack_dont_email_post_to_subs":false,"_jetpack_newsletter_tier_id":0,"_jetpack_memberships_contains_paywalled_content":false,"_jetpack_memberships_contains_paid_content":false,"footnotes":"","jetpack_publicize_message":"","jetpack_publicize_feature_enabled":true,"jetpack_social_post_already_shared":true,"jetpack_social_options":{"image_generator_settings":{"template":"highway","default_image_id":0,"font":"","enabled":false},"version":2}},"categories":[203,1720],"tags":[3936,1832,1508],"class_list":["post-54103","post","type-post","status-publish","format-standard","has-post-thumbnail","hentry","category-juazeiro","category-obras","tag-dignidade","tag-lourival-quirino","tag-suzana-ramos"],"jetpack_publicize_connections":[],"jetpack_featured_media_url":"https:\/\/blogopara.com.br\/wp-content\/uploads\/2022\/11\/lourival-quirino-boa-1-620x301-1.jpg","uagb_featured_image_src":{"full":["https:\/\/blogopara.com.br\/wp-content\/uploads\/2022\/11\/lourival-quirino-boa-1-620x301-1.jpg",500,242,false],"thumbnail":["https:\/\/blogopara.com.br\/wp-content\/uploads\/2022\/11\/lourival-quirino-boa-1-620x301-1-150x150.jpg",150,150,true],"medium":["https:\/\/blogopara.com.br\/wp-content\/uploads\/2022\/11\/lourival-quirino-boa-1-620x301-1-300x145.jpg",300,145,true],"medium_large":["https:\/\/blogopara.com.br\/wp-content\/uploads\/2022\/11\/lourival-quirino-boa-1-620x301-1.jpg",500,242,false],"large":["https:\/\/blogopara.com.br\/wp-content\/uploads\/2022\/11\/lourival-quirino-boa-1-620x301-1.jpg",500,242,false],"1536x1536":["https:\/\/blogopara.com.br\/wp-content\/uploads\/2022\/11\/lourival-quirino-boa-1-620x301-1.jpg",500,242,false],"2048x2048":["https:\/\/blogopara.com.br\/wp-content\/uploads\/2022\/11\/lourival-quirino-boa-1-620x301-1.jpg",500,242,false],"mantranews-slider-large":["https:\/\/blogopara.com.br\/wp-content\/uploads\/2022\/11\/lourival-quirino-boa-1-620x301-1.jpg",500,242,false],"mantranews-featured-medium":["https:\/\/blogopara.com.br\/wp-content\/uploads\/2022\/11\/lourival-quirino-boa-1-620x301-1-420x242.jpg",420,242,true],"mantranews-featured-long":["https:\/\/blogopara.com.br\/wp-content\/uploads\/2022\/11\/lourival-quirino-boa-1-620x301-1-300x242.jpg",300,242,true],"mantranews-block-medium":["https:\/\/blogopara.com.br\/wp-content\/uploads\/2022\/11\/lourival-quirino-boa-1-620x301-1-464x242.jpg",464,242,true],"mantranews-carousel-image":["https:\/\/blogopara.com.br\/wp-content\/uploads\/2022\/11\/lourival-quirino-boa-1-620x301-1.jpg",500,242,false],"mantranews-block-thumb":["https:\/\/blogopara.com.br\/wp-content\/uploads\/2022\/11\/lourival-quirino-boa-1-620x301-1-322x230.jpg",322,230,true],"mantranews-single-large":["https:\/\/blogopara.com.br\/wp-content\/uploads\/2022\/11\/lourival-quirino-boa-1-620x301-1.jpg",500,242,false]},"uagb_author_info":{"display_name":"Reda\u00e7\u00e3o geral","author_link":"https:\/\/blogopara.com.br\/index.php\/author\/blogopara"},"uagb_comment_info":0,"uagb_excerpt":"O vereador Lourival Quirino (Sem partido) em reuni\u00e3o com a prefeita Suzana Ramos (PSDB) fez indica\u00e7\u00f5es para pavimenta\u00e7\u00e3o de diversas ruas na periferia da cidade. Dentre as localidades citadas por Lourival, est\u00e3o as ruas F e Pe. Clemente e a avenida da Paz, no Bairro Malhada da Areia, sete ruas no bairro Jardim Primavera, entre&hellip;","jetpack_sharing_enabled":true,"jetpack_likes_enabled":true,"_links":{"self":[{"href":"https:\/\/blogopara.com.br\/index.php\/wp-json\/wp\/v2\/posts\/54103","targetHints":{"allow":["GET"]}}],"collection":[{"href":"https:\/\/blogopara.com.br\/index.php\/wp-json\/wp\/v2\/posts"}],"about":[{"href":"https:\/\/blogopara.com.br\/index.php\/wp-json\/wp\/v2\/types\/post"}],"author":[{"embeddable":true,"href":"https:\/\/blogopara.com.br\/index.php\/wp-json\/wp\/v2\/users\/1"}],"replies":[{"embeddable":true,"href":"https:\/\/blogopara.com.br\/index.php\/wp-json\/wp\/v2\/comments?post=54103"}],"version-history":[{"count":1,"href":"https:\/\/blogopara.com.br\/index.php\/wp-json\/wp\/v2\/posts\/54103\/revisions"}],"predecessor-version":[{"id":54104,"href":"https:\/\/blogopara.com.br\/index.php\/wp-json\/wp\/v2\/posts\/54103\/revisions\/54104"}],"wp:featuredmedia":[{"embeddable":true,"href":"https:\/\/blogopara.com.br\/index.php\/wp-json\/wp\/v2\/media\/46447"}],"wp:attachment":[{"href":"https:\/\/blogopara.com.br\/index.php\/wp-json\/wp\/v2\/media?parent=54103"}],"wp:term":[{"taxonomy":"category","embeddable":true,"href":"https:\/\/blogopara.com.br\/index.php\/wp-json\/wp\/v2\/categories?post=54103"},{"taxonomy":"post_tag","embeddable":true,"href":"https:\/\/blogopara.com.br\/index.php\/wp-json\/wp\/v2\/tags?post=54103"}],"curies":[{"name":"wp","href":"https:\/\/api.w.org\/{rel}","templated":true}]}}