{"id":54105,"date":"2023-06-28T08:12:00","date_gmt":"2023-06-28T11:12:00","guid":{"rendered":"https:\/\/blogopara.com.br\/?p=54105"},"modified":"2023-06-27T21:29:09","modified_gmt":"2023-06-28T00:29:09","slug":"juazeiro-ex-sindico-do-condominio-jardim-vitoria-vai-ser-investigado-pelo-ministerio-publico-federal-por-irregularidades","status":"publish","type":"post","link":"https:\/\/blogopara.com.br\/index.php\/2023\/06\/28\/juazeiro-ex-sindico-do-condominio-jardim-vitoria-vai-ser-investigado-pelo-ministerio-publico-federal-por-irregularidades","title":{"rendered":"Juazeiro: Ex-s\u00edndico do Condom\u00ednio Jardim Vit\u00f3ria vai ser investigado pelo Minist\u00e9rio P\u00fablico Federal por irregularidades"},"content":{"rendered":"<p style=\"text-align: justify;\">O ex-s\u00edndico do Condom\u00ednio Jardim Vit\u00f3ria, Hildesandro Gon\u00e7alves Reis, n\u00e3o est\u00e1 tendo vida f\u00e1cil, ap\u00f3s ser afastado da dire\u00e7\u00e3o do condom\u00ednio por decis\u00e3o judicial, conforme publicamos [<a href=\"https:\/\/blogopara.com.br\/index.php\/2023\/04\/03\/juazeiro-justica-determina-o-afastamento-do-sindico-do-condominio-jardim-vitoria\">Juazeiro: Justi\u00e7a determina o afastamento do s\u00edndico do condom\u00ednio Jardim Vit\u00f3ria<\/a>] agora o Minist\u00e9rio P\u00fablico Federal abriu um inqu\u00e9rito para apurar uma suposta irregularidade impetrada por Hildesandro Reis, que \u00e9 servidor efetivo da EBSERH (Empresa Brasileira de Servi\u00e7os Hospitalares) empresa p\u00fablica que administra o Hospital de Traumas, em Petrolina\/PE.<\/p>\n<p style=\"text-align: justify;\">Segundo consta na Portaria n\u00famero 3, de 18 de abril de 2023, assinada pela procuradora federal, Ticiana Andrea Sales, a dire\u00e7\u00e3o do Hospital teria denunciado que o servidor, mesmo afastado das fun\u00e7\u00f5es laborais e recebendo auxilio doen\u00e7a pelo INSS, estaria exercendo fun\u00e7\u00e3o remunerat\u00f3ria como s\u00edndico do condom\u00ednio Jardim Vit\u00f3ria.<\/p>\n<p style=\"text-align: justify;\">Um advogado ouvido pelo blog, disse que a situa\u00e7\u00e3o de Hildesandro Reis \u00e9 grav\u00edssima e pode resultar na perca da fun\u00e7\u00e3o e em ter que devolver tudo que recebeu do INSS, durante o per\u00edodo em que o mesmo esteve exercendo a fun\u00e7\u00e3o de sindico do condom\u00ednio Jardim Vit\u00f3ria.<\/p>\n<p style=\"text-align: justify;\">Diferente das praticas irregulares do ex-sindico, os moradores do condom\u00ednio resolveram atrav\u00e9s de Assembleia, escolher um novo sindico para terminar o exerc\u00edcio at\u00e9 o dia 31\/12\/2023.<\/p>\n<p style=\"text-align: justify;\">O s\u00edndico interino Diego Martins, j\u00e1 no exerc\u00edcio da fun\u00e7\u00e3o baixou uma Nota Oficial esclarecendo e determinando que todas as delibera\u00e7\u00f5es est\u00e3o respaldas pela Lei, portanto, nenhuma interven\u00e7\u00e3o de Hildesandro Reis no dia a dia do condom\u00ednio ter\u00e1 aparo legal.<\/p>\n<blockquote>\n<h3 style=\"text-align: justify;\">Cabe ressaltar que todo o processo ocorreu dentro dos tr\u00e2mites legais exigidos tanto no ESTATUDO DO CONDOM\u00cdNIO, quanto pelo C\u00f3digo CIVIL, em seu artigo 1.355, assim transcrito: &#8220;Assembleias extraordin\u00e1rias poder\u00e3o ser convocadas pelo sindico ou por um quarto dos cond\u00f4minos&#8221;, ressaltou o novo s\u00edndico.<\/h3>\n<\/blockquote>\n<p style=\"text-align: justify;\">Um outro morador que n\u00e3o preferiu se identificar, disse que desde 2021 que os cond\u00f4minos est\u00e3o numa batalha, visando unicamente o restabelecimento da ordem jur\u00eddica no condom\u00ednio Jardim Vit\u00f3ria. \u201cComo \u00e9 de conhecimento de todos o atual s\u00edndico (ora afastado definitivamente por ordem judicial) fez a partir de 2020 diversas altera\u00e7\u00f5es todas a revelia da lei em nossa conven\u00e7\u00e3o, sendo entre elas a altera\u00e7\u00e3o do Art. 7\u00b0 da nossa Conven\u00e7\u00e3o, passando o mandato de s\u00edndico de 01 para 02 anos, a outra, foi a extin\u00e7\u00e3o da figura de Subs\u00edndico, assim como, a altera\u00e7\u00e3o no Conselho Fiscal. Todas as altera\u00e7\u00f5es foram ilegais conforme a senten\u00e7a\u201d, ressaltou o morador.<\/p>\n<p>Confira os documentos:<\/p>\n<p><a href=\"https:\/\/blogopara.com.br\/wp-content\/uploads\/2023\/06\/Nota-Oficial-01.pdf\">Nota Oficial 01<\/a><\/p>\n<p><a href=\"https:\/\/blogopara.com.br\/wp-content\/uploads\/2023\/06\/Portaria.pdf\">Portaria<\/a><\/p>\n","protected":false},"excerpt":{"rendered":"<p>O ex-s\u00edndico do Condom\u00ednio Jardim Vit\u00f3ria, Hildesandro Gon\u00e7alves Reis, n\u00e3o est\u00e1 tendo vida f\u00e1cil, ap\u00f3s ser afastado da dire\u00e7\u00e3o do condom\u00ednio por decis\u00e3o judicial, conforme publicamos [Juazeiro: Justi\u00e7a determina o afastamento do s\u00edndico do condom\u00ednio Jardim Vit\u00f3ria] agora o Minist\u00e9rio P\u00fablico Federal abriu um inqu\u00e9rito para apurar uma suposta irregularidade impetrada por Hildesandro Reis, que [&hellip;]<\/p>\n","protected":false},"author":1,"featured_media":54266,"comment_status":"closed","ping_status":"open","sticky":false,"template":"","format":"standard","meta":{"_uag_custom_page_level_css":"","_monsterinsights_skip_tracking":false,"_monsterinsights_sitenote_active":false,"_monsterinsights_sitenote_note":"","_monsterinsights_sitenote_category":0,"jetpack_post_was_ever_published":false,"_jetpack_newsletter_access":"","_jetpack_dont_email_post_to_subs":false,"_jetpack_newsletter_tier_id":0,"_jetpack_memberships_contains_paywalled_content":false,"_jetpack_memberships_contains_paid_content":false,"footnotes":"","jetpack_publicize_message":"","jetpack_publicize_feature_enabled":true,"jetpack_social_post_already_shared":true,"jetpack_social_options":{"image_generator_settings":{"template":"highway","default_image_id":0,"font":"","enabled":false},"version":2}},"categories":[203],"tags":[4112,833,170],"class_list":["post-54105","post","type-post","status-publish","format-standard","has-post-thumbnail","hentry","category-juazeiro","tag-assembleia","tag-decisao","tag-justica"],"jetpack_publicize_connections":[],"jetpack_featured_media_url":"https:\/\/blogopara.com.br\/wp-content\/uploads\/2023\/06\/mpjuazeiroePNZ.jpg","uagb_featured_image_src":{"full":["https:\/\/blogopara.com.br\/wp-content\/uploads\/2023\/06\/mpjuazeiroePNZ.jpg",500,368,false],"thumbnail":["https:\/\/blogopara.com.br\/wp-content\/uploads\/2023\/06\/mpjuazeiroePNZ-150x150.jpg",150,150,true],"medium":["https:\/\/blogopara.com.br\/wp-content\/uploads\/2023\/06\/mpjuazeiroePNZ-300x221.jpg",300,221,true],"medium_large":["https:\/\/blogopara.com.br\/wp-content\/uploads\/2023\/06\/mpjuazeiroePNZ.jpg",500,368,false],"large":["https:\/\/blogopara.com.br\/wp-content\/uploads\/2023\/06\/mpjuazeiroePNZ.jpg",500,368,false],"1536x1536":["https:\/\/blogopara.com.br\/wp-content\/uploads\/2023\/06\/mpjuazeiroePNZ.jpg",500,368,false],"2048x2048":["https:\/\/blogopara.com.br\/wp-content\/uploads\/2023\/06\/mpjuazeiroePNZ.jpg",500,368,false],"mantranews-slider-large":["https:\/\/blogopara.com.br\/wp-content\/uploads\/2023\/06\/mpjuazeiroePNZ.jpg",500,368,false],"mantranews-featured-medium":["https:\/\/blogopara.com.br\/wp-content\/uploads\/2023\/06\/mpjuazeiroePNZ-420x307.jpg",420,307,true],"mantranews-featured-long":["https:\/\/blogopara.com.br\/wp-content\/uploads\/2023\/06\/mpjuazeiroePNZ-300x368.jpg",300,368,true],"mantranews-block-medium":["https:\/\/blogopara.com.br\/wp-content\/uploads\/2023\/06\/mpjuazeiroePNZ-464x290.jpg",464,290,true],"mantranews-carousel-image":["https:\/\/blogopara.com.br\/wp-content\/uploads\/2023\/06\/mpjuazeiroePNZ.jpg",500,368,false],"mantranews-block-thumb":["https:\/\/blogopara.com.br\/wp-content\/uploads\/2023\/06\/mpjuazeiroePNZ-322x230.jpg",322,230,true],"mantranews-single-large":["https:\/\/blogopara.com.br\/wp-content\/uploads\/2023\/06\/mpjuazeiroePNZ.jpg",500,368,false]},"uagb_author_info":{"display_name":"Reda\u00e7\u00e3o geral","author_link":"https:\/\/blogopara.com.br\/index.php\/author\/blogopara"},"uagb_comment_info":0,"uagb_excerpt":"O ex-s\u00edndico do Condom\u00ednio Jardim Vit\u00f3ria, Hildesandro Gon\u00e7alves Reis, n\u00e3o est\u00e1 tendo vida f\u00e1cil, ap\u00f3s ser afastado da dire\u00e7\u00e3o do condom\u00ednio por decis\u00e3o judicial, conforme publicamos [Juazeiro: Justi\u00e7a determina o afastamento do s\u00edndico do condom\u00ednio Jardim Vit\u00f3ria] agora o Minist\u00e9rio P\u00fablico Federal abriu um inqu\u00e9rito para apurar uma suposta irregularidade impetrada por Hildesandro Reis, que&hellip;","jetpack_sharing_enabled":true,"jetpack_likes_enabled":true,"_links":{"self":[{"href":"https:\/\/blogopara.com.br\/index.php\/wp-json\/wp\/v2\/posts\/54105","targetHints":{"allow":["GET"]}}],"collection":[{"href":"https:\/\/blogopara.com.br\/index.php\/wp-json\/wp\/v2\/posts"}],"about":[{"href":"https:\/\/blogopara.com.br\/index.php\/wp-json\/wp\/v2\/types\/post"}],"author":[{"embeddable":true,"href":"https:\/\/blogopara.com.br\/index.php\/wp-json\/wp\/v2\/users\/1"}],"replies":[{"embeddable":true,"href":"https:\/\/blogopara.com.br\/index.php\/wp-json\/wp\/v2\/comments?post=54105"}],"version-history":[{"count":4,"href":"https:\/\/blogopara.com.br\/index.php\/wp-json\/wp\/v2\/posts\/54105\/revisions"}],"predecessor-version":[{"id":54267,"href":"https:\/\/blogopara.com.br\/index.php\/wp-json\/wp\/v2\/posts\/54105\/revisions\/54267"}],"wp:featuredmedia":[{"embeddable":true,"href":"https:\/\/blogopara.com.br\/index.php\/wp-json\/wp\/v2\/media\/54266"}],"wp:attachment":[{"href":"https:\/\/blogopara.com.br\/index.php\/wp-json\/wp\/v2\/media?parent=54105"}],"wp:term":[{"taxonomy":"category","embeddable":true,"href":"https:\/\/blogopara.com.br\/index.php\/wp-json\/wp\/v2\/categories?post=54105"},{"taxonomy":"post_tag","embeddable":true,"href":"https:\/\/blogopara.com.br\/index.php\/wp-json\/wp\/v2\/tags?post=54105"}],"curies":[{"name":"wp","href":"https:\/\/api.w.org\/{rel}","templated":true}]}}