{"id":54113,"date":"2023-06-25T11:02:55","date_gmt":"2023-06-25T14:02:55","guid":{"rendered":"https:\/\/blogopara.com.br\/?p=54113"},"modified":"2023-06-25T11:02:57","modified_gmt":"2023-06-25T14:02:57","slug":"alegria-fe-e-devocao-marcam-festejos-de-sao-joao-no-distrito-de-juremal","status":"publish","type":"post","link":"https:\/\/blogopara.com.br\/index.php\/2023\/06\/25\/alegria-fe-e-devocao-marcam-festejos-de-sao-joao-no-distrito-de-juremal","title":{"rendered":"Alegria, f\u00e9 e devo\u00e7\u00e3o marcam festejos de S\u00e3o Jo\u00e3o no distrito de Juremal"},"content":{"rendered":"<p class=\"x_MsoNormal\" style=\"text-align: justify;\">F\u00e9, devo\u00e7\u00e3o e tamb\u00e9m muita alegria marcaram os festejos do S\u00e3o Jo\u00e3o no distrito de Juremal, neste s\u00e1bado (24). Os fi\u00e9is, comunidade e visitantes sa\u00edram em prociss\u00e3o encerrando o Noven\u00e1rio a S\u00e3o Jo\u00e3o Batista, padroeiro do distrito, e a noite lotaram a Avenida da Igreja durante o \u2018Festival Cultural S\u00e3o Jo\u00e3o de Juremal\u2019, realizado pela Prefeitura de Juazeiro, atrav\u00e9s da Secretaria de Cultura, Turismo e Esportes (Seculte), em parceria com o governo do estado, para prestigiar a apresenta\u00e7\u00e3o de quadrilhas campe\u00e3s do Concurso de Quadrilhas Juninas de Juazeiro e os shows musicais.<\/p>\n<p class=\"x_MsoNormal\" style=\"text-align: justify;\">Prociss\u00e3o a S\u00e3o Jo\u00e3o Batista<\/p>\n<p class=\"x_MsoNormal\" style=\"text-align: justify;\">A prociss\u00e3o saiu da Igreja de S\u00e3o Jo\u00e3o Batista e percorreu as ruas de Juremal. Devota do santo e filha da terra, a prefeita Suzana Ramos, acompanhou a prociss\u00e3o, como faz h\u00e1 anos, ao lado do andor. \u201cNasci e me criei em Juremal e sempre fui devota de S\u00e3o Jo\u00e3o Batista. Essa tradi\u00e7\u00e3o festiva, fomos n\u00f3s que criamos h\u00e1 mais de 30 anos, na \u00e9poca do meu saudoso Zor\u00f3. Passamos o ano todo aguardando com expectativa a chegada da festa que \u00e9 para a fam\u00edlia, que promove a nossa raiz cultural e que acaba movimentando a economia local\u201d, destacou a gestora.<\/p>\n<p class=\"x_MsoNormal\" style=\"text-align: justify;\">Estiveram presentes os secret\u00e1rios Luciano Lustosa, Allan Jones, Britoaldo e Fernanda Barros, a assessora especial, Normeide Almeida e o vereador Clesio. Ap\u00f3s a prociss\u00e3o, a missa encerrou os festejos ao santo, tradicional em Juremal.<\/p>\n<p class=\"x_MsoNormal\" style=\"text-align: justify;\">Festival Cultural S\u00e3o Jo\u00e3o de Juremal<\/p>\n<p class=\"x_MsoNormal\" style=\"text-align: justify;\">A noite do s\u00e1bado foi de muito brilho com a apresenta\u00e7\u00e3o das quadrilhas campe\u00e3s do Concurso de Quadrilhas Juninas da Prefeitura de Juazeiro. A junina Arrai\u00e1 da Matutada, vice-campe\u00e3 do Concurso, deu um show de beleza, ritmo e colorido no distrito de Juremal com o tema &#8220;A saga do nordestino&#8221;. A junina Majestade mostrou o talento que a fez levar ao primeiro lugar no concurso com o tema &#8221; A cria\u00e7\u00e3o do mundo&#8221;.<\/p>\n<p class=\"x_MsoNormal\" style=\"text-align: justify;\">Homenageado<\/p>\n<p class=\"x_MsoNormal\" style=\"text-align: justify;\">Este ano, o homenageado da festa \u00e9 o sanfoneiro e compositor, Ademir Jos\u00e9 dos Reis, conhecido como \u2018Seu Dema\u2019, uma personalidade da comunidade que levou o nome de Juremal a v\u00e1rios cantos do pa\u00eds com sua m\u00fasica e sua preocupa\u00e7\u00e3o com a cultura popular.<\/p>\n<p class=\"x_MsoNormal\" style=\"text-align: justify;\">Al\u00e9m da apresenta\u00e7\u00e3o das campe\u00e3s do Concurso de Quadrilhas Juninas, os shows musicais fizeram a anima\u00e7\u00e3o da noite com Edinho e Juju e J\u00f3 do Acordeon.<\/p>\n<p class=\"x_MsoNormal\" style=\"text-align: justify;\">E tem mais festa<\/p>\n<p class=\"x_MsoNormal\" style=\"text-align: justify;\">Neste domingo (25), \u00faltimo dia do festejo, encerram a programa\u00e7\u00e3o festiva os shows de Suzana Coelho e J\u00falio do Acordeon.<\/p>\n","protected":false},"excerpt":{"rendered":"<p>F\u00e9, devo\u00e7\u00e3o e tamb\u00e9m muita alegria marcaram os festejos do S\u00e3o Jo\u00e3o no distrito de Juremal, neste s\u00e1bado (24). Os fi\u00e9is, comunidade e visitantes sa\u00edram em prociss\u00e3o encerrando o Noven\u00e1rio a S\u00e3o Jo\u00e3o Batista, padroeiro do distrito, e a noite lotaram a Avenida da Igreja durante o \u2018Festival Cultural S\u00e3o Jo\u00e3o de Juremal\u2019, realizado pela [&hellip;]<\/p>\n","protected":false},"author":1,"featured_media":54125,"comment_status":"closed","ping_status":"open","sticky":false,"template":"","format":"standard","meta":{"_uag_custom_page_level_css":"","_monsterinsights_skip_tracking":false,"_monsterinsights_sitenote_active":false,"_monsterinsights_sitenote_note":"","_monsterinsights_sitenote_category":0,"jetpack_post_was_ever_published":false,"_jetpack_newsletter_access":"","_jetpack_dont_email_post_to_subs":false,"_jetpack_newsletter_tier_id":0,"_jetpack_memberships_contains_paywalled_content":false,"_jetpack_memberships_contains_paid_content":false,"footnotes":"","jetpack_publicize_message":"","jetpack_publicize_feature_enabled":true,"jetpack_social_post_already_shared":true,"jetpack_social_options":{"image_generator_settings":{"template":"highway","default_image_id":0,"font":"","enabled":false},"version":2}},"categories":[217],"tags":[],"class_list":["post-54113","post","type-post","status-publish","format-standard","has-post-thumbnail","hentry","category-juremal"],"jetpack_publicize_connections":[],"jetpack_featured_media_url":"https:\/\/blogopara.com.br\/wp-content\/uploads\/2023\/06\/MG_0278.jpg","uagb_featured_image_src":{"full":["https:\/\/blogopara.com.br\/wp-content\/uploads\/2023\/06\/MG_0278.jpg",500,375,false],"thumbnail":["https:\/\/blogopara.com.br\/wp-content\/uploads\/2023\/06\/MG_0278-150x150.jpg",150,150,true],"medium":["https:\/\/blogopara.com.br\/wp-content\/uploads\/2023\/06\/MG_0278-300x225.jpg",300,225,true],"medium_large":["https:\/\/blogopara.com.br\/wp-content\/uploads\/2023\/06\/MG_0278.jpg",500,375,false],"large":["https:\/\/blogopara.com.br\/wp-content\/uploads\/2023\/06\/MG_0278.jpg",500,375,false],"1536x1536":["https:\/\/blogopara.com.br\/wp-content\/uploads\/2023\/06\/MG_0278.jpg",500,375,false],"2048x2048":["https:\/\/blogopara.com.br\/wp-content\/uploads\/2023\/06\/MG_0278.jpg",500,375,false],"mantranews-slider-large":["https:\/\/blogopara.com.br\/wp-content\/uploads\/2023\/06\/MG_0278.jpg",500,375,false],"mantranews-featured-medium":["https:\/\/blogopara.com.br\/wp-content\/uploads\/2023\/06\/MG_0278-420x307.jpg",420,307,true],"mantranews-featured-long":["https:\/\/blogopara.com.br\/wp-content\/uploads\/2023\/06\/MG_0278-300x375.jpg",300,375,true],"mantranews-block-medium":["https:\/\/blogopara.com.br\/wp-content\/uploads\/2023\/06\/MG_0278-464x290.jpg",464,290,true],"mantranews-carousel-image":["https:\/\/blogopara.com.br\/wp-content\/uploads\/2023\/06\/MG_0278.jpg",500,375,false],"mantranews-block-thumb":["https:\/\/blogopara.com.br\/wp-content\/uploads\/2023\/06\/MG_0278-322x230.jpg",322,230,true],"mantranews-single-large":["https:\/\/blogopara.com.br\/wp-content\/uploads\/2023\/06\/MG_0278.jpg",500,375,false]},"uagb_author_info":{"display_name":"Reda\u00e7\u00e3o geral","author_link":"https:\/\/blogopara.com.br\/index.php\/author\/blogopara"},"uagb_comment_info":0,"uagb_excerpt":"F\u00e9, devo\u00e7\u00e3o e tamb\u00e9m muita alegria marcaram os festejos do S\u00e3o Jo\u00e3o no distrito de Juremal, neste s\u00e1bado (24). Os fi\u00e9is, comunidade e visitantes sa\u00edram em prociss\u00e3o encerrando o Noven\u00e1rio a S\u00e3o Jo\u00e3o Batista, padroeiro do distrito, e a noite lotaram a Avenida da Igreja durante o \u2018Festival Cultural S\u00e3o Jo\u00e3o de Juremal\u2019, realizado pela&hellip;","jetpack_sharing_enabled":true,"jetpack_likes_enabled":true,"_links":{"self":[{"href":"https:\/\/blogopara.com.br\/index.php\/wp-json\/wp\/v2\/posts\/54113","targetHints":{"allow":["GET"]}}],"collection":[{"href":"https:\/\/blogopara.com.br\/index.php\/wp-json\/wp\/v2\/posts"}],"about":[{"href":"https:\/\/blogopara.com.br\/index.php\/wp-json\/wp\/v2\/types\/post"}],"author":[{"embeddable":true,"href":"https:\/\/blogopara.com.br\/index.php\/wp-json\/wp\/v2\/users\/1"}],"replies":[{"embeddable":true,"href":"https:\/\/blogopara.com.br\/index.php\/wp-json\/wp\/v2\/comments?post=54113"}],"version-history":[{"count":1,"href":"https:\/\/blogopara.com.br\/index.php\/wp-json\/wp\/v2\/posts\/54113\/revisions"}],"predecessor-version":[{"id":54123,"href":"https:\/\/blogopara.com.br\/index.php\/wp-json\/wp\/v2\/posts\/54113\/revisions\/54123"}],"wp:featuredmedia":[{"embeddable":true,"href":"https:\/\/blogopara.com.br\/index.php\/wp-json\/wp\/v2\/media\/54125"}],"wp:attachment":[{"href":"https:\/\/blogopara.com.br\/index.php\/wp-json\/wp\/v2\/media?parent=54113"}],"wp:term":[{"taxonomy":"category","embeddable":true,"href":"https:\/\/blogopara.com.br\/index.php\/wp-json\/wp\/v2\/categories?post=54113"},{"taxonomy":"post_tag","embeddable":true,"href":"https:\/\/blogopara.com.br\/index.php\/wp-json\/wp\/v2\/tags?post=54113"}],"curies":[{"name":"wp","href":"https:\/\/api.w.org\/{rel}","templated":true}]}}